{"id":42809,"date":"2015-07-02T20:21:13","date_gmt":"2015-07-02T23:21:13","guid":{"rendered":"http:\/\/www.hoymercedes.com.ar\/principal\/?p=42809"},"modified":"2015-07-02T20:21:13","modified_gmt":"2015-07-02T23:21:13","slug":"ustarroz-presento-los-beneficios-de-los-402-lotes-destinados-a-pro-cre-ar-en-gowland","status":"publish","type":"post","link":"https:\/\/www.hoymercedes.com.ar\/principal\/2015\/07\/02\/ustarroz-presento-los-beneficios-de-los-402-lotes-destinados-a-pro-cre-ar-en-gowland\/","title":{"rendered":"Ustarroz present\u00f3 los beneficios de los 402 lotes destinados a PRO.CRE.AR en Gowland"},"content":{"rendered":"<p><a href=\"https:\/\/www.hoymercedes.com.ar\/principal\/wp-content\/uploads\/2015\/07\/ustarroz-gowland.jpg\"><img loading=\"lazy\" decoding=\"async\" data-attachment-id=\"42810\" data-permalink=\"https:\/\/www.hoymercedes.com.ar\/principal\/2015\/07\/02\/ustarroz-presento-los-beneficios-de-los-402-lotes-destinados-a-pro-cre-ar-en-gowland\/ustarroz-gowland\/#main\" data-orig-file=\"https:\/\/www.hoymercedes.com.ar\/principal\/wp-content\/uploads\/2015\/07\/ustarroz-gowland.jpg\" data-orig-size=\"620,412\" data-comments-opened=\"1\" data-image-meta=\"{&quot;aperture&quot;:&quot;0&quot;,&quot;credit&quot;:&quot;Moreira Mario Hugo&quot;,&quot;camera&quot;:&quot;&quot;,&quot;caption&quot;:&quot;&quot;,&quot;created_timestamp&quot;:&quot;0&quot;,&quot;copyright&quot;:&quot;Moreira Mario Hugo&quot;,&quot;focal_length&quot;:&quot;0&quot;,&quot;iso&quot;:&quot;0&quot;,&quot;shutter_speed&quot;:&quot;0&quot;,&quot;title&quot;:&quot;&quot;,&quot;orientation&quot;:&quot;0&quot;}\" data-image-title=\"ustarroz-gowland\" data-image-description=\"\" data-image-caption=\"\" data-large-file=\"https:\/\/www.hoymercedes.com.ar\/principal\/wp-content\/uploads\/2015\/07\/ustarroz-gowland.jpg\" class=\"Img2014 aligncenter wp-image-42810 size-full\" src=\"https:\/\/www.hoymercedes.com.ar\/principal\/wp-content\/uploads\/2015\/07\/ustarroz-gowland.jpg\" alt=\"ustarroz-gowland\" width=\"620\" height=\"412\" srcset=\"https:\/\/www.hoymercedes.com.ar\/principal\/wp-content\/uploads\/2015\/07\/ustarroz-gowland.jpg 620w, https:\/\/www.hoymercedes.com.ar\/principal\/wp-content\/uploads\/2015\/07\/ustarroz-gowland-150x100.jpg 150w, https:\/\/www.hoymercedes.com.ar\/principal\/wp-content\/uploads\/2015\/07\/ustarroz-gowland-290x193.jpg 290w, https:\/\/www.hoymercedes.com.ar\/principal\/wp-content\/uploads\/2015\/07\/ustarroz-gowland-50x33.jpg 50w\" sizes=\"auto, (max-width: 620px) 100vw, 620px\" \/><\/a><\/p>\n<p><em><strong>El presidente del bloque de concejales del Frente Mercedino para la Victoria y gerente regional de la ANSES, Juan Ignacio Ustarroz, se reuni\u00f3 ayer con los vecinos de Gowland en la Cooperativa de electricidad Julio Levin con el fin de dar a conocer los detalles sobre el plan de 402 lotes destinados a viviendas PRO.CRE.AR.<\/strong><\/em><\/p>\n<p>Recordemos que hace pocas semanas la Presidenta de la Naci\u00f3n, Cristina Fern\u00e1ndez de Kirchner, firm\u00f3 un acuerdo por 1238 terrenos que la provincia de Buenos Aires cede a PRO.CRE.AR. para la generaci\u00f3n de lotes con servicios para la construcci\u00f3n de futuras viviendas.<\/p>\n<p>\u201cEstos 402 lotes est\u00e1n destinados para las personas que ya salieron sorteadas en el programa. Este proyecto va a beneficiar, por otro lado, a los que trabajan en construcci\u00f3n, alba\u00f1iles, plomeros, gasistas, electricistas. Hablamos de una inversi\u00f3n de 50 millones de pesos en infraestructura y m\u00e1s 200 millones para levantar cada una de las casas. Esto es jerarquizar a Gowland, es traer m\u00e1s recursos y mejor infraestructura para esta zona\u201d, cont\u00f3 Juani a los vecinos.<\/p>\n<p>Por otro lado, expuso las ventajas que el plan tiene para cada persona en particular y se\u00f1al\u00f3 que es de p\u00fablico conocimiento que el trabajador no est\u00e1 en condiciones de pagar un alquiler y a su vez solventar la cuota del cr\u00e9dito. Es por esta raz\u00f3n que la Presidenta dio un plazo de un a\u00f1o para que desde que se da el primer desembolso a la gente y empieza a construir, pueda finalizar su vivienda. El \u00fanico requisito que PRO.CRE.AR. exige es que la vivienda avance.<\/p>\n<p>\u201cLa tasa de inter\u00e9s es muy baja, del 2 al 16 %. Esto representa para la gente la posibilidad de pagar una vivienda en 20 o 30 a\u00f1os, tasa fija, en pesos. Se van a afectar con PRO.CRE.AR 19,4 hect\u00e1reas, sobre un total de 92 hect\u00e1reas que tiene el predio. Este proyecto no es incompatible con nada, al contrario, lo que hace es optimizar los recursos que existen\u201d, agreg\u00f3 Juani.<\/p>\n<p>El proyecto de ordenanza, que cuenta con cuatro art\u00edculos,\u00a0 ya fue presentado. El consejo deliberante solo debe estudiar estos terrenos y pasarlos de uso rural a uso urbano. Desde el oficialismo todav\u00eda no se ha obtenido una respuesta positiva, solo se alega que hace falta estudiar el proyecto un poco m\u00e1s.<\/p>\n","protected":false},"excerpt":{"rendered":"<p>El presidente del bloque de concejales del Frente Mercedino para la Victoria y gerente regional de la ANSES, Juan Ignacio &#8230; <a title=\"Ustarroz present\u00f3 los beneficios de los 402 lotes destinados a PRO.CRE.AR en Gowland\" class=\"read-more\" href=\"https:\/\/www.hoymercedes.com.ar\/principal\/2015\/07\/02\/ustarroz-presento-los-beneficios-de-los-402-lotes-destinados-a-pro-cre-ar-en-gowland\/\" aria-label=\"Leer m\u00e1s sobre Ustarroz present\u00f3 los beneficios de los 402 lotes destinados a PRO.CRE.AR en Gowland\">Leer m\u00e1s<\/a><\/p>\n","protected":false},"author":1,"featured_media":42810,"comment_status":"open","ping_status":"open","sticky":false,"template":"","format":"standard","meta":{"_monsterinsights_skip_tracking":false,"_monsterinsights_sitenote_active":false,"_monsterinsights_sitenote_note":"","_monsterinsights_sitenote_category":0,"jetpack_post_was_ever_published":false,"_jetpack_newsletter_access":"","_jetpack_dont_email_post_to_subs":false,"_jetpack_newsletter_tier_id":0,"_jetpack_memberships_contains_paywalled_content":false,"_jetpack_memberships_contains_paid_content":false,"footnotes":"","jetpack_publicize_message":"","jetpack_publicize_feature_enabled":true,"jetpack_social_post_already_shared":true,"jetpack_social_options":{"image_generator_settings":{"template":"highway","default_image_id":0,"font":"","enabled":false},"version":2},"_wpas_customize_per_network":false},"categories":[5],"tags":[585],"class_list":["post-42809","post","type-post","status-publish","format-standard","has-post-thumbnail","hentry","category-politica","tag-juan-ustarroz","generate-columns","tablet-grid-50","mobile-grid-100","grid-parent","grid-50"],"jetpack_publicize_connections":[],"jetpack_featured_media_url":"https:\/\/www.hoymercedes.com.ar\/principal\/wp-content\/uploads\/2015\/07\/ustarroz-gowland.jpg","wps_subtitle":"Beneficio social","jetpack_sharing_enabled":true,"jetpack-related-posts":[{"id":42461,"url":"https:\/\/www.hoymercedes.com.ar\/principal\/2015\/06\/17\/ustarroz-presento-un-proyecto-de-urbanizacion-para-los-402-lotes-cedidos-al-procrear\/","url_meta":{"origin":42809,"position":0},"title":"Ustarroz present\u00f3 un proyecto de urbanizaci\u00f3n para los 402 lotes cedidos al PROCREAR","author":"hoymercedes","date":"17 junio, 2015","format":false,"excerpt":"El presidente del bloque de concejales del Frente Mercedino para la Victoria y gerente regional de la ANSES, Dr. Juan Ignacio Ustarroz, present\u00f3 hoy un proyecto de urbanizaci\u00f3n para los 402 lotes con servicios que, ubicados en Gowland, fueron cedidos por la Provincia de Buenos Aires para la construcci\u00f3n de\u2026","rel":"","context":"En \u00abPol\u00edtica\u00bb","block_context":{"text":"Pol\u00edtica","link":"https:\/\/www.hoymercedes.com.ar\/principal\/category\/politica\/"},"img":{"alt_text":"","src":"https:\/\/i0.wp.com\/www.hoymercedes.com.ar\/principal\/wp-content\/uploads\/2015\/06\/ProCerAr.Ustarroz.jpg?resize=350%2C200&ssl=1","width":350,"height":200,"srcset":"https:\/\/i0.wp.com\/www.hoymercedes.com.ar\/principal\/wp-content\/uploads\/2015\/06\/ProCerAr.Ustarroz.jpg?resize=350%2C200&ssl=1 1x, https:\/\/i0.wp.com\/www.hoymercedes.com.ar\/principal\/wp-content\/uploads\/2015\/06\/ProCerAr.Ustarroz.jpg?resize=525%2C300&ssl=1 1.5x"},"classes":[]},{"id":138004,"url":"https:\/\/www.hoymercedes.com.ar\/principal\/2021\/09\/28\/entregan-lotes-de-mi-terreno-planes-procrear-y-planos-de-vivienda-bonaerense\/","url_meta":{"origin":42809,"position":1},"title":"Entregan lotes de Mi Terreno, planes ProCreAr y planos de Vivienda Bonaerense","author":"hoymercedes","date":"28 septiembre, 2021","format":false,"excerpt":"El intendente Ustarroz encabez\u00f3 la entrega de lotes de familias beneficiadas a trav\u00e9s del programa \u201cMI Terreno\u201d. Adem\u00e1s, desde Vivienda, planos para casas desde el plan \u201cVivienda bonaerense \u201cSolidaridad 2\u201d, otros nueve cr\u00e9ditos del programa nacional Procrear y \u201cCasa Propia\u201d.\u00a0 \"Algunos de estos programas fueron gestionados con el Estado Nacional\u2026","rel":"","context":"En \u00abMunicipio\u00bb","block_context":{"text":"Municipio","link":"https:\/\/www.hoymercedes.com.ar\/principal\/category\/municipio\/"},"img":{"alt_text":"","src":"https:\/\/i0.wp.com\/www.hoymercedes.com.ar\/principal\/wp-content\/uploads\/2021\/09\/DSC02913.jpg?resize=350%2C200&ssl=1","width":350,"height":200,"srcset":"https:\/\/i0.wp.com\/www.hoymercedes.com.ar\/principal\/wp-content\/uploads\/2021\/09\/DSC02913.jpg?resize=350%2C200&ssl=1 1x, https:\/\/i0.wp.com\/www.hoymercedes.com.ar\/principal\/wp-content\/uploads\/2021\/09\/DSC02913.jpg?resize=525%2C300&ssl=1 1.5x, https:\/\/i0.wp.com\/www.hoymercedes.com.ar\/principal\/wp-content\/uploads\/2021\/09\/DSC02913.jpg?resize=700%2C400&ssl=1 2x"},"classes":[]},{"id":155768,"url":"https:\/\/www.hoymercedes.com.ar\/principal\/2022\/11\/24\/regularizaran-las-escrituras-de-40-viviendas\/","url_meta":{"origin":42809,"position":2},"title":"Regularizar\u00e1n las escrituras de 40 viviendas","author":"hoymercedes","date":"24 noviembre, 2022","format":false,"excerpt":"Desde el Municipio de Mercedes informaron que junto al Instituto Provincial de la Vivienda har\u00e1n un relevamiento de viviendas que le permitir\u00e1 a los vecinos inscriptos conseguir las escrituras de sus lotes. A trav\u00e9s de la Gerencia Escritural y Social, se busca la regularizaci\u00f3n de 40 viviendas.","rel":"","context":"En \u00abSociedad\u00bb","block_context":{"text":"Sociedad","link":"https:\/\/www.hoymercedes.com.ar\/principal\/category\/sociedad\/"},"img":{"alt_text":"","src":"https:\/\/i0.wp.com\/www.hoymercedes.com.ar\/principal\/wp-content\/uploads\/2022\/11\/muni4.jpeg?resize=350%2C200&ssl=1","width":350,"height":200,"srcset":"https:\/\/i0.wp.com\/www.hoymercedes.com.ar\/principal\/wp-content\/uploads\/2022\/11\/muni4.jpeg?resize=350%2C200&ssl=1 1x, https:\/\/i0.wp.com\/www.hoymercedes.com.ar\/principal\/wp-content\/uploads\/2022\/11\/muni4.jpeg?resize=525%2C300&ssl=1 1.5x, https:\/\/i0.wp.com\/www.hoymercedes.com.ar\/principal\/wp-content\/uploads\/2022\/11\/muni4.jpeg?resize=700%2C400&ssl=1 2x"},"classes":[]},{"id":20860,"url":"https:\/\/www.hoymercedes.com.ar\/principal\/2013\/03\/22\/ustarroz-estuvo-en-casa-rosada-por-plan-pro-cre-ar\/","url_meta":{"origin":42809,"position":3},"title":"Ustarr\u00f3z estuvo en Casa Rosada por plan Pro.Cre.Ar","author":"hoymercedes","date":"22 marzo, 2013","format":false,"excerpt":"El sue\u00f1o de la casa propia a trav\u00e9s del Plan Pro.Cre.Ar est\u00e1 m\u00e1s cerca de los vecinos de Mercedes: el principal referente del Frente Mercedino para la Victoria y gerente regional de la ANSES, Juan Ignacio Ustarroz, fue invitado ayer al acto en el que la presidenta Cristina Fern\u00e1ndez de\u2026","rel":"","context":"En \u00abPol\u00edtica\u00bb","block_context":{"text":"Pol\u00edtica","link":"https:\/\/www.hoymercedes.com.ar\/principal\/category\/politica\/"},"img":{"alt_text":"","src":"","width":0,"height":0},"classes":[]},{"id":124654,"url":"https:\/\/www.hoymercedes.com.ar\/principal\/2021\/02\/11\/ustarroz-firma-convenio-por-el-plan-nacional-de-suelo-urbano-generando-174-lotes-para-mi-terreno\/","url_meta":{"origin":42809,"position":4},"title":"Ustarroz firma convenio por el \u00abPlan Nacional de Suelo Urbano\u00bb generando 174 lotes para \u201cMi Terreno\u201d","author":"hoymercedes","date":"11 febrero, 2021","format":false,"excerpt":"Por Prensa Municipal - El intendente Juan I. Ustarroz recibi\u00f3 al Secretario de Desarrollo Territorial del Ministerio De Desarrollo Territorial y H\u00e1bitat de Naci\u00f3n, Luciano Scatolini, para la firma de ejecuci\u00f3n de una nueva obra en el marco del\u00a0\"Plan Nacional de Suelo Urbano\". Permitir\u00e1 poner en condiciones 174 lotes para\u2026","rel":"","context":"En \u00abMunicipio\u00bb","block_context":{"text":"Municipio","link":"https:\/\/www.hoymercedes.com.ar\/principal\/category\/municipio\/"},"img":{"alt_text":"","src":"https:\/\/i0.wp.com\/www.hoymercedes.com.ar\/principal\/wp-content\/uploads\/2021\/02\/photo_2021-02-11_13-39-30.jpg?resize=350%2C200&ssl=1","width":350,"height":200,"srcset":"https:\/\/i0.wp.com\/www.hoymercedes.com.ar\/principal\/wp-content\/uploads\/2021\/02\/photo_2021-02-11_13-39-30.jpg?resize=350%2C200&ssl=1 1x, https:\/\/i0.wp.com\/www.hoymercedes.com.ar\/principal\/wp-content\/uploads\/2021\/02\/photo_2021-02-11_13-39-30.jpg?resize=525%2C300&ssl=1 1.5x, https:\/\/i0.wp.com\/www.hoymercedes.com.ar\/principal\/wp-content\/uploads\/2021\/02\/photo_2021-02-11_13-39-30.jpg?resize=700%2C400&ssl=1 2x"},"classes":[]},{"id":142341,"url":"https:\/\/www.hoymercedes.com.ar\/principal\/2022\/01\/05\/ustarroz-firma-convenio-para-urbanizar-151-lotes-con-millonaria-inversion-de-nacion\/","url_meta":{"origin":42809,"position":5},"title":"Ustarroz firma convenio para urbanizar 151 lotes con millonaria inversi\u00f3n de Naci\u00f3n","author":"hoymercedes","date":"5 enero, 2022","format":false,"excerpt":"Ustarroz firm\u00f3 convenio para realizar obras de infraestructura en 151 lotes que luego ser\u00e1n parte de programas de viviendas. La r\u00fabrica estuvo a cargo de la secretaria de Integraci\u00f3n Socio Urbana, Fernanda Mi\u00f1o y el intendente de Mercedes, Juan Ustarroz. El acuerdo establece cuatro parcelas de usos comunitarios y p\u00fablicos,\u2026","rel":"","context":"En \u00abSociedad\u00bb","block_context":{"text":"Sociedad","link":"https:\/\/www.hoymercedes.com.ar\/principal\/category\/sociedad\/"},"img":{"alt_text":"","src":"https:\/\/i0.wp.com\/www.hoymercedes.com.ar\/principal\/wp-content\/uploads\/2022\/01\/Ustarroz-Mino.jpg?resize=350%2C200&ssl=1","width":350,"height":200,"srcset":"https:\/\/i0.wp.com\/www.hoymercedes.com.ar\/principal\/wp-content\/uploads\/2022\/01\/Ustarroz-Mino.jpg?resize=350%2C200&ssl=1 1x, https:\/\/i0.wp.com\/www.hoymercedes.com.ar\/principal\/wp-content\/uploads\/2022\/01\/Ustarroz-Mino.jpg?resize=525%2C300&ssl=1 1.5x, https:\/\/i0.wp.com\/www.hoymercedes.com.ar\/principal\/wp-content\/uploads\/2022\/01\/Ustarroz-Mino.jpg?resize=700%2C400&ssl=1 2x"},"classes":[]}],"_links":{"self":[{"href":"https:\/\/www.hoymercedes.com.ar\/principal\/wp-json\/wp\/v2\/posts\/42809","targetHints":{"allow":["GET"]}}],"collection":[{"href":"https:\/\/www.hoymercedes.com.ar\/principal\/wp-json\/wp\/v2\/posts"}],"about":[{"href":"https:\/\/www.hoymercedes.com.ar\/principal\/wp-json\/wp\/v2\/types\/post"}],"author":[{"embeddable":true,"href":"https:\/\/www.hoymercedes.com.ar\/principal\/wp-json\/wp\/v2\/users\/1"}],"replies":[{"embeddable":true,"href":"https:\/\/www.hoymercedes.com.ar\/principal\/wp-json\/wp\/v2\/comments?post=42809"}],"version-history":[{"count":0,"href":"https:\/\/www.hoymercedes.com.ar\/principal\/wp-json\/wp\/v2\/posts\/42809\/revisions"}],"wp:featuredmedia":[{"embeddable":true,"href":"https:\/\/www.hoymercedes.com.ar\/principal\/wp-json\/wp\/v2\/media\/42810"}],"wp:attachment":[{"href":"https:\/\/www.hoymercedes.com.ar\/principal\/wp-json\/wp\/v2\/media?parent=42809"}],"wp:term":[{"taxonomy":"category","embeddable":true,"href":"https:\/\/www.hoymercedes.com.ar\/principal\/wp-json\/wp\/v2\/categories?post=42809"},{"taxonomy":"post_tag","embeddable":true,"href":"https:\/\/www.hoymercedes.com.ar\/principal\/wp-json\/wp\/v2\/tags?post=42809"}],"curies":[{"name":"wp","href":"https:\/\/api.w.org\/{rel}","templated":true}]}}