{"id":42869,"date":"2015-07-04T15:44:06","date_gmt":"2015-07-04T18:44:06","guid":{"rendered":"http:\/\/www.hoymercedes.com.ar\/principal\/?p=42869"},"modified":"2015-07-04T17:08:34","modified_gmt":"2015-07-04T20:08:34","slug":"lucas-falla-ultima-gota-no-es-la-que-rebalso-el-vaso-sobre-cierra-de-m-o-m","status":"publish","type":"post","link":"https:\/\/www.hoymercedes.com.ar\/principal\/2015\/07\/04\/lucas-falla-ultima-gota-no-es-la-que-rebalso-el-vaso-sobre-cierra-de-m-o-m\/","title":{"rendered":"Lucas Fal:\u201dLa \u00faltima gota no es la que rebals\u00f3 el vaso\u201d, sobre cierra de M.O.M"},"content":{"rendered":"<p><a href=\"https:\/\/www.hoymercedes.com.ar\/principal\/wp-content\/uploads\/2015\/07\/lucasfal.jpg\"><img loading=\"lazy\" decoding=\"async\" data-attachment-id=\"42870\" data-permalink=\"https:\/\/www.hoymercedes.com.ar\/principal\/2015\/07\/04\/lucas-falla-ultima-gota-no-es-la-que-rebalso-el-vaso-sobre-cierra-de-m-o-m\/lucasfal-3\/#main\" data-orig-file=\"https:\/\/www.hoymercedes.com.ar\/principal\/wp-content\/uploads\/2015\/07\/lucasfal.jpg\" data-orig-size=\"620,464\" data-comments-opened=\"1\" data-image-meta=\"{&quot;aperture&quot;:&quot;0&quot;,&quot;credit&quot;:&quot;&quot;,&quot;camera&quot;:&quot;&quot;,&quot;caption&quot;:&quot;&quot;,&quot;created_timestamp&quot;:&quot;0&quot;,&quot;copyright&quot;:&quot;&quot;,&quot;focal_length&quot;:&quot;0&quot;,&quot;iso&quot;:&quot;0&quot;,&quot;shutter_speed&quot;:&quot;0&quot;,&quot;title&quot;:&quot;&quot;,&quot;orientation&quot;:&quot;0&quot;}\" data-image-title=\"lucasfal\" data-image-description=\"\" data-image-caption=\"\" data-large-file=\"https:\/\/www.hoymercedes.com.ar\/principal\/wp-content\/uploads\/2015\/07\/lucasfal.jpg\" class=\"Img2014 aligncenter wp-image-42870 size-full\" src=\"https:\/\/www.hoymercedes.com.ar\/principal\/wp-content\/uploads\/2015\/07\/lucasfal.jpg\" alt=\"lucasfal\" width=\"620\" height=\"464\" srcset=\"https:\/\/www.hoymercedes.com.ar\/principal\/wp-content\/uploads\/2015\/07\/lucasfal.jpg 620w, https:\/\/www.hoymercedes.com.ar\/principal\/wp-content\/uploads\/2015\/07\/lucasfal-150x112.jpg 150w, https:\/\/www.hoymercedes.com.ar\/principal\/wp-content\/uploads\/2015\/07\/lucasfal-290x217.jpg 290w, https:\/\/www.hoymercedes.com.ar\/principal\/wp-content\/uploads\/2015\/07\/lucasfal-50x37.jpg 50w\" sizes=\"auto, (max-width: 620px) 100vw, 620px\" \/><\/a><\/p>\n<p><em><strong>El candidato a Intendente se refiri\u00f3 al cierre de la empresa de colectivos local. \u201cahora hay conjeturas, pero la verdad es que choferes y administrativos est\u00e1n sin trabajo y miles de Mercedinos est\u00e1n sin transporte p\u00fablico\u201d dijo el Bio Ingeniero Fal.<\/strong><\/em><br \/>\nLuego de lo que sucediera en estas \u00faltimos d\u00edas con relaci\u00f3n al cierre de la empresa de micros locales, Lucas Fal dejo algunas expresiones de como el ve el tema, en primer lugar fue enf\u00e1tico y manifest\u00f3: \u201cesta \u00faltima gota no fue la que rebals\u00f3 el vaso y sucedi\u00f3 lo que todos escuch\u00e1bamos, preve\u00edamos. Mercedes se ha quedado sin transporte p\u00fablico, podemos entrar ahora un conjunto de valoraciones y conjeturas: Le empresa, el municipio, el gobierno nacional, los subsidios. La verdad es que choferes y administrativos est\u00e1n sin trabajo y miles de Mercedinos est\u00e1n sin transporte p\u00fablico\u201d dijo.<\/p>\n<p>Luego prosigui\u00f3 explicando que \u201chace ya un tiempo, algunos a\u00f1os, venimos insistiendo que hay que tomar acciones sobre el tr\u00e1nsito en la ciudad: Una de esas acciones, era sin dudas, analizar la sustentabilidad del transporte p\u00fablico en Mercedes. Ya que de no ser sustentable, pod\u00eda suceder lo que sucedi\u00f3: Un d\u00eda nos quedamos sin transporte p\u00fablico. La sustentabilidad no se resume en si una empresa privada gana o no gana dinero, sino, desde una perspectiva de gobierno municipal, sobre cu\u00e1l es la inversi\u00f3n necesaria para que los vecinos tengan un sistema p\u00fablico de transporte \u00fatil\u201d concluyo el aspirante a ser jefe comunal.<br \/>\nIdeas de gobierno, para el tr\u00e1nsito.<\/p>\n<p>Por otra parte Lucas; hizo menci\u00f3n a que dentro de las ideas de gobierno que presentara hace ya un mes, en una conferencia de prensa en el Hotel Mercedes, (y que previamente Fal envi\u00f3 al resto de los candidatos a ocupar el lugar de Carlos Selva); \u201cdentro de nuestras Ideas de Gobierno, el proyecto de Transporte Escolar Gratuito Municipal: Esto le garantiza a un centenar de chicos, llegar a la escuela. Estamos trabajando sobre esto. Poder pensar, dise\u00f1ar y poner en marcha un sistema p\u00fablico de transporte no es tarea f\u00e1cil, pero tengo la certeza que nunca se ha hecho. Nadie se ha ocupado de este tema como un tema central en la vida cotidiana de la ciudad. Ahora, por supuesto, hay que afrontar la contingencia y el municipio tiene que tomar acciones urgente, pero atenci\u00f3n: tienen que se transitorias. No podemos comprometer en la urgencia el sistema de transporte por m\u00e1s de un pu\u00f1ados de meses.<br \/>\nPretendemos asumir la intendencia el 10 de diciembre, con el compromiso de dejar en la ciudad, despu\u00e9s de cuatro a\u00f1os un sistema p\u00fablico de transporte que le solucione los problemas a los vecinos. Vamos a hacerlo\u201d concluyo Lucas Fal.<\/p>\n","protected":false},"excerpt":{"rendered":"<p>El candidato a Intendente se refiri\u00f3 al cierre de la empresa de colectivos local. \u201cahora hay conjeturas, pero la verdad &#8230; <a title=\"Lucas Fal:\u201dLa \u00faltima gota no es la que rebals\u00f3 el vaso\u201d, sobre cierra de M.O.M\" class=\"read-more\" href=\"https:\/\/www.hoymercedes.com.ar\/principal\/2015\/07\/04\/lucas-falla-ultima-gota-no-es-la-que-rebalso-el-vaso-sobre-cierra-de-m-o-m\/\" aria-label=\"Leer m\u00e1s sobre Lucas Fal:\u201dLa \u00faltima gota no es la que rebals\u00f3 el vaso\u201d, sobre cierra de M.O.M\">Leer m\u00e1s<\/a><\/p>\n","protected":false},"author":1,"featured_media":42870,"comment_status":"open","ping_status":"open","sticky":false,"template":"","format":"standard","meta":{"_monsterinsights_skip_tracking":false,"_monsterinsights_sitenote_active":false,"_monsterinsights_sitenote_note":"","_monsterinsights_sitenote_category":0,"jetpack_post_was_ever_published":false,"_jetpack_newsletter_access":"","_jetpack_dont_email_post_to_subs":false,"_jetpack_newsletter_tier_id":0,"_jetpack_memberships_contains_paywalled_content":false,"_jetpack_memberships_contains_paid_content":false,"footnotes":"","jetpack_publicize_message":"","jetpack_publicize_feature_enabled":true,"jetpack_social_post_already_shared":true,"jetpack_social_options":{"image_generator_settings":{"template":"highway","default_image_id":0,"font":"","enabled":false},"version":2},"_wpas_customize_per_network":false},"categories":[5],"tags":[7544,7511,7545,2008],"class_list":["post-42869","post","type-post","status-publish","format-standard","has-post-thumbnail","hentry","category-politica","tag-candidato-cambiemos","tag-cierre-micro-omnibus-mercedes","tag-fal-ucr","tag-lucas-fal","generate-columns","tablet-grid-50","mobile-grid-100","grid-parent","grid-50"],"jetpack_publicize_connections":[],"jetpack_featured_media_url":"https:\/\/www.hoymercedes.com.ar\/principal\/wp-content\/uploads\/2015\/07\/lucasfal.jpg","wps_subtitle":"Opini\u00f3n de candidato","jetpack_sharing_enabled":true,"jetpack-related-posts":[{"id":128866,"url":"https:\/\/www.hoymercedes.com.ar\/principal\/2021\/04\/25\/el-centro-de-ingenieros-recuerda-a-lucas-fal\/","url_meta":{"origin":42869,"position":0},"title":"El Centro de Ingenieros recuerda a Lucas Fal","author":"hoymercedes","date":"25 abril, 2021","format":false,"excerpt":"El venidero 29 de abril se cumplen cinco a\u00f1os del fallecimiento del Ingeniero Lucas Fal. Desde el Centro de Ingenieros de Mercedes hicieron p\u00fablico un recuerdo que resalta \"el amor a la familia\", su \"capacidad profesional\" y su \"enorme vocaci\u00f3n de servicio\". Cabe recordar que Lucas Fal falleci\u00f3 en abril\u2026","rel":"","context":"En \u00abSociedad\u00bb","block_context":{"text":"Sociedad","link":"https:\/\/www.hoymercedes.com.ar\/principal\/category\/sociedad\/"},"img":{"alt_text":"","src":"https:\/\/i0.wp.com\/www.hoymercedes.com.ar\/principal\/wp-content\/uploads\/2016\/04\/LucasFal.jpg?resize=350%2C200&ssl=1","width":350,"height":200,"srcset":"https:\/\/i0.wp.com\/www.hoymercedes.com.ar\/principal\/wp-content\/uploads\/2016\/04\/LucasFal.jpg?resize=350%2C200&ssl=1 1x, https:\/\/i0.wp.com\/www.hoymercedes.com.ar\/principal\/wp-content\/uploads\/2016\/04\/LucasFal.jpg?resize=525%2C300&ssl=1 1.5x"},"classes":[]},{"id":109998,"url":"https:\/\/www.hoymercedes.com.ar\/principal\/2020\/04\/29\/ingenieros-recuerdan-a-lucas-fal\/","url_meta":{"origin":42869,"position":1},"title":"Ingenieros recuerdan a Lucas Fal","author":"hoymercedes","date":"29 abril, 2020","format":false,"excerpt":"El Centro de Ingenieros de Mercedes recuerda al Bioingeniero Lucas Fal, fallecido hace cuatro a\u00f1os, meses despu\u00e9s de haber sido candidato a Intendente de la ciudad. Compartimos el recuerdo: Ingeniero Lucas FALEl Centro de Ingenieros de Mercedes ha fijado en su memoria, los d\u00edas 29 de abril, como una fecha\u00a0\u2026","rel":"","context":"En \u00abSociedad\u00bb","block_context":{"text":"Sociedad","link":"https:\/\/www.hoymercedes.com.ar\/principal\/category\/sociedad\/"},"img":{"alt_text":"","src":"https:\/\/i0.wp.com\/www.hoymercedes.com.ar\/principal\/wp-content\/uploads\/2015\/10\/LucasFal-Cambiemos.jpg?resize=350%2C200&ssl=1","width":350,"height":200,"srcset":"https:\/\/i0.wp.com\/www.hoymercedes.com.ar\/principal\/wp-content\/uploads\/2015\/10\/LucasFal-Cambiemos.jpg?resize=350%2C200&ssl=1 1x, https:\/\/i0.wp.com\/www.hoymercedes.com.ar\/principal\/wp-content\/uploads\/2015\/10\/LucasFal-Cambiemos.jpg?resize=525%2C300&ssl=1 1.5x"},"classes":[]},{"id":45370,"url":"https:\/\/www.hoymercedes.com.ar\/principal\/2015\/10\/17\/lucas-fal-cerro-su-campana-ante-una-multitud-en-el-club-quilmes\/","url_meta":{"origin":42869,"position":2},"title":"Lucas Fal cerr\u00f3 su campa\u00f1a ante una multitud en el Club Quilmes","author":"hoymercedes","date":"17 octubre, 2015","format":false,"excerpt":"El viernes por la noche en el Club Quilmes el candidato del Frente Cambiemos, Lucas Fal, cerr\u00f3 su campa\u00f1a a intendente bajo un marco de p\u00fablico destacable que logr\u00f3 reunir a distintos sectores del espacio en el que se emergi\u00f3 tras ganar la interna de las \u00faltimas PASO. Juventud, globos,\u2026","rel":"","context":"En \u00abPol\u00edtica\u00bb","block_context":{"text":"Pol\u00edtica","link":"https:\/\/www.hoymercedes.com.ar\/principal\/category\/politica\/"},"img":{"alt_text":"","src":"https:\/\/i0.wp.com\/www.hoymercedes.com.ar\/principal\/wp-content\/uploads\/2015\/10\/fal-cierredecampa%C3%B1a-2015-1.jpg?resize=350%2C200&ssl=1","width":350,"height":200,"srcset":"https:\/\/i0.wp.com\/www.hoymercedes.com.ar\/principal\/wp-content\/uploads\/2015\/10\/fal-cierredecampa%C3%B1a-2015-1.jpg?resize=350%2C200&ssl=1 1x, https:\/\/i0.wp.com\/www.hoymercedes.com.ar\/principal\/wp-content\/uploads\/2015\/10\/fal-cierredecampa%C3%B1a-2015-1.jpg?resize=525%2C300&ssl=1 1.5x"},"classes":[]},{"id":45668,"url":"https:\/\/www.hoymercedes.com.ar\/principal\/2015\/10\/29\/lucas-fal-no-vamos-a-crear-un-municipio-paralelo\/","url_meta":{"origin":42869,"position":3},"title":"Lucas Fal: \u00abno vamos a crear un municipio paralelo\u00bb","author":"hoymercedes","date":"29 octubre, 2015","format":false,"excerpt":"El ex candidato a intendente por el Frente Cambiemo, Lucas Fal, brind\u00f3 una conferencia de prensa junto a los concejales electos Albini,\u00a0 Repetto,\u00a0Killmeate y\u00a0Aida \u201cPetty\u201d Laporta y la consejera electa\u00a0Ana Darritchon a los que se sumaron quienes pasar\u00e1n a conformar un bloque desde el 2016 en Cambiemos Ben\u00edtez y Badano.\u2026","rel":"","context":"En \u00abPol\u00edtica\u00bb","block_context":{"text":"Pol\u00edtica","link":"https:\/\/www.hoymercedes.com.ar\/principal\/category\/politica\/"},"img":{"alt_text":"","src":"https:\/\/i0.wp.com\/www.hoymercedes.com.ar\/principal\/wp-content\/uploads\/2015\/10\/LucasFal.jpg?resize=350%2C200&ssl=1","width":350,"height":200,"srcset":"https:\/\/i0.wp.com\/www.hoymercedes.com.ar\/principal\/wp-content\/uploads\/2015\/10\/LucasFal.jpg?resize=350%2C200&ssl=1 1x, https:\/\/i0.wp.com\/www.hoymercedes.com.ar\/principal\/wp-content\/uploads\/2015\/10\/LucasFal.jpg?resize=525%2C300&ssl=1 1.5x"},"classes":[]},{"id":149697,"url":"https:\/\/www.hoymercedes.com.ar\/principal\/2022\/06\/22\/proponen-que-el-paseo-de-la-juventud-lleve-el-nombre-de-lucas-fal\/","url_meta":{"origin":42869,"position":4},"title":"Proponen que el Paseo de la Juventud lleve el nombre de Lucas Fal","author":"hoymercedes","date":"22 junio, 2022","format":false,"excerpt":"En un proyecto de ordenanza presentado por el bloque Juntos ante el cuerpo del Concejo Deliberante de Mercedes para ser tratado en las pr\u00f3ximas sesiones, los concejales proponen que la calle 8 entre las calles 29 y 17, donde se preve que funcione el Paseo de la Juventud, lleve el\u2026","rel":"","context":"En \u00abHCD Mercedes\u00bb","block_context":{"text":"HCD Mercedes","link":"https:\/\/www.hoymercedes.com.ar\/principal\/category\/hcd-mercedes\/"},"img":{"alt_text":"","src":"https:\/\/i0.wp.com\/www.hoymercedes.com.ar\/principal\/wp-content\/uploads\/2021\/04\/29-lucas-fal.jpeg?resize=350%2C200&ssl=1","width":350,"height":200},"classes":[]},{"id":170469,"url":"https:\/\/www.hoymercedes.com.ar\/principal\/2023\/12\/09\/calle-y-paseo-en-homenaje-a-lucas-fal\/","url_meta":{"origin":42869,"position":5},"title":"Calle y paseo en homenaje a Lucas Fal","author":"hoymercedes","date":"9 diciembre, 2023","format":false,"excerpt":"Durante la ma\u00f1ana de este s\u00e1bado 9 de diciembre, a pocas horas de celebrarse los 40 a\u00f1os de Democracia ininterrumpida en Argentina, en la plaza que est\u00e1 entre las principales estaciones de trenes y que se conoce como Paseo de la Juventud se oficializ\u00f3 la imposici\u00f3n de nombre a la\u2026","rel":"","context":"En \u00abSociedad\u00bb","block_context":{"text":"Sociedad","link":"https:\/\/www.hoymercedes.com.ar\/principal\/category\/sociedad\/"},"img":{"alt_text":"","src":"https:\/\/i0.wp.com\/www.hoymercedes.com.ar\/principal\/wp-content\/uploads\/2023\/12\/pasaje-lucas-fal-1.jpg?resize=350%2C200&ssl=1","width":350,"height":200,"srcset":"https:\/\/i0.wp.com\/www.hoymercedes.com.ar\/principal\/wp-content\/uploads\/2023\/12\/pasaje-lucas-fal-1.jpg?resize=350%2C200&ssl=1 1x, https:\/\/i0.wp.com\/www.hoymercedes.com.ar\/principal\/wp-content\/uploads\/2023\/12\/pasaje-lucas-fal-1.jpg?resize=525%2C300&ssl=1 1.5x, https:\/\/i0.wp.com\/www.hoymercedes.com.ar\/principal\/wp-content\/uploads\/2023\/12\/pasaje-lucas-fal-1.jpg?resize=700%2C400&ssl=1 2x"},"classes":[]}],"_links":{"self":[{"href":"https:\/\/www.hoymercedes.com.ar\/principal\/wp-json\/wp\/v2\/posts\/42869","targetHints":{"allow":["GET"]}}],"collection":[{"href":"https:\/\/www.hoymercedes.com.ar\/principal\/wp-json\/wp\/v2\/posts"}],"about":[{"href":"https:\/\/www.hoymercedes.com.ar\/principal\/wp-json\/wp\/v2\/types\/post"}],"author":[{"embeddable":true,"href":"https:\/\/www.hoymercedes.com.ar\/principal\/wp-json\/wp\/v2\/users\/1"}],"replies":[{"embeddable":true,"href":"https:\/\/www.hoymercedes.com.ar\/principal\/wp-json\/wp\/v2\/comments?post=42869"}],"version-history":[{"count":0,"href":"https:\/\/www.hoymercedes.com.ar\/principal\/wp-json\/wp\/v2\/posts\/42869\/revisions"}],"wp:featuredmedia":[{"embeddable":true,"href":"https:\/\/www.hoymercedes.com.ar\/principal\/wp-json\/wp\/v2\/media\/42870"}],"wp:attachment":[{"href":"https:\/\/www.hoymercedes.com.ar\/principal\/wp-json\/wp\/v2\/media?parent=42869"}],"wp:term":[{"taxonomy":"category","embeddable":true,"href":"https:\/\/www.hoymercedes.com.ar\/principal\/wp-json\/wp\/v2\/categories?post=42869"},{"taxonomy":"post_tag","embeddable":true,"href":"https:\/\/www.hoymercedes.com.ar\/principal\/wp-json\/wp\/v2\/tags?post=42869"}],"curies":[{"name":"wp","href":"https:\/\/api.w.org\/{rel}","templated":true}]}}