{"id":4287,"date":"2011-05-16T19:05:02","date_gmt":"2011-05-16T19:05:02","guid":{"rendered":"http:\/\/www.hoymercedes.com.ar\/principal\/?p=4287"},"modified":"2011-05-16T19:05:02","modified_gmt":"2011-05-16T19:05:02","slug":"nuevo-encuentro-mercedes-participo-de-jornada-sobre-habitat-social-en-lujan","status":"publish","type":"post","link":"https:\/\/www.hoymercedes.com.ar\/principal\/2011\/05\/16\/nuevo-encuentro-mercedes-participo-de-jornada-sobre-habitat-social-en-lujan\/","title":{"rendered":"Nuevo Encuentro Mercedes particip\u00f3 de jornada sobre H\u00e1bitat Social en Luj\u00e1n"},"content":{"rendered":"<figure id=\"attachment_4289\" aria-describedby=\"caption-attachment-4289\" style=\"width: 290px\" class=\"wp-caption alignleft\"><a href=\"https:\/\/www.hoymercedes.com.ar\/principal\/wp-content\/uploads\/2011\/05\/Charlaleypromh\u00e1bitat.jpg\"><img loading=\"lazy\" decoding=\"async\" data-attachment-id=\"4289\" data-permalink=\"https:\/\/www.hoymercedes.com.ar\/principal\/2011\/05\/16\/nuevo-encuentro-mercedes-participo-de-jornada-sobre-habitat-social-en-lujan\/sanyo-digital-camera-8\/#main\" data-orig-file=\"https:\/\/www.hoymercedes.com.ar\/principal\/wp-content\/uploads\/2011\/05\/Charlaleypromh\u00e1bitat.jpg\" data-orig-size=\"300,225\" data-comments-opened=\"1\" data-image-meta=\"{&quot;aperture&quot;:&quot;2.9&quot;,&quot;credit&quot;:&quot;&quot;,&quot;camera&quot;:&quot;S1085&quot;,&quot;caption&quot;:&quot;&quot;,&quot;created_timestamp&quot;:&quot;1303058536&quot;,&quot;copyright&quot;:&quot;&quot;,&quot;focal_length&quot;:&quot;6.4&quot;,&quot;iso&quot;:&quot;100&quot;,&quot;shutter_speed&quot;:&quot;0.1&quot;,&quot;title&quot;:&quot;SANYO DIGITAL CAMERA&quot;}\" data-image-title=\"Jornada H\u00e1bitat Social\" data-image-description=\"&lt;p&gt;Jornada H\u00e1bitat Social&lt;\/p&gt;\n\" data-image-caption=\"&lt;p&gt;Jornada H\u00e1bitat Social&lt;\/p&gt;\n\" data-large-file=\"https:\/\/www.hoymercedes.com.ar\/principal\/wp-content\/uploads\/2011\/05\/Charlaleypromh\u00e1bitat.jpg\" class=\"size-full wp-image-4289\" title=\"Jornada H\u00e1bitat Social\" src=\"https:\/\/www.hoymercedes.com.ar\/principal\/wp-content\/uploads\/2011\/05\/Charlaleypromh\u00e1bitat.jpg\" alt=\"Jornada H\u00e1bitat Social\" width=\"300\" height=\"225\" \/><\/a><figcaption id=\"caption-attachment-4289\" class=\"wp-caption-text\">Jornada H\u00e1bitat Social<\/figcaption><\/figure>\n<p>Nuevo Encuentro de Mercedes particip\u00f3 en la vecina ciudad de Luj\u00e1n de una jornada sobre H\u00e1bitat Social. Al respecto sus \u00a0integrantes dan a conocer a la comunidad informaci\u00f3n al respecto:<\/p>\n<p>El d\u00eda s\u00e1bado, asistimos a una charla que brindaron representantes de la Carrera de Urbanismo de la Universidad General Sarmiento y de Madre Tierra, Asociaci\u00f3n Civil para debatir acerca de la necesidad de poner en discusi\u00f3n en cada distrito la Ley de Promoci\u00f3n del H\u00e1bitat Social, que fuera anunciado desde el gobierno provincial en la apertura de sesiones ordinarias de la Legislatura de la Provincia.<\/p>\n<p>Acerco algunos de los conceptos vertidos en esta ocasi\u00f3n:<\/p>\n<p>Ambas organizaciones forman parte de HABITAR ARGENTINA,  espacio intersectorial que agrupa a legisladores de distintas fuerzas pol\u00edticas, Organizaciones No Gubernamentales, profesionales, sectores acad\u00e9micos y movimientos sociales y promueve un nuevo marco normativo en materia de pol\u00edticas p\u00fablicas en relaci\u00f3n al acceso al suelo, a la vivienda y al h\u00e1bitat.<\/p>\n<p>En el Senado, trabajan en conjunto con representantes de la C\u00e1mara Alta en la formulaci\u00f3n de leyes relacionadas con el tema vivienda.<\/p>\n<p>Planteo del problema: Despu\u00e9s del 2001, se ha producido una reactivaci\u00f3n econ\u00f3mica y por ende un boom de la construcci\u00f3n,  y pese a que el estado construye viviendas a trav\u00e9s del Plan Federal, los problemas empeoran, porque aparejado a esto se dio tambi\u00e9n, el aumento de los precios de la tierra: Como ejemplo mencionan que en 2002 el precio de  1Ha era de 1.400 U$S y en 2011 subi\u00f3 a 14.000, diez veces m\u00e1s.<\/p>\n<p>&nbsp;<\/p>\n<p>Afirman que luego de la crisis, la sociedad se volvi\u00f3 m\u00e1s injusta: la brecha entre quienes poseen m\u00e1s y los que poseen menos sigue siendo amplia. Aunque ha disminuido en los \u00faltimos a\u00f1os en 5 o 6 puntos. Esto se refleja en que las tierras de la periferia, lugares donde tradicionalmente constru\u00eda la clase trabajadora, hoy deben disputar su posesi\u00f3n con los sectores de mayores ingresos, quienes construyen all\u00ed, barrios cerrados.<\/p>\n<p>Hoy, s\u00f3lo construir viviendas, no alcanza, es necesario construir pol\u00edticas urbanas. Necesitamos generar mecanismos para abaratar el suelo y reinstalar el control del Estado por el acceso al suelo y sacarlo del \u00e1mbito de la especulaci\u00f3n.<\/p>\n<p>La funci\u00f3n social de la tierra est\u00e1  instaurada desde el a\u00f1o 45, tal concepto apunta a que no se puede hacer con la tierra lo que a cada uno se le antoje porque se trata de un bien social, por ende, cualquier uso no es posible. La funci\u00f3n social de la tierra pone freno a la especulaci\u00f3n. Se puede usufructuar el suelo, es un derecho, pero junto a \u00e9l existen obligaciones: el inter\u00e9s del propietario debe estar en consonancia con el inter\u00e9s social A partir de ese presupuesto, se genera un marco jur\u00eddico que permita distribuir mejor.<\/p>\n<p>La Argentina no tiene hoy una ley nacional de promoci\u00f3n urbana, por eso es tan importante apoyar esta ley provincial de Promoci\u00f3n del H\u00e1bitat Social.<\/p>\n<p>Desde Madre Tierra, sostienen la importancia del armado de organizaciones sociales que pongan en debate el tema de la vivienda, para que sea  desde all\u00ed donde se controle la aplicaci\u00f3n de la Ley.<\/p>\n<p>Seg\u00fan afirman, el problema de acceso a la vivienda es una PROBLEM\u00c1TICA MASIVA a la que hay que atender desde una perspectiva amplia, que tenga en cuenta el derecho a la ciudad de todos los habitantes, y que vincule distintos aspectos<\/p>\n<p>Entre  otros conceptos aseguran que el crecimiento de la \u201cciudad privada\u201d influye sobre la destrucci\u00f3n del suelo.  En la actualidad hay 563 barrios cerrados en la Regi\u00f3n Metropolitana, que ocupan el doble de la superficie de la Ciudad Aut\u00f3noma de Buenos Aires.<\/p>\n<p>Este anteproyecto de Ley de Promoci\u00f3n de H\u00e1bitat Social, brinda mayor poder de decisi\u00f3n en relaci\u00f3n al tema, a los municipios y no s\u00f3lo plantea un marco jur\u00eddico, tambi\u00e9n obliga a los Estados Municipales, ya que abre la posibilidad de enjuiciar al estado si no acepta la intervenci\u00f3n popular en relaci\u00f3n a la toma de decisiones respecto del derecho a la tierra.<\/p>\n<p>Se habla adem\u00e1s, del derecho a la ciudad.  La vivienda es un derecho reconocido pero no alcanza, es algo m\u00e1s complejo. La ciudad es un producto colectivo, todos contribuimos a constituirla, sin embargo es disfrutada solo por unos pocos. El derecho a la ciudad incluye el derecho a la centralidad, es decir de gozar los beneficios del acceso a los servicios, al trabajo, etc. Muchos de nuestros males devienen por la negaci\u00f3n de ese derecho.<\/p>\n<p>Es necesario comenzar a organizarnos como sociedad para peticionar y generar acuerdos con el gobierno respecto del derecho a la ciudad. Requiere adem\u00e1s, un compromiso ciudadano. El proceso de lucha por el acceso a la ciudad es un proceso emancipatorio por una m\u00e1s justa distribuci\u00f3n.<\/p>\n","protected":false},"excerpt":{"rendered":"<p>Nuevo Encuentro de Mercedes particip\u00f3 en la vecina ciudad de Luj\u00e1n de una jornada sobre H\u00e1bitat Social. Al respecto sus &#8230; <a title=\"Nuevo Encuentro Mercedes particip\u00f3 de jornada sobre H\u00e1bitat Social en Luj\u00e1n\" class=\"read-more\" href=\"https:\/\/www.hoymercedes.com.ar\/principal\/2011\/05\/16\/nuevo-encuentro-mercedes-participo-de-jornada-sobre-habitat-social-en-lujan\/\" aria-label=\"Leer m\u00e1s sobre Nuevo Encuentro Mercedes particip\u00f3 de jornada sobre H\u00e1bitat Social en Luj\u00e1n\">Leer m\u00e1s<\/a><\/p>\n","protected":false},"author":1,"featured_media":0,"comment_status":"open","ping_status":"open","sticky":false,"template":"","format":"standard","meta":{"_monsterinsights_skip_tracking":false,"_monsterinsights_sitenote_active":false,"_monsterinsights_sitenote_note":"","_monsterinsights_sitenote_category":0,"jetpack_post_was_ever_published":false,"_jetpack_newsletter_access":"","_jetpack_dont_email_post_to_subs":false,"_jetpack_newsletter_tier_id":0,"_jetpack_memberships_contains_paywalled_content":false,"_jetpack_memberships_contains_paid_content":false,"footnotes":"","jetpack_publicize_message":"","jetpack_publicize_feature_enabled":true,"jetpack_social_post_already_shared":false,"jetpack_social_options":{"image_generator_settings":{"template":"highway","default_image_id":0,"font":"","enabled":false},"version":2},"_wpas_customize_per_network":false},"categories":[5],"tags":[51],"class_list":["post-4287","post","type-post","status-publish","format-standard","hentry","category-politica","tag-nuevo-encuentro-mercedes","generate-columns","tablet-grid-50","mobile-grid-100","grid-parent","grid-50"],"jetpack_publicize_connections":[],"jetpack_featured_media_url":"","wps_subtitle":"","jetpack_sharing_enabled":true,"_links":{"self":[{"href":"https:\/\/www.hoymercedes.com.ar\/principal\/wp-json\/wp\/v2\/posts\/4287","targetHints":{"allow":["GET"]}}],"collection":[{"href":"https:\/\/www.hoymercedes.com.ar\/principal\/wp-json\/wp\/v2\/posts"}],"about":[{"href":"https:\/\/www.hoymercedes.com.ar\/principal\/wp-json\/wp\/v2\/types\/post"}],"author":[{"embeddable":true,"href":"https:\/\/www.hoymercedes.com.ar\/principal\/wp-json\/wp\/v2\/users\/1"}],"replies":[{"embeddable":true,"href":"https:\/\/www.hoymercedes.com.ar\/principal\/wp-json\/wp\/v2\/comments?post=4287"}],"version-history":[{"count":0,"href":"https:\/\/www.hoymercedes.com.ar\/principal\/wp-json\/wp\/v2\/posts\/4287\/revisions"}],"wp:attachment":[{"href":"https:\/\/www.hoymercedes.com.ar\/principal\/wp-json\/wp\/v2\/media?parent=4287"}],"wp:term":[{"taxonomy":"category","embeddable":true,"href":"https:\/\/www.hoymercedes.com.ar\/principal\/wp-json\/wp\/v2\/categories?post=4287"},{"taxonomy":"post_tag","embeddable":true,"href":"https:\/\/www.hoymercedes.com.ar\/principal\/wp-json\/wp\/v2\/tags?post=4287"}],"curies":[{"name":"wp","href":"https:\/\/api.w.org\/{rel}","templated":true}]}}