{"id":42932,"date":"2015-07-06T20:18:17","date_gmt":"2015-07-06T23:18:17","guid":{"rendered":"http:\/\/www.hoymercedes.com.ar\/principal\/?p=42932"},"modified":"2015-07-06T20:18:17","modified_gmt":"2015-07-06T23:18:17","slug":"comisaria-de-la-mujer-sigue-trabajando-interdisciplinariamente-en-temas-de-familia-y-pareja","status":"publish","type":"post","link":"https:\/\/www.hoymercedes.com.ar\/principal\/2015\/07\/06\/comisaria-de-la-mujer-sigue-trabajando-interdisciplinariamente-en-temas-de-familia-y-pareja\/","title":{"rendered":"Comisaria de la Mujer sigue trabajando interdisciplinariamente en temas de familia y pareja"},"content":{"rendered":"<p><a href=\"https:\/\/www.hoymercedes.com.ar\/principal\/wp-content\/uploads\/2015\/07\/Comisaria.Mujer_.jpg\"><img loading=\"lazy\" decoding=\"async\" data-attachment-id=\"42933\" data-permalink=\"https:\/\/www.hoymercedes.com.ar\/principal\/2015\/07\/06\/comisaria-de-la-mujer-sigue-trabajando-interdisciplinariamente-en-temas-de-familia-y-pareja\/comisaria-mujer\/#main\" data-orig-file=\"https:\/\/www.hoymercedes.com.ar\/principal\/wp-content\/uploads\/2015\/07\/Comisaria.Mujer_.jpg\" data-orig-size=\"620,412\" data-comments-opened=\"1\" data-image-meta=\"{&quot;aperture&quot;:&quot;3.5&quot;,&quot;credit&quot;:&quot;&quot;,&quot;camera&quot;:&quot;NIKON D3200&quot;,&quot;caption&quot;:&quot;&quot;,&quot;created_timestamp&quot;:&quot;1429125317&quot;,&quot;copyright&quot;:&quot;&quot;,&quot;focal_length&quot;:&quot;18&quot;,&quot;iso&quot;:&quot;1000&quot;,&quot;shutter_speed&quot;:&quot;0.016666666666667&quot;,&quot;title&quot;:&quot;&quot;,&quot;orientation&quot;:&quot;0&quot;}\" data-image-title=\"Comisaria.Mujer\" data-image-description=\"\" data-image-caption=\"\" data-large-file=\"https:\/\/www.hoymercedes.com.ar\/principal\/wp-content\/uploads\/2015\/07\/Comisaria.Mujer_.jpg\" class=\"Img2014 aligncenter wp-image-42933 size-full\" title=\"Comisaria de la mujer mercedes\" src=\"https:\/\/www.hoymercedes.com.ar\/principal\/wp-content\/uploads\/2015\/07\/Comisaria.Mujer_.jpg\" alt=\"Comisaria.Mujer\" width=\"620\" height=\"412\" srcset=\"https:\/\/www.hoymercedes.com.ar\/principal\/wp-content\/uploads\/2015\/07\/Comisaria.Mujer_.jpg 620w, https:\/\/www.hoymercedes.com.ar\/principal\/wp-content\/uploads\/2015\/07\/Comisaria.Mujer_-150x100.jpg 150w, https:\/\/www.hoymercedes.com.ar\/principal\/wp-content\/uploads\/2015\/07\/Comisaria.Mujer_-290x193.jpg 290w, https:\/\/www.hoymercedes.com.ar\/principal\/wp-content\/uploads\/2015\/07\/Comisaria.Mujer_-50x33.jpg 50w\" sizes=\"auto, (max-width: 620px) 100vw, 620px\" \/><\/a><br \/>\n<em><strong>(MM) La Comisar\u00eda de la Mujer \u00a0y la Familia de Mercedes, le informa a toda la comunidad que \u00e9sta Instituci\u00f3n Policial funciona abierta las 24 horas del d\u00edas, la que tiene asiento en la calle 29 nro. 821 entre calles 34 y 36, tel\u00e9fono de contacto 02324-421882, en la misma se encuentra trabajando junto al personal policial un Equipo Interdisciplinario el cual se encuentra conformado por una abogada, una psic\u00f3loga y una asistente social el cual trata directamente con las victimas de violencia en lo que respecta al abordaje psicol\u00f3gico y legal brind\u00e1ndole herramientas a esas personas para que puedan ir saliendo del c\u00edrculo de la violencia donde se hallan inmersas, reforz\u00e1ndola, orient\u00e1ndolas y conteni\u00e9ndolas. Ante cualquier emergencia podr\u00e1n comunicarse \u00a0a los abonados 147 o 911.\u00a0<\/strong> <\/em><\/p>\n<p>Se comunica a la ciudadan\u00eda que pueden acercarse a \u00a0realizar consultas, que no solo trabajamos a partir de las denuncias \u00a0sino que tambi\u00e9n lo hacemos desde el asesoramiento con el Equipo Interdisciplinario y la contenci\u00f3n y \/ o derivaci\u00f3n para tratamientos psicol\u00f3gicos, este aspecto es fundamental en aquellas personas que se acercan por primera vez a realizar una denuncia o una consulta, el primer paso para romper con \u00e9sto es descubrir la realidad en la que estamos viviendo, comprender que esa realidad se puede cambiar, aceptando ayuda, inform\u00e1ndoseles \u00a0sobre los derechos que tienen como seres humanos, y sobre las caracter\u00edsticas de una relaci\u00f3n sana y respetuosa.<\/p>\n<p>Esa persona debe lograr sentirse segura, confiar en sus pensamientos, y adquirir el deseo de detener las agresiones, siendo fundamental el acompa\u00f1amiento familiar o de amigos.<\/p>\n<p>Se comunica adem\u00e1s que a trav\u00e9s de la denuncia la v\u00edctima puede solicitar diferentes medidas cautelares, como ser la prohibici\u00f3n de acercamiento o la exclusi\u00f3n del hogar de la persona agresora, y cualquier otra medida para garantizar la seguridad de la misma, dicha medida cautelar le ser\u00e1 otorgada por el Tribunal de Familia, para lo cual se notificar\u00e1 luego al agresor, quien deber\u00e1 cumplir con lo ordenado por el Tribunal y que en caso contrario, incurrir\u00e1 en el delito Penal por Desobediencia (art 239 C.P). La ley provincial de Violencia Familiar es la 12.569 y sus mod. Ley 14.509, la que en sus art\u00edculos 1 y 2 refieren que se entender\u00e1 por violencia familiar, toda acci\u00f3n, omisi\u00f3n, abuso, que afecte la vida, libertad, seguridad personal, dignidad, integridad f\u00edsica, psicol\u00f3gica, sexual, econ\u00f3mica o patrimonial, de una persona en el \u00e1mbito del grupo familiar, aunque no configure delito.<\/p>\n<p>Se entender\u00e1 por grupo familiar al originado en el matrimonio o en las uniones de hecho, incluyendo a los ascendientes, descendientes, colaterales y\/o consangu\u00edneos y a convivientes o descendientes directos de algunos de ellos, se aplicar\u00e1 adem\u00e1s cuando se ejerza violencia familiar sobre la persona con quien tenga o haya tenido relaci\u00f3n \u00a0de noviazgo o pareja o con quien estuvo vinculado por matrimonio \u00a0o uni\u00f3n de hecho.<\/p>\n<p>\u00bfQui\u00e9nes PUEDEN DENUNCIAR? Toda persona que padece alguna de las situaciones expuestas puede acercarse a la comisar\u00eda para obtener el asesoramiento y la contenci\u00f3n pertinente y de ser necesario efectuar la denuncia. Tambi\u00e9n puede denunciar toda persona que tome conocimiento de situaciones de violencia o sospeche que las mismas puedan existir.<\/p>\n<p>Trabajar para una sociedad libre de violencia, proteger los derechos de los ni\u00f1os, ni\u00f1as y adolescentes v\u00edctimas de violencia es caminar hacia una sociedad m\u00e1s equitativa.<\/p>\n","protected":false},"excerpt":{"rendered":"<p>(MM) La Comisar\u00eda de la Mujer \u00a0y la Familia de Mercedes, le informa a toda la comunidad que \u00e9sta Instituci\u00f3n &#8230; <a title=\"Comisaria de la Mujer sigue trabajando interdisciplinariamente en temas de familia y pareja\" class=\"read-more\" href=\"https:\/\/www.hoymercedes.com.ar\/principal\/2015\/07\/06\/comisaria-de-la-mujer-sigue-trabajando-interdisciplinariamente-en-temas-de-familia-y-pareja\/\" aria-label=\"Leer m\u00e1s sobre Comisaria de la Mujer sigue trabajando interdisciplinariamente en temas de familia y pareja\">Leer m\u00e1s<\/a><\/p>\n","protected":false},"author":1,"featured_media":42933,"comment_status":"open","ping_status":"open","sticky":false,"template":"","format":"standard","meta":{"_monsterinsights_skip_tracking":false,"_monsterinsights_sitenote_active":false,"_monsterinsights_sitenote_note":"","_monsterinsights_sitenote_category":0,"jetpack_post_was_ever_published":false,"_jetpack_newsletter_access":"","_jetpack_dont_email_post_to_subs":false,"_jetpack_newsletter_tier_id":0,"_jetpack_memberships_contains_paywalled_content":false,"_jetpack_memberships_contains_paid_content":false,"footnotes":"","jetpack_publicize_message":"","jetpack_publicize_feature_enabled":true,"jetpack_social_post_already_shared":true,"jetpack_social_options":{"image_generator_settings":{"template":"highway","default_image_id":0,"font":"","enabled":false},"version":2},"_wpas_customize_per_network":false},"categories":[85],"tags":[7118,7556],"class_list":["post-42932","post","type-post","status-publish","format-standard","has-post-thumbnail","hentry","category-policial","tag-comisaria-de-la-mujer-mercedes","tag-violencia-familiar-y-de-genero","generate-columns","tablet-grid-50","mobile-grid-100","grid-parent","grid-50"],"jetpack_publicize_connections":[],"jetpack_featured_media_url":"https:\/\/www.hoymercedes.com.ar\/principal\/wp-content\/uploads\/2015\/07\/Comisaria.Mujer_.jpg","wps_subtitle":"Beneficio social","jetpack_sharing_enabled":true,"_links":{"self":[{"href":"https:\/\/www.hoymercedes.com.ar\/principal\/wp-json\/wp\/v2\/posts\/42932","targetHints":{"allow":["GET"]}}],"collection":[{"href":"https:\/\/www.hoymercedes.com.ar\/principal\/wp-json\/wp\/v2\/posts"}],"about":[{"href":"https:\/\/www.hoymercedes.com.ar\/principal\/wp-json\/wp\/v2\/types\/post"}],"author":[{"embeddable":true,"href":"https:\/\/www.hoymercedes.com.ar\/principal\/wp-json\/wp\/v2\/users\/1"}],"replies":[{"embeddable":true,"href":"https:\/\/www.hoymercedes.com.ar\/principal\/wp-json\/wp\/v2\/comments?post=42932"}],"version-history":[{"count":0,"href":"https:\/\/www.hoymercedes.com.ar\/principal\/wp-json\/wp\/v2\/posts\/42932\/revisions"}],"wp:featuredmedia":[{"embeddable":true,"href":"https:\/\/www.hoymercedes.com.ar\/principal\/wp-json\/wp\/v2\/media\/42933"}],"wp:attachment":[{"href":"https:\/\/www.hoymercedes.com.ar\/principal\/wp-json\/wp\/v2\/media?parent=42932"}],"wp:term":[{"taxonomy":"category","embeddable":true,"href":"https:\/\/www.hoymercedes.com.ar\/principal\/wp-json\/wp\/v2\/categories?post=42932"},{"taxonomy":"post_tag","embeddable":true,"href":"https:\/\/www.hoymercedes.com.ar\/principal\/wp-json\/wp\/v2\/tags?post=42932"}],"curies":[{"name":"wp","href":"https:\/\/api.w.org\/{rel}","templated":true}]}}