{"id":42936,"date":"2015-07-07T19:18:55","date_gmt":"2015-07-07T22:18:55","guid":{"rendered":"http:\/\/www.hoymercedes.com.ar\/principal\/?p=42936"},"modified":"2015-07-07T19:18:55","modified_gmt":"2015-07-07T22:18:55","slug":"ustarroz-lanzo-el-foro-de-cultura-con-importante-asistencia-de-artistas","status":"publish","type":"post","link":"https:\/\/www.hoymercedes.com.ar\/principal\/2015\/07\/07\/ustarroz-lanzo-el-foro-de-cultura-con-importante-asistencia-de-artistas\/","title":{"rendered":"Ustarroz lanz\u00f3 el \u00abForo de Cultura\u00bb con importante asistencia de artistas"},"content":{"rendered":"<p><a href=\"https:\/\/www.hoymercedes.com.ar\/principal\/wp-content\/uploads\/2015\/07\/forocultura-fmpv.jpg\"><img loading=\"lazy\" decoding=\"async\" data-attachment-id=\"42937\" data-permalink=\"https:\/\/www.hoymercedes.com.ar\/principal\/2015\/07\/07\/ustarroz-lanzo-el-foro-de-cultura-con-importante-asistencia-de-artistas\/forocultura-fmpv\/#main\" data-orig-file=\"https:\/\/www.hoymercedes.com.ar\/principal\/wp-content\/uploads\/2015\/07\/forocultura-fmpv.jpg\" data-orig-size=\"621,414\" data-comments-opened=\"1\" data-image-meta=\"{&quot;aperture&quot;:&quot;0&quot;,&quot;credit&quot;:&quot;SEBASTIAN_AMBROSSIO&quot;,&quot;camera&quot;:&quot;&quot;,&quot;caption&quot;:&quot;&quot;,&quot;created_timestamp&quot;:&quot;0&quot;,&quot;copyright&quot;:&quot;Sebastian Ambrossio_&quot;,&quot;focal_length&quot;:&quot;0&quot;,&quot;iso&quot;:&quot;0&quot;,&quot;shutter_speed&quot;:&quot;0&quot;,&quot;title&quot;:&quot;&quot;,&quot;orientation&quot;:&quot;0&quot;}\" data-image-title=\"forocultura-fmpv\" data-image-description=\"\" data-image-caption=\"\" data-large-file=\"https:\/\/www.hoymercedes.com.ar\/principal\/wp-content\/uploads\/2015\/07\/forocultura-fmpv.jpg\" class=\"aligncenter size-full wp-image-42937\" src=\"https:\/\/www.hoymercedes.com.ar\/principal\/wp-content\/uploads\/2015\/07\/forocultura-fmpv.jpg\" alt=\"forocultura-fmpv\" width=\"621\" height=\"414\" srcset=\"https:\/\/www.hoymercedes.com.ar\/principal\/wp-content\/uploads\/2015\/07\/forocultura-fmpv.jpg 621w, https:\/\/www.hoymercedes.com.ar\/principal\/wp-content\/uploads\/2015\/07\/forocultura-fmpv-150x100.jpg 150w, https:\/\/www.hoymercedes.com.ar\/principal\/wp-content\/uploads\/2015\/07\/forocultura-fmpv-290x193.jpg 290w, https:\/\/www.hoymercedes.com.ar\/principal\/wp-content\/uploads\/2015\/07\/forocultura-fmpv-50x33.jpg 50w\" sizes=\"auto, (max-width: 621px) 100vw, 621px\" \/><\/a><\/p>\n<p><em><strong>El presidente del bloque de concejales y precandidato a intendente del Frente Mercedino para la Victoria, Juan Ignacio Ustarroz, manifest\u00f3 que el acceso a la cultura \u201ces un derecho esencial que debe garantizarse\u201d, se\u00f1al\u00f3 \u201cla gran riqueza y el enorme potencial\u201d de los artistas de nuestra ciudad y convoc\u00f3 \u201ca un espacio de debate y reflexi\u00f3n para trabajar a partir de puntos de acuerdo y sin bander\u00edas partidarias\u201d, al lanzar el Foro de Cultura.<\/strong><\/em><\/p>\n<p>\u201cLa cultura, como cada uno de los ejes en los que se definen pol\u00edticas p\u00fablicas, no debe llevar colores partidarios. Por eso creemos que es un derecho humano esencial que se debe garantizar y por eso creemos que debemos trabajar todos juntos, a partir de puntos de acuerdo, para construir la ciudad que so\u00f1amos tambi\u00e9n desde la mirada cultural y con la participaci\u00f3n fundamental de los artistas mercedinos\u201d, expres\u00f3 Juani Ustarroz.<\/p>\n<p>\u201cLa realizaci\u00f3n de estos encuentros tiene que ver con eso, con la necesidad de crear un espacio de debate, de reflexi\u00f3n, inclusive de confrontaci\u00f3n, pero con el objetivo final del bien com\u00fan y del trabajo no solo a partir de puntos de contacto, sino de la certeza de un diagn\u00f3stico preciso hecho por los actores del sector\u201d, agreg\u00f3 el conductor del FMpV.<\/p>\n<p>Del encuentro, desarrollado este lunes en la Sociedad Espa\u00f1ola en el marco de los Foros de Participaci\u00f3n Ciudadana que viene organizando el Frente Mercedino para la Victoria, tomaron parte alrededor de 100 artistas de nuestra ciudad y estuvo como invitada la diputada provincial Fernanda Raverta, autora de la Ley de Centros Culturales .<\/p>\n<p>Con Ustarroz estuvieron tambi\u00e9n varios de sus compa\u00f1eros de bancada (Juan Pablo L\u00f3pez Baggio, Patricia Prenitune, Marianela Arenillas, Celeste Burone, Mat\u00edas Dematei); muchos de los precandidatos a que lo acompa\u00f1an en la lista para las pr\u00f3ximas elecciones, como Carlos \u2018Cacho\u2019 Garro, Ceferino Costa, Santiago Altube, Jos\u00e9 Luis Pisano, Marcela Brown y Silvia Panessi; y los principales referentes de la comisi\u00f3n de Cultura del Frente Mercedino, como Nicol\u00e1s Lennard, Julio y Roberto Maldonado y Mat\u00edas Vita, entre otros.<\/p>\n<p>Repartidos en diez mesas, los artistas locales \u2013de disciplinas como m\u00fasica, fotograf\u00eda, pintura, teatro, circo y literatura- analizaron la actualidad cultural mercedina a partir de distintos \u2018disparadores\u2019: el rol del municipio y la articulaci\u00f3n con los actores locales; los espacios para el fomento de la cultura; la difusi\u00f3n, comunicaci\u00f3n e integraci\u00f3n regional.<\/p>\n<p>Una vez atravesado el debate, un vocero de cada mesa expuso las conclusiones: la falta de organizaci\u00f3n y articulaci\u00f3n desde el estado municipal, el \u2018amiguismo\u2019, las gestiones personalistas, el escaso espacio en el Teatro Municipal para los artistas locales, los pocos lugares para la promoci\u00f3n de la cultura mercedina y la falta de informaci\u00f3n transparente respecto del uso del presupuesto que maneja el \u00e1rea surgieron como cr\u00edticas en com\u00fan.<\/p>\n<p>Entre las propuestas, en tanto, se enumeraron la creaci\u00f3n de un registro de artistas y actividades culturales de nuestra ciudad; el mayor apoyo econ\u00f3mico, de fomento y difusi\u00f3n por parte del gobierno comunal; la generaci\u00f3n de un movimiento cultural que trascienda del centro y recorra barrios y zonas rurales (descentralizaci\u00f3n); y optimizar el uso de espacios p\u00fablicos para distintas propuestas art\u00edsticas (plazas, escuelas, etc\u00e9tera).<\/p>\n<p>A partir de las conclusiones expuestas, la diputada marplatense Raverta explic\u00f3 que su proyecto de Ley de Centros Culturales (el texto viene siendo corregido a trav\u00e9s de audiencias p\u00fablicas y se encuentra en Comisi\u00f3n), atiende justamente las cuestiones planteadas y agradeci\u00f3 no solo la invitaci\u00f3n al Foro, sino tambi\u00e9n \u201cla posibilidad de escuchar de la propia boca de los artistas, en este caso de Mercedes, cu\u00e1les deben ser los objetivos puntuales en la b\u00fasqueda de fomentar y promover la cultura desde el Estado\u201d.<\/p>\n<p>\u201cEstamos trabajando con el sue\u00f1o de ser el pr\u00f3ximo gobierno de Mercedes, si la gente nos acompa\u00f1a, y el desarrollo de estos Foros de Participaci\u00f3n tiene que ver con eso: creemos en la articulaci\u00f3n y el debate en cada \u00e1rea, ya sea el deporte, la salud, la educaci\u00f3n, la planificaci\u00f3n, la seguridad, el empleo y, en este caso, la cultura\u201d, indic\u00f3 Juani Ustarroz.<\/p>\n<p>\u201cNo solo como un lugar para hacer catarsis \u2013concluy\u00f3-, sino para establecer puntos de contacto, como sucedi\u00f3 hoy mismo, y desde all\u00ed planificar la acci\u00f3n. Mercedes tiene un gran potencial y la cultura no es la excepci\u00f3n, porque sabemos la calidad y la cantidad de los artistas de nuestra ciudad. El debate enriquece y el primer espacio que debemos abrir en ese sentido es la mente, la cabeza, para construir entre todos la ciudad que so\u00f1amos\u201d.<\/p>\n","protected":false},"excerpt":{"rendered":"<p>El presidente del bloque de concejales y precandidato a intendente del Frente Mercedino para la Victoria, Juan Ignacio Ustarroz, manifest\u00f3 &#8230; <a title=\"Ustarroz lanz\u00f3 el \u00abForo de Cultura\u00bb con importante asistencia de artistas\" class=\"read-more\" href=\"https:\/\/www.hoymercedes.com.ar\/principal\/2015\/07\/07\/ustarroz-lanzo-el-foro-de-cultura-con-importante-asistencia-de-artistas\/\" aria-label=\"Leer m\u00e1s sobre Ustarroz lanz\u00f3 el \u00abForo de Cultura\u00bb con importante asistencia de artistas\">Leer m\u00e1s<\/a><\/p>\n","protected":false},"author":1,"featured_media":42937,"comment_status":"open","ping_status":"open","sticky":false,"template":"","format":"standard","meta":{"_monsterinsights_skip_tracking":false,"_monsterinsights_sitenote_active":false,"_monsterinsights_sitenote_note":"","_monsterinsights_sitenote_category":0,"jetpack_post_was_ever_published":false,"_jetpack_newsletter_access":"","_jetpack_dont_email_post_to_subs":false,"_jetpack_newsletter_tier_id":0,"_jetpack_memberships_contains_paywalled_content":false,"_jetpack_memberships_contains_paid_content":false,"footnotes":"","jetpack_publicize_message":"","jetpack_publicize_feature_enabled":true,"jetpack_social_post_already_shared":true,"jetpack_social_options":{"image_generator_settings":{"template":"highway","default_image_id":0,"font":"","enabled":false},"version":2},"_wpas_customize_per_network":false},"categories":[104],"tags":[7557,585],"class_list":["post-42936","post","type-post","status-publish","format-standard","has-post-thumbnail","hentry","category-cultura","tag-foro-cultura","tag-juan-ustarroz","generate-columns","tablet-grid-50","mobile-grid-100","grid-parent","grid-50"],"jetpack_publicize_connections":[],"jetpack_featured_media_url":"https:\/\/www.hoymercedes.com.ar\/principal\/wp-content\/uploads\/2015\/07\/forocultura-fmpv.jpg","wps_subtitle":"En Sociedad Espa\u00f1ola ","jetpack_sharing_enabled":true,"_links":{"self":[{"href":"https:\/\/www.hoymercedes.com.ar\/principal\/wp-json\/wp\/v2\/posts\/42936","targetHints":{"allow":["GET"]}}],"collection":[{"href":"https:\/\/www.hoymercedes.com.ar\/principal\/wp-json\/wp\/v2\/posts"}],"about":[{"href":"https:\/\/www.hoymercedes.com.ar\/principal\/wp-json\/wp\/v2\/types\/post"}],"author":[{"embeddable":true,"href":"https:\/\/www.hoymercedes.com.ar\/principal\/wp-json\/wp\/v2\/users\/1"}],"replies":[{"embeddable":true,"href":"https:\/\/www.hoymercedes.com.ar\/principal\/wp-json\/wp\/v2\/comments?post=42936"}],"version-history":[{"count":0,"href":"https:\/\/www.hoymercedes.com.ar\/principal\/wp-json\/wp\/v2\/posts\/42936\/revisions"}],"wp:featuredmedia":[{"embeddable":true,"href":"https:\/\/www.hoymercedes.com.ar\/principal\/wp-json\/wp\/v2\/media\/42937"}],"wp:attachment":[{"href":"https:\/\/www.hoymercedes.com.ar\/principal\/wp-json\/wp\/v2\/media?parent=42936"}],"wp:term":[{"taxonomy":"category","embeddable":true,"href":"https:\/\/www.hoymercedes.com.ar\/principal\/wp-json\/wp\/v2\/categories?post=42936"},{"taxonomy":"post_tag","embeddable":true,"href":"https:\/\/www.hoymercedes.com.ar\/principal\/wp-json\/wp\/v2\/tags?post=42936"}],"curies":[{"name":"wp","href":"https:\/\/api.w.org\/{rel}","templated":true}]}}