{"id":4294,"date":"2011-05-17T03:14:58","date_gmt":"2011-05-17T03:14:58","guid":{"rendered":"http:\/\/www.hoymercedes.com.ar\/principal\/?p=4294"},"modified":"2011-05-17T03:14:59","modified_gmt":"2011-05-17T03:14:59","slug":"david-valerga-%c2%bfcandidato-de-sergio-massa-en-merceces","status":"publish","type":"post","link":"https:\/\/www.hoymercedes.com.ar\/principal\/2011\/05\/17\/david-valerga-%c2%bfcandidato-de-sergio-massa-en-merceces\/","title":{"rendered":"David Valerga \u00bfcandidato de Sergio Massa en Merceces?"},"content":{"rendered":"<figure id=\"attachment_1169\" aria-describedby=\"caption-attachment-1169\" style=\"width: 190px\" class=\"wp-caption alignleft\"><a href=\"https:\/\/www.hoymercedes.com.ar\/principal\/wp-content\/uploads\/2010\/12\/valerga.jpg\"><img loading=\"lazy\" decoding=\"async\" data-attachment-id=\"1169\" data-permalink=\"https:\/\/www.hoymercedes.com.ar\/principal\/2010\/12\/21\/valerga-%e2%80%9ces-bueno-que-dentro-del-justicialismo-salgan-nuevos-grupos-con-gente-joven-para-trabajar%e2%80%9d\/valerga\/#main\" data-orig-file=\"https:\/\/www.hoymercedes.com.ar\/principal\/wp-content\/uploads\/2010\/12\/valerga.jpg\" data-orig-size=\"200,121\" data-comments-opened=\"1\" data-image-meta=\"{&quot;aperture&quot;:&quot;0&quot;,&quot;credit&quot;:&quot;&quot;,&quot;camera&quot;:&quot;&quot;,&quot;caption&quot;:&quot;&quot;,&quot;created_timestamp&quot;:&quot;0&quot;,&quot;copyright&quot;:&quot;&quot;,&quot;focal_length&quot;:&quot;0&quot;,&quot;iso&quot;:&quot;0&quot;,&quot;shutter_speed&quot;:&quot;0&quot;,&quot;title&quot;:&quot;&quot;}\" data-image-title=\"David Valerga\" data-image-description=\"&lt;p&gt;David Valerga&lt;\/p&gt;\n\" data-image-caption=\"&lt;p&gt;David Valerga&lt;\/p&gt;\n\" data-large-file=\"https:\/\/www.hoymercedes.com.ar\/principal\/wp-content\/uploads\/2010\/12\/valerga.jpg\" class=\"size-full wp-image-1169\" title=\"David Valerga\" src=\"https:\/\/www.hoymercedes.com.ar\/principal\/wp-content\/uploads\/2010\/12\/valerga.jpg\" alt=\"David Valerga\" width=\"200\" height=\"121\" \/><\/a><figcaption id=\"caption-attachment-1169\" class=\"wp-caption-text\">David Valerga<\/figcaption><\/figure>\n<p>Un rumor en la intimidad pol\u00edtica corri\u00f3 en la ciudad. El mismo pone en escena a un hombre que ha recorrido el esqueleto pol\u00edtico en la \u00faltima d\u00e9cada desde diversos espacios. Fue un hombre fuerte del selvismo en una \u00e9poca dorada de dicho espacio y luego se candidate\u00f3 a intendente en las \u00faltimas elecciones ejecutivas desde Uni\u00f3n Pro.<\/p>\n<p>David Valerga es el hombre en cuesti\u00f3n y desde diversos sectores pol\u00edticos lo dan como un hecho.<\/p>\n<p>Los caf\u00e9s pol\u00edticos de la ciudad vienen d\u00e1ndole vuelta a la idea desde fines de la semana pasada. Hoy a la tarde era un tema suelto de riendas en las oficinas del municipio y, seg\u00fan algunos entendidos, no es algo que se deba confirmar, pero, mucho menos rechazar como idea.<\/p>\n<p>La situaci\u00f3n permitir\u00eda a Valerga regresar al espacio peronista luego de su incursi\u00f3n en Uni\u00f3n Pro. A Selva contar con un rival seguro en las internas y al peronismo en general mostrar un juego de democracia e internas que aportar\u00eda atractivo y espacio en los medios. Es decir, un laberinto donde cualquiera de las potenciales salidas beneficia a sus actores.<\/p>\n<p>&nbsp;<\/p>\n<p>&nbsp;<\/p>\n","protected":false},"excerpt":{"rendered":"<p>Un rumor en la intimidad pol\u00edtica corri\u00f3 en la ciudad. El mismo pone en escena a un hombre que ha &#8230; <a title=\"David Valerga \u00bfcandidato de Sergio Massa en Merceces?\" class=\"read-more\" href=\"https:\/\/www.hoymercedes.com.ar\/principal\/2011\/05\/17\/david-valerga-%c2%bfcandidato-de-sergio-massa-en-merceces\/\" aria-label=\"Leer m\u00e1s sobre David Valerga \u00bfcandidato de Sergio Massa en Merceces?\">Leer m\u00e1s<\/a><\/p>\n","protected":false},"author":1,"featured_media":0,"comment_status":"open","ping_status":"open","sticky":false,"template":"","format":"standard","meta":{"_monsterinsights_skip_tracking":false,"_monsterinsights_sitenote_active":false,"_monsterinsights_sitenote_note":"","_monsterinsights_sitenote_category":0,"jetpack_post_was_ever_published":false,"_jetpack_newsletter_access":"","_jetpack_dont_email_post_to_subs":false,"_jetpack_newsletter_tier_id":0,"_jetpack_memberships_contains_paywalled_content":false,"_jetpack_memberships_contains_paid_content":false,"footnotes":"","jetpack_publicize_message":"","jetpack_publicize_feature_enabled":true,"jetpack_social_post_already_shared":false,"jetpack_social_options":{"image_generator_settings":{"template":"highway","default_image_id":0,"font":"","enabled":false},"version":2},"_wpas_customize_per_network":false},"categories":[5],"tags":[277],"class_list":["post-4294","post","type-post","status-publish","format-standard","hentry","category-politica","tag-david-valerga","generate-columns","tablet-grid-50","mobile-grid-100","grid-parent","grid-50"],"jetpack_publicize_connections":[],"jetpack_featured_media_url":"","wps_subtitle":"","jetpack_sharing_enabled":true,"_links":{"self":[{"href":"https:\/\/www.hoymercedes.com.ar\/principal\/wp-json\/wp\/v2\/posts\/4294","targetHints":{"allow":["GET"]}}],"collection":[{"href":"https:\/\/www.hoymercedes.com.ar\/principal\/wp-json\/wp\/v2\/posts"}],"about":[{"href":"https:\/\/www.hoymercedes.com.ar\/principal\/wp-json\/wp\/v2\/types\/post"}],"author":[{"embeddable":true,"href":"https:\/\/www.hoymercedes.com.ar\/principal\/wp-json\/wp\/v2\/users\/1"}],"replies":[{"embeddable":true,"href":"https:\/\/www.hoymercedes.com.ar\/principal\/wp-json\/wp\/v2\/comments?post=4294"}],"version-history":[{"count":0,"href":"https:\/\/www.hoymercedes.com.ar\/principal\/wp-json\/wp\/v2\/posts\/4294\/revisions"}],"wp:attachment":[{"href":"https:\/\/www.hoymercedes.com.ar\/principal\/wp-json\/wp\/v2\/media?parent=4294"}],"wp:term":[{"taxonomy":"category","embeddable":true,"href":"https:\/\/www.hoymercedes.com.ar\/principal\/wp-json\/wp\/v2\/categories?post=4294"},{"taxonomy":"post_tag","embeddable":true,"href":"https:\/\/www.hoymercedes.com.ar\/principal\/wp-json\/wp\/v2\/tags?post=4294"}],"curies":[{"name":"wp","href":"https:\/\/api.w.org\/{rel}","templated":true}]}}