{"id":4297,"date":"2011-05-17T03:16:30","date_gmt":"2011-05-17T03:16:30","guid":{"rendered":"http:\/\/www.hoymercedes.com.ar\/principal\/?p=4297"},"modified":"2011-05-17T03:16:30","modified_gmt":"2011-05-17T03:16:30","slug":"el-ministro-julian-dominguez-llego-en-avion-y-se-fue-en-auto","status":"publish","type":"post","link":"https:\/\/www.hoymercedes.com.ar\/principal\/2011\/05\/17\/el-ministro-julian-dominguez-llego-en-avion-y-se-fue-en-auto\/","title":{"rendered":"El ministro Juli\u00e1n Dom\u00ednguez lleg\u00f3 en avi\u00f3n y se fue en auto"},"content":{"rendered":"<p>En su visita realizada el viernes pasado, el ministro de Agricultura, Ganader\u00eda y Pesca de la Naci\u00f3n, Juli\u00e1n Dom\u00ednguez, tuvo inconvenientes para retirarse de la ciudad. Dom\u00ednguez, ven\u00eda desde el norte del pa\u00eds y por eso, para llegar a Mercedes, utiliz\u00f3 un avi\u00f3n. La idea era que, luego de su visita por la ciudad, siguiera camino otra vez v\u00eda a\u00e9rea, pero no pudo ser.<\/p>\n<p>La raz\u00f3n por la cual debi\u00f3  irse por ruta terrestre fue que el anochecer impidi\u00f3 que la aeronave que lo trajo pudiera despegar, ya que el aeroclub de Mercedes no cuenta con el balizamiento correspondiente, algo que viene pidiendo al municipio desde hace m\u00e1s de un lustro y que Selva lleg\u00f3 a prometer en uno de sus discursos que realiz\u00f3 hace unos a\u00f1os, durante un festival a\u00e9reo.<\/p>\n<p>Los directivos del aeroclub tuvieron la posibilidad de gestionar hace 15 d\u00edas en la Administraci\u00f3n Nacional de Aviaci\u00f3n Civil el balizamiento para la iluminaci\u00f3n nocturna de la pista de aterrizaje que se necesita, gracias a gestiones realizadas por el precandidato a intendente por el Frente Mercedino Para la Victoria, Juan Ustarroz, junto a Eduardo de Pedro, vicepresidente de Aerol\u00edneas Argentinas, quienes se interesaron por las necesidades que tiene la entidad mercedina. De la misma, tambi\u00e9n particip\u00f3 el Lic. Ignacio Lamothe, asesor de Unidad Presidente de Presidencia de la Naci\u00f3n.<\/p>\n<p>Otro de los temas fundamentales y que vienen siendo postergados desde hace a\u00f1os en la entidad mercedina y que se consigui\u00f3 solucionar fue la situaci\u00f3n laboral del Jefe de Aer\u00f3dromo, el piloto Dami\u00e1n Caballero.<\/p>\n<p>El presidente del Aeroclub, Eduardo Voloni, junto al secretario de la entidad, Mario Landi, se reunieron con Fernando Jantus, director de la ANAC, quien se interioriz\u00f3 en las necesidades que tiene la instituci\u00f3n.<\/p>\n<p>El Aeroclub ven\u00eda estudiando la posibilidad de instalar el balizamiento y busc\u00f3 el apoyo del municipio, sin resultado positivo.<\/p>\n<p>Hace aproximadamente tres a\u00f1os, una ni\u00f1a reci\u00e9n nacida deb\u00eda ser trasladada al hospital de ni\u00f1os de La Plata en un avi\u00f3n sanitario. El mismo, que lleg\u00f3 a Mercedes, tuvo que irse a Luj\u00e1n porque para cuando llegara la ambulancia al Aeroclub iba a ser de noche y no iba a poder despegar. Eso produjo que la llegada de la beba se atrasara por lo menos una hora, ya que debi\u00f3 ser conducida en ambulancia hasta Luj\u00e1n, y al llegar a La Plata las condiciones de ella hab\u00edan empeorado notoriamente. El avi\u00f3n no pudo partir desde Mercedes por la falta de la iluminaci\u00f3n correspondiente.<\/p>\n<p>El presidente del Aeroclub, Eduardo Voloni, se mostr\u00f3 feliz por lo obtenido y asegur\u00f3 que en poco tiempo se podr\u00e1 tener el balizamiento, que es un gran avance para la ciudad en materia aeron\u00e1utica, ya que se podr\u00e1 tener en cuenta a la ciudad para emergencias durante la noche.<\/p>\n<p>Por su parte, Mario Landi, hizo hincapi\u00e9 en la falta que le hace a la ciudad que el aeroclub tenga la iluminaci\u00f3n correspondiente y no se vuelva a vivir una situaci\u00f3n como la del viernes y Mercedes pueda darle la bienvenida a cualquier funcionario que visite la ciudad y deba venir v\u00eda a\u00e9rea.<\/p>\n<p>Luego de este hecho, una radio local y un grupo de Boy Scouts realizaron una colecta, pero el dinero juntado no alcanz\u00f3 para realizar el balizamiento. El mismo es autom\u00e1tico, por lo que, cuando un avi\u00f3n en emergencia necesita aterrizar en Mercedes en horas de la noche, la pista se ilumina, por tanto, no deber\u00e1 continuar viaje hasta Chivilcoy o bajar antes, en Luj\u00e1n.<\/p>\n<p><span style=\"color: #888888;\">Fuente: FMpV<\/span><\/p>\n","protected":false},"excerpt":{"rendered":"<p>En su visita realizada el viernes pasado, el ministro de Agricultura, Ganader\u00eda y Pesca de la Naci\u00f3n, Juli\u00e1n Dom\u00ednguez, tuvo &#8230; <a title=\"El ministro Juli\u00e1n Dom\u00ednguez lleg\u00f3 en avi\u00f3n y se fue en auto\" class=\"read-more\" href=\"https:\/\/www.hoymercedes.com.ar\/principal\/2011\/05\/17\/el-ministro-julian-dominguez-llego-en-avion-y-se-fue-en-auto\/\" aria-label=\"Leer m\u00e1s sobre El ministro Juli\u00e1n Dom\u00ednguez lleg\u00f3 en avi\u00f3n y se fue en auto\">Leer m\u00e1s<\/a><\/p>\n","protected":false},"author":1,"featured_media":0,"comment_status":"open","ping_status":"open","sticky":false,"template":"","format":"standard","meta":{"_monsterinsights_skip_tracking":false,"_monsterinsights_sitenote_active":false,"_monsterinsights_sitenote_note":"","_monsterinsights_sitenote_category":0,"jetpack_post_was_ever_published":false,"_jetpack_newsletter_access":"","_jetpack_dont_email_post_to_subs":false,"_jetpack_newsletter_tier_id":0,"_jetpack_memberships_contains_paywalled_content":false,"_jetpack_memberships_contains_paid_content":false,"footnotes":"","jetpack_publicize_message":"","jetpack_publicize_feature_enabled":true,"jetpack_social_post_already_shared":false,"jetpack_social_options":{"image_generator_settings":{"template":"highway","default_image_id":0,"font":"","enabled":false},"version":2},"_wpas_customize_per_network":false},"categories":[5],"tags":[806,379],"class_list":["post-4297","post","type-post","status-publish","format-standard","hentry","category-politica","tag-aero-club-mercedes","tag-frente-mercedino-para-la-victoria","generate-columns","tablet-grid-50","mobile-grid-100","grid-parent","grid-50"],"jetpack_publicize_connections":[],"jetpack_featured_media_url":"","wps_subtitle":"","jetpack_sharing_enabled":true,"_links":{"self":[{"href":"https:\/\/www.hoymercedes.com.ar\/principal\/wp-json\/wp\/v2\/posts\/4297","targetHints":{"allow":["GET"]}}],"collection":[{"href":"https:\/\/www.hoymercedes.com.ar\/principal\/wp-json\/wp\/v2\/posts"}],"about":[{"href":"https:\/\/www.hoymercedes.com.ar\/principal\/wp-json\/wp\/v2\/types\/post"}],"author":[{"embeddable":true,"href":"https:\/\/www.hoymercedes.com.ar\/principal\/wp-json\/wp\/v2\/users\/1"}],"replies":[{"embeddable":true,"href":"https:\/\/www.hoymercedes.com.ar\/principal\/wp-json\/wp\/v2\/comments?post=4297"}],"version-history":[{"count":0,"href":"https:\/\/www.hoymercedes.com.ar\/principal\/wp-json\/wp\/v2\/posts\/4297\/revisions"}],"wp:attachment":[{"href":"https:\/\/www.hoymercedes.com.ar\/principal\/wp-json\/wp\/v2\/media?parent=4297"}],"wp:term":[{"taxonomy":"category","embeddable":true,"href":"https:\/\/www.hoymercedes.com.ar\/principal\/wp-json\/wp\/v2\/categories?post=4297"},{"taxonomy":"post_tag","embeddable":true,"href":"https:\/\/www.hoymercedes.com.ar\/principal\/wp-json\/wp\/v2\/tags?post=4297"}],"curies":[{"name":"wp","href":"https:\/\/api.w.org\/{rel}","templated":true}]}}