{"id":42993,"date":"2015-07-10T09:06:32","date_gmt":"2015-07-10T12:06:32","guid":{"rendered":"http:\/\/www.hoymercedes.com.ar\/principal\/?p=42993"},"modified":"2015-07-10T09:06:32","modified_gmt":"2015-07-10T12:06:32","slug":"de-pedro-scioli-zannini-es-una-garantia-para-los-argentinos-que-anhelan-cumplir-sus-suenos","status":"publish","type":"post","link":"https:\/\/www.hoymercedes.com.ar\/principal\/2015\/07\/10\/de-pedro-scioli-zannini-es-una-garantia-para-los-argentinos-que-anhelan-cumplir-sus-suenos\/","title":{"rendered":"De Pedro: \u00abScioli-Zannini es una garant\u00eda para los argentinos que anhelan cumplir sus sue\u00f1os\u00bb"},"content":{"rendered":"<figure id=\"attachment_42994\" aria-describedby=\"caption-attachment-42994\" style=\"width: 610px\" class=\"wp-caption aligncenter\"><a href=\"https:\/\/www.hoymercedes.com.ar\/principal\/wp-content\/uploads\/2015\/07\/Depedro-hurlinghan.jpg\"><img loading=\"lazy\" decoding=\"async\" data-attachment-id=\"42994\" data-permalink=\"https:\/\/www.hoymercedes.com.ar\/principal\/2015\/07\/10\/de-pedro-scioli-zannini-es-una-garantia-para-los-argentinos-que-anhelan-cumplir-sus-suenos\/depedro-hurlinghan\/#main\" data-orig-file=\"https:\/\/www.hoymercedes.com.ar\/principal\/wp-content\/uploads\/2015\/07\/Depedro-hurlinghan.jpg\" data-orig-size=\"620,413\" data-comments-opened=\"1\" data-image-meta=\"{&quot;aperture&quot;:&quot;0&quot;,&quot;credit&quot;:&quot;&quot;,&quot;camera&quot;:&quot;&quot;,&quot;caption&quot;:&quot;T\\u00e9lam 08\/07\/2015\\nBuenos Aires, El secretario general de la Presidencia y primer candidato a diputado nacional del Frente para la Victoria,  Eduardo \\&quot;Wado\\&quot; De Pedro y el candidato a intendente de Hurlingham,  Juan Horacio \\&quot;Juanchi\\&quot; Zabaleta, durantel el acto realizado en ese distrito bonaerense, ante un auditorio colmado de militantes.\\nFoto: Ra\\u00fal Ferrari\/EMA&quot;,&quot;created_timestamp&quot;:&quot;0&quot;,&quot;copyright&quot;:&quot;&quot;,&quot;focal_length&quot;:&quot;0&quot;,&quot;iso&quot;:&quot;0&quot;,&quot;shutter_speed&quot;:&quot;0&quot;,&quot;title&quot;:&quot;&quot;,&quot;orientation&quot;:&quot;0&quot;}\" data-image-title=\"Depedro-hurlinghan\" data-image-description=\"\" data-image-caption=\"&lt;p&gt;T\u00e9lam 08\/07\/2015&lt;br \/&gt;\nBuenos Aires, El secretario general de la Presidencia y primer candidato a diputado nacional del Frente para la Victoria,  Eduardo \u00abWado\u00bb De Pedro y el candidato a intendente de Hurlingham,  Juan Horacio \u00abJuanchi\u00bb Zabaleta, durantel el acto realizado en ese distrito bonaerense, ante un auditorio colmado de militantes.&lt;br \/&gt;\nFoto: Ra\u00fal Ferrari\/EMA&lt;\/p&gt;\n\" data-large-file=\"https:\/\/www.hoymercedes.com.ar\/principal\/wp-content\/uploads\/2015\/07\/Depedro-hurlinghan.jpg\" class=\"Img2014 wp-image-42994 size-full\" title=\"Wado de Pedro en Hurlingham\" src=\"https:\/\/www.hoymercedes.com.ar\/principal\/wp-content\/uploads\/2015\/07\/Depedro-hurlinghan.jpg\" alt=\"T\u00e9lam 08\/07\/2015 Buenos Aires, El secretario general de la Presidencia y primer candidato a diputado nacional del Frente para la Victoria,  Eduardo &quot;Wado&quot; De Pedro y el candidato a intendente de Hurlingham,  Juan Horacio &quot;Juanchi&quot; Zabaleta, durantel el acto realizado en ese distrito bonaerense, ante un auditorio colmado de militantes. Foto: Ra\u00fal Ferrari\/EMA\" width=\"620\" height=\"413\" srcset=\"https:\/\/www.hoymercedes.com.ar\/principal\/wp-content\/uploads\/2015\/07\/Depedro-hurlinghan.jpg 620w, https:\/\/www.hoymercedes.com.ar\/principal\/wp-content\/uploads\/2015\/07\/Depedro-hurlinghan-150x100.jpg 150w, https:\/\/www.hoymercedes.com.ar\/principal\/wp-content\/uploads\/2015\/07\/Depedro-hurlinghan-290x193.jpg 290w, https:\/\/www.hoymercedes.com.ar\/principal\/wp-content\/uploads\/2015\/07\/Depedro-hurlinghan-50x33.jpg 50w\" sizes=\"auto, (max-width: 620px) 100vw, 620px\" \/><\/a><figcaption id=\"caption-attachment-42994\" class=\"wp-caption-text\">T\u00e9lam 08\/07\/2015<br \/> Buenos Aires, El secretario general de la Presidencia y primer candidato a diputado nacional del Frente para la Victoria, Eduardo \u00abWado\u00bb De Pedro y el candidato a intendente de Hurlingham, Juan Horacio \u00abJuanchi\u00bb Zabaleta, durantel el acto realizado en ese distrito bonaerense, ante un auditorio colmado de militantes.<br \/> Foto: Ra\u00fal Ferrari\/EMA<\/figcaption><\/figure>\n<p><em><strong>El secretario General de la Presidencia y primer candidato a diputado nacional del Frente para la Victoria por la provincia de Buenos Aires, Eduardo \u00abWado\u00bb de Pedro, afirm\u00f3 que la f\u00f3rmula presidencial que integran Daniel Scioli y Carlos Zannini \u201ces una garant\u00eda para los argentinos que anhelan cumplir sus sue\u00f1os\u201d.<\/strong><\/em><br \/>\n\u201cVamos a seguir trabajando por todos los argentinos junto a Daniel Scioli y Carlos Zannini, que forman una f\u00f3rmula que es la garant\u00eda para que los argentinos cumplan sus sue\u00f1os\u201d, se\u00f1al\u00f3 de Pedro durante un acto que se llev\u00f3 a cabo en Hurlingham, y durante el cual se present\u00f3 la lista de postulantes del Frente para la Victoria en ese distrito.<br \/>\nEn el auditorio repleto del ex cine de esa localidad de la zona oeste del Gran Buenos Aires, el funcionario y dirigente de la agrupaci\u00f3n La C\u00e1mpora, desliz\u00f3 algunas cr\u00edtica a los precandidatos de a oposici\u00f3n, al apuntar que \u201cs\u00f3lo pretenden volver a las recetas de los &#8217;90\u201d.<\/p>\n<p>\u201cLos dirigentes de la oposici\u00f3n se presentan como el cambio, la renovaci\u00f3n, pero quieren volver a las recetas de los a\u00f1os &#8217;90. Son el pasado. El futuro es este proyecto nacional de inclusi\u00f3n\u201d, remarc\u00f3.<\/p>\n<p>En un \u00e1mbito desbordante de militancia kirchnerista, en el que estuvieron presentes las agrupaciones juveniles del Frente para la Victoria y representantes de los gremios de la UOM y SMATA, de Pedro respald\u00f3 la postulaci\u00f3n de Juan Horacio Zabaleta como intendente de Hurlingham, al destacar que \u201ces la mejor propuesta que existe\u201d en el distrito.<\/p>\n<p>\u201cJuanchi (Zabaleta) expresa la continuidad de un proyecto en el orden nacional y la garant\u00eda de un cambio en Hurlingham, tal como lo piden los vecinos\u201d, coment\u00f3 en relaci\u00f3n a la actualidad del partido que es gobernado por el intendente Luis Acu\u00f1a, que integra el Frente Renovador y es investigado actualmente junto a su familia por lavado de dinero.<\/p>\n","protected":false},"excerpt":{"rendered":"<p>El secretario General de la Presidencia y primer candidato a diputado nacional del Frente para la Victoria por la provincia &#8230; <a title=\"De Pedro: \u00abScioli-Zannini es una garant\u00eda para los argentinos que anhelan cumplir sus sue\u00f1os\u00bb\" class=\"read-more\" href=\"https:\/\/www.hoymercedes.com.ar\/principal\/2015\/07\/10\/de-pedro-scioli-zannini-es-una-garantia-para-los-argentinos-que-anhelan-cumplir-sus-suenos\/\" aria-label=\"Leer m\u00e1s sobre De Pedro: \u00abScioli-Zannini es una garant\u00eda para los argentinos que anhelan cumplir sus sue\u00f1os\u00bb\">Leer m\u00e1s<\/a><\/p>\n","protected":false},"author":1,"featured_media":42994,"comment_status":"open","ping_status":"open","sticky":false,"template":"","format":"standard","meta":{"_monsterinsights_skip_tracking":false,"_monsterinsights_sitenote_active":false,"_monsterinsights_sitenote_note":"","_monsterinsights_sitenote_category":0,"jetpack_post_was_ever_published":false,"_jetpack_newsletter_access":"","_jetpack_dont_email_post_to_subs":false,"_jetpack_newsletter_tier_id":0,"_jetpack_memberships_contains_paywalled_content":false,"_jetpack_memberships_contains_paid_content":false,"footnotes":"","jetpack_publicize_message":"","jetpack_publicize_feature_enabled":true,"jetpack_social_post_already_shared":true,"jetpack_social_options":{"image_generator_settings":{"template":"highway","default_image_id":0,"font":"","enabled":false},"version":2},"_wpas_customize_per_network":false},"categories":[11],"tags":[2686,281,7578],"class_list":["post-42993","post","type-post","status-publish","format-standard","has-post-thumbnail","hentry","category-ciudad","tag-eduardo-de-pedro","tag-wado-de-pedro","tag-wado-en-hurlingham","generate-columns","tablet-grid-50","mobile-grid-100","grid-parent","grid-50"],"jetpack_publicize_connections":[],"jetpack_featured_media_url":"https:\/\/www.hoymercedes.com.ar\/principal\/wp-content\/uploads\/2015\/07\/Depedro-hurlinghan.jpg","wps_subtitle":"Con miras a las elecciones agosto","jetpack_sharing_enabled":true,"_links":{"self":[{"href":"https:\/\/www.hoymercedes.com.ar\/principal\/wp-json\/wp\/v2\/posts\/42993","targetHints":{"allow":["GET"]}}],"collection":[{"href":"https:\/\/www.hoymercedes.com.ar\/principal\/wp-json\/wp\/v2\/posts"}],"about":[{"href":"https:\/\/www.hoymercedes.com.ar\/principal\/wp-json\/wp\/v2\/types\/post"}],"author":[{"embeddable":true,"href":"https:\/\/www.hoymercedes.com.ar\/principal\/wp-json\/wp\/v2\/users\/1"}],"replies":[{"embeddable":true,"href":"https:\/\/www.hoymercedes.com.ar\/principal\/wp-json\/wp\/v2\/comments?post=42993"}],"version-history":[{"count":0,"href":"https:\/\/www.hoymercedes.com.ar\/principal\/wp-json\/wp\/v2\/posts\/42993\/revisions"}],"wp:featuredmedia":[{"embeddable":true,"href":"https:\/\/www.hoymercedes.com.ar\/principal\/wp-json\/wp\/v2\/media\/42994"}],"wp:attachment":[{"href":"https:\/\/www.hoymercedes.com.ar\/principal\/wp-json\/wp\/v2\/media?parent=42993"}],"wp:term":[{"taxonomy":"category","embeddable":true,"href":"https:\/\/www.hoymercedes.com.ar\/principal\/wp-json\/wp\/v2\/categories?post=42993"},{"taxonomy":"post_tag","embeddable":true,"href":"https:\/\/www.hoymercedes.com.ar\/principal\/wp-json\/wp\/v2\/tags?post=42993"}],"curies":[{"name":"wp","href":"https:\/\/api.w.org\/{rel}","templated":true}]}}