{"id":43002,"date":"2015-07-10T09:48:04","date_gmt":"2015-07-10T12:48:04","guid":{"rendered":"http:\/\/www.hoymercedes.com.ar\/principal\/?p=43002"},"modified":"2015-07-12T19:13:33","modified_gmt":"2015-07-12T22:13:33","slug":"director-de-seguridad-remarco-que-no-hay-plantacion-de-marihuana-en-mercedes","status":"publish","type":"post","link":"https:\/\/www.hoymercedes.com.ar\/principal\/2015\/07\/10\/director-de-seguridad-remarco-que-no-hay-plantacion-de-marihuana-en-mercedes\/","title":{"rendered":"Director de Seguridad remarc\u00f3 que \u201cno hay plantaci\u00f3n de marihuana en Mercedes\u201d"},"content":{"rendered":"<p>&nbsp;<\/p>\n<p><em><strong>El Director de Seguridad, Esteban Rossi, coment\u00f3 que \u201cno hab\u00eda plantaciones en Mercedes y que los ladrillos que se ven en las im\u00e1genes vinieron armados desde el extranjero\u201d en relaci\u00f3n al impresionante hallazgo de m\u00e1s 700kg de marihuana durante el pasado 9 de julio<\/strong><\/em>.<\/p>\n<p><em>\u201chubo una allanamiento y tambi\u00e9n un intercambio de disparos antes de ser detenidos. Ac\u00e1 lo que sucedi\u00f3 es que el campo fue alquilado y los inquilinos eran los que realizaron la actividad il\u00edcita\u201d,<\/em> remarc\u00f3 Esteban Rossi en <strong><a href=\"http:\/\/www.fmlatribuna.com.ar\" target=\"_blank\" rel=\"noopener\">Fm La Tribuna<\/a><\/strong> durante la ma\u00f1ana del viernes en el programa \u201cPensar en voz alta\u201d de Valerga y Altieri.<\/p>\n<p><em>\u201cUno de los detenidos ten\u00eda domicilio en Gowland\u201d,<\/em> m\u00e1s all\u00e1 que no era mercedino. <em>\u201cNo vi una plantaci\u00f3n ni ning\u00fan elemento que permita procesarla, s\u00f3lo ladrillos y con seguridad les digo que no era producida ac\u00e1\u201d <\/em>afirm\u00f3 el Director de Seguridad Municipal.<\/p>\n<p>La informaci\u00f3n est\u00e1 vinculada a la detecci\u00f3n de 237kg de marihuana en Luj\u00e1n que permiti\u00f3 continuar la investigaci\u00f3n y poco despu\u00e9s hallar en un campo de Altamira otros casi 500kg.<\/p>\n<p>Interviene Juzgado Federal Mercedes, Secretaria N\u00b0\u00a02 a cargo Doctor Cubell.<\/p>\n<p><strong>Otras versiones<\/strong><\/p>\n<p>Seg\u00fan algunos medios regionales en realidad el hallazgo fue mucho m\u00e1s grande dado que desde Luj\u00e1n sostienen que en el campo de Altamira se encontraron 905.990 kilogramos de marihuana para la comercializaci\u00f3n fraccionada en 1200 ladrillos. Sumado al hallado en Luj\u00e1n se sumar\u00edan 1143.812 kilogramos. Ambas cifras salen de un pesaje efectuado posteriormente en una balanza de presi\u00f3n, inform\u00f3 Lujanenlinea.com<\/p>\n<p><strong>Armas<\/strong><\/p>\n<p>Se retuvieron un revolver calibre 22 largo marca T\u00edber numeraci\u00f3n visible 09256 y Escopeta marca Sol\u00e9 calibre 16 de 1 ca\u00f1o. Fueron, se especula, las utilizadas para el intercambio de disparos al arribo de los oficiales al lugar. Est\u00e1n a cuidado de la justicia y sujetas a los habituales peritajes.<\/p>\n<p>&nbsp;<\/p>\n","protected":false},"excerpt":{"rendered":"<p>&nbsp; El Director de Seguridad, Esteban Rossi, coment\u00f3 que \u201cno hab\u00eda plantaciones en Mercedes y que los ladrillos que se &#8230; <a title=\"Director de Seguridad remarc\u00f3 que \u201cno hay plantaci\u00f3n de marihuana en Mercedes\u201d\" class=\"read-more\" href=\"https:\/\/www.hoymercedes.com.ar\/principal\/2015\/07\/10\/director-de-seguridad-remarco-que-no-hay-plantacion-de-marihuana-en-mercedes\/\" aria-label=\"Leer m\u00e1s sobre Director de Seguridad remarc\u00f3 que \u201cno hay plantaci\u00f3n de marihuana en Mercedes\u201d\">Leer m\u00e1s<\/a><\/p>\n","protected":false},"author":1,"featured_media":27982,"comment_status":"open","ping_status":"open","sticky":false,"template":"","format":"standard","meta":{"_monsterinsights_skip_tracking":false,"_monsterinsights_sitenote_active":false,"_monsterinsights_sitenote_note":"","_monsterinsights_sitenote_category":0,"jetpack_post_was_ever_published":false,"_jetpack_newsletter_access":"","_jetpack_dont_email_post_to_subs":false,"_jetpack_newsletter_tier_id":0,"_jetpack_memberships_contains_paywalled_content":false,"_jetpack_memberships_contains_paid_content":false,"footnotes":"","jetpack_publicize_message":"","jetpack_publicize_feature_enabled":true,"jetpack_social_post_already_shared":true,"jetpack_social_options":{"image_generator_settings":{"template":"highway","default_image_id":0,"font":"","enabled":false},"version":2},"_wpas_customize_per_network":false},"categories":[85],"tags":[333,7580],"class_list":["post-43002","post","type-post","status-publish","format-standard","has-post-thumbnail","hentry","category-policial","tag-esteban-rossi","tag-marihuana-en-mercedes","generate-columns","tablet-grid-50","mobile-grid-100","grid-parent","grid-50"],"jetpack_publicize_connections":[],"jetpack_featured_media_url":"https:\/\/www.hoymercedes.com.ar\/principal\/wp-content\/uploads\/2013\/12\/EstebanRossi-directordeseguridad.jpg","wps_subtitle":"Tras impresionante hallazgo de marihuana","jetpack_sharing_enabled":true,"_links":{"self":[{"href":"https:\/\/www.hoymercedes.com.ar\/principal\/wp-json\/wp\/v2\/posts\/43002","targetHints":{"allow":["GET"]}}],"collection":[{"href":"https:\/\/www.hoymercedes.com.ar\/principal\/wp-json\/wp\/v2\/posts"}],"about":[{"href":"https:\/\/www.hoymercedes.com.ar\/principal\/wp-json\/wp\/v2\/types\/post"}],"author":[{"embeddable":true,"href":"https:\/\/www.hoymercedes.com.ar\/principal\/wp-json\/wp\/v2\/users\/1"}],"replies":[{"embeddable":true,"href":"https:\/\/www.hoymercedes.com.ar\/principal\/wp-json\/wp\/v2\/comments?post=43002"}],"version-history":[{"count":0,"href":"https:\/\/www.hoymercedes.com.ar\/principal\/wp-json\/wp\/v2\/posts\/43002\/revisions"}],"wp:featuredmedia":[{"embeddable":true,"href":"https:\/\/www.hoymercedes.com.ar\/principal\/wp-json\/wp\/v2\/media\/27982"}],"wp:attachment":[{"href":"https:\/\/www.hoymercedes.com.ar\/principal\/wp-json\/wp\/v2\/media?parent=43002"}],"wp:term":[{"taxonomy":"category","embeddable":true,"href":"https:\/\/www.hoymercedes.com.ar\/principal\/wp-json\/wp\/v2\/categories?post=43002"},{"taxonomy":"post_tag","embeddable":true,"href":"https:\/\/www.hoymercedes.com.ar\/principal\/wp-json\/wp\/v2\/tags?post=43002"}],"curies":[{"name":"wp","href":"https:\/\/api.w.org\/{rel}","templated":true}]}}