{"id":43017,"date":"2015-07-10T21:29:21","date_gmt":"2015-07-11T00:29:21","guid":{"rendered":"http:\/\/www.hoymercedes.com.ar\/principal\/?p=43017"},"modified":"2015-07-10T21:29:21","modified_gmt":"2015-07-11T00:29:21","slug":"ustarroz-agradecio-a-docentes-y-alumnos-del-plan-fines-por-apostar-a-un-futuro-mejor-para-todos","status":"publish","type":"post","link":"https:\/\/www.hoymercedes.com.ar\/principal\/2015\/07\/10\/ustarroz-agradecio-a-docentes-y-alumnos-del-plan-fines-por-apostar-a-un-futuro-mejor-para-todos\/","title":{"rendered":"Ustarroz agradeci\u00f3 a docentes y alumnos del Plan Fines \u201cpor apostar a un futuro mejor para todos\u201d"},"content":{"rendered":"<p><a href=\"https:\/\/www.hoymercedes.com.ar\/principal\/wp-content\/uploads\/2015\/07\/Almuerzo-PlanFines-Ustarroz.jpg\"><img loading=\"lazy\" decoding=\"async\" data-attachment-id=\"43018\" data-permalink=\"https:\/\/www.hoymercedes.com.ar\/principal\/2015\/07\/10\/ustarroz-agradecio-a-docentes-y-alumnos-del-plan-fines-por-apostar-a-un-futuro-mejor-para-todos\/almuerzo-planfines-ustarroz\/#main\" data-orig-file=\"https:\/\/www.hoymercedes.com.ar\/principal\/wp-content\/uploads\/2015\/07\/Almuerzo-PlanFines-Ustarroz.jpg\" data-orig-size=\"620,412\" data-comments-opened=\"1\" data-image-meta=\"{&quot;aperture&quot;:&quot;0&quot;,&quot;credit&quot;:&quot;Moreira Mario Hugo&quot;,&quot;camera&quot;:&quot;&quot;,&quot;caption&quot;:&quot;&quot;,&quot;created_timestamp&quot;:&quot;0&quot;,&quot;copyright&quot;:&quot;Moreira Mario Hugo&quot;,&quot;focal_length&quot;:&quot;0&quot;,&quot;iso&quot;:&quot;0&quot;,&quot;shutter_speed&quot;:&quot;0&quot;,&quot;title&quot;:&quot;&quot;,&quot;orientation&quot;:&quot;0&quot;}\" data-image-title=\"Almuerzo-PlanFines-Ustarroz\" data-image-description=\"\" data-image-caption=\"\" data-large-file=\"https:\/\/www.hoymercedes.com.ar\/principal\/wp-content\/uploads\/2015\/07\/Almuerzo-PlanFines-Ustarroz.jpg\" class=\"Img2014 aligncenter wp-image-43018 size-full\" title=\"Juan Ustarroz\" src=\"https:\/\/www.hoymercedes.com.ar\/principal\/wp-content\/uploads\/2015\/07\/Almuerzo-PlanFines-Ustarroz.jpg\" alt=\"Almuerzo-PlanFines-Ustarroz\" width=\"620\" height=\"412\" srcset=\"https:\/\/www.hoymercedes.com.ar\/principal\/wp-content\/uploads\/2015\/07\/Almuerzo-PlanFines-Ustarroz.jpg 620w, https:\/\/www.hoymercedes.com.ar\/principal\/wp-content\/uploads\/2015\/07\/Almuerzo-PlanFines-Ustarroz-150x100.jpg 150w, https:\/\/www.hoymercedes.com.ar\/principal\/wp-content\/uploads\/2015\/07\/Almuerzo-PlanFines-Ustarroz-290x193.jpg 290w, https:\/\/www.hoymercedes.com.ar\/principal\/wp-content\/uploads\/2015\/07\/Almuerzo-PlanFines-Ustarroz-50x33.jpg 50w\" sizes=\"auto, (max-width: 620px) 100vw, 620px\" \/><\/a><\/p>\n<p><em><strong>El presidente del bloque de concejales y precandidato a intendente del Frente Mercedino para la Victoria, Juan Ignacio Ustarroz, agradeci\u00f3 \u201ca los docentes y a los alumnos del Plan FINES\u201d de finalizaci\u00f3n de estudios secundarios \u201cpor apostar a un futuro mejor para todos y superar las dificultades para progresar, para crecer\u201d.<\/strong><\/em><\/p>\n<p>\u201cYo agradezco profundamente a los docentes y a los alumnos del FINES 2 porque hacen patria cada d\u00eda, apuestan a un futuro mejor individual y colectivo, a un pa\u00eds y a una ciudad m\u00e1s justa para todos\u201d, manifest\u00f3 Ustarroz durante un almuerzo solidario realizado el jueves en el gimnasio del club Uni\u00f3n de nuestra ciudad.<\/p>\n<p>\u201cRecorriendo las sedes del Fines \u2013record\u00f3- me he encontrado, por caso, con una abuela de 80 a\u00f1os que no ten\u00eda motivos para levantarse y la idea de completar sus estudios le devolvi\u00f3 la alegr\u00eda y hoy es el alma del grupo que integra. O con un chico de 20 a\u00f1os que va a ser padre y volvi\u00f3 a estudiar para darle un mejor futuro a su hijo. Ellos, como todos los alumnos de este plan, son un ejemplo\u201d.<\/p>\n<p>\u201cGente que en su momento, y por distintas coyunturas o circunstancias de la vida, no pudo seguir en la escuela y hoy volvi\u00f3. La educaci\u00f3n es crecer como persona, es adquirir pensamiento cr\u00edtico, es generarse oportunidades. La educaci\u00f3n es un eje central en la construcci\u00f3n de una ciudad cada d\u00eda mejor, m\u00e1s justa\u201d, insisti\u00f3.<\/p>\n<p>Ante unas 300 personas (profesores, alumnos, coordinadores y autoridades del plan), y con el objetivo de recaudar fondos para la compra de materiales para las sedes, Juani tambi\u00e9n agradeci\u00f3 \u201ca todas las instituciones, clubes o sociedades de fomento que abren sus puertas para que los mercedinos puedan finalizar sus estudios secundarios\u201d y felicit\u00f3 \u201ca los equipos\u201d del Frente Mercedino que organizaron el encuentro.<\/p>\n<p>\u201cComo digo siempre, afortunadamente no estoy solo. Me acompa\u00f1a un mont\u00f3n de gente valiosa y solidaria que tambi\u00e9n quiere una ciudad mejor\u201d, dijo.<\/p>\n<p>Durante su discurso, Ustarroz se detuvo especialmente en la solidaridad. \u201cEste almuerzo es un ejemplo que desde el Frente Mercedino se repite constantemente y ser\u00e1 una de las bases que llevaremos al gobierno, si Dios quiere y la gente nos acompa\u00f1a con su voto. Queremos un municipio solidario, un municipio de puertas abiertas desde las 8 de la ma\u00f1ana a las 8 de la noche, para que cada vecino que tenga una preocupaci\u00f3n, una inquietud o una propuesta pueda ser escuchado\u201d.<\/p>\n<p>Finalmente, el m\u00e1ximo referente del Frente Mercedino repiti\u00f3 dos propuestas que llevar\u00e1 al municipio en caso de ser intendente: \u201cEn primer lugar nos vamos a hacer cargo de toda la infraestructura de las escuelas p\u00fablicas de la ciudad. Y en segundo t\u00e9rmino tejeremos una red de apoyo escolar y alfabetizaci\u00f3n en cada uno de los rincones de Mercedes. Son propuestas simples que se pueden hacer de la mano de un municipio popular, abierto a la gente y por sobre todo solidario\u201d, concluy\u00f3.<\/p>\n<p>Entre los oradores se sucedieron tambi\u00e9n el responsable de la Comisi\u00f3n de Educaci\u00f3n del Frente Mercedino, Federico Belzunces; el m\u00e1ximo referente del Socialismo para la Victoria y precandidato a consejero escolar, Jos\u00e9 Luis Pisano; y el inspector modalidad adultos y encargado del FINES 2 en nuestra ciudad, Jorge Luis Montaldo.<\/p>\n<p>\u201cEl Plan FINES es educaci\u00f3n de calidad y popular para todos los vecinos. Y del mismo modo que es una pol\u00edtica p\u00fablica nacional que impulsa nuestra Presidenta, Cristina Fern\u00e1ndez de Kirchner \u2013dijo Montaldo-, en Mercedes tiene nombre y apellido: Juani Ustarroz, quien se puso al frente de las gestiones para cubrir las necesidades y permitir que este programa de inclusi\u00f3n social pudiera ser una realidad en la ciudad\u201d.<\/p>\n","protected":false},"excerpt":{"rendered":"<p>El presidente del bloque de concejales y precandidato a intendente del Frente Mercedino para la Victoria, Juan Ignacio Ustarroz, agradeci\u00f3 &#8230; <a title=\"Ustarroz agradeci\u00f3 a docentes y alumnos del Plan Fines \u201cpor apostar a un futuro mejor para todos\u201d\" class=\"read-more\" href=\"https:\/\/www.hoymercedes.com.ar\/principal\/2015\/07\/10\/ustarroz-agradecio-a-docentes-y-alumnos-del-plan-fines-por-apostar-a-un-futuro-mejor-para-todos\/\" aria-label=\"Leer m\u00e1s sobre Ustarroz agradeci\u00f3 a docentes y alumnos del Plan Fines \u201cpor apostar a un futuro mejor para todos\u201d\">Leer m\u00e1s<\/a><\/p>\n","protected":false},"author":1,"featured_media":43018,"comment_status":"open","ping_status":"open","sticky":false,"template":"","format":"standard","meta":{"_monsterinsights_skip_tracking":false,"_monsterinsights_sitenote_active":false,"_monsterinsights_sitenote_note":"","_monsterinsights_sitenote_category":0,"jetpack_post_was_ever_published":false,"_jetpack_newsletter_access":"","_jetpack_dont_email_post_to_subs":false,"_jetpack_newsletter_tier_id":0,"_jetpack_memberships_contains_paywalled_content":false,"_jetpack_memberships_contains_paid_content":false,"footnotes":"","jetpack_publicize_message":"","jetpack_publicize_feature_enabled":true,"jetpack_social_post_already_shared":true,"jetpack_social_options":{"image_generator_settings":{"template":"highway","default_image_id":0,"font":"","enabled":false},"version":2},"_wpas_customize_per_network":false},"categories":[23],"tags":[585,3269],"class_list":["post-43017","post","type-post","status-publish","format-standard","has-post-thumbnail","hentry","category-educacion","tag-juan-ustarroz","tag-plan-fines","generate-columns","tablet-grid-50","mobile-grid-100","grid-parent","grid-50"],"jetpack_publicize_connections":[],"jetpack_featured_media_url":"https:\/\/www.hoymercedes.com.ar\/principal\/wp-content\/uploads\/2015\/07\/Almuerzo-PlanFines-Ustarroz.jpg","wps_subtitle":"Beneficio social y educativo","jetpack_sharing_enabled":true,"_links":{"self":[{"href":"https:\/\/www.hoymercedes.com.ar\/principal\/wp-json\/wp\/v2\/posts\/43017","targetHints":{"allow":["GET"]}}],"collection":[{"href":"https:\/\/www.hoymercedes.com.ar\/principal\/wp-json\/wp\/v2\/posts"}],"about":[{"href":"https:\/\/www.hoymercedes.com.ar\/principal\/wp-json\/wp\/v2\/types\/post"}],"author":[{"embeddable":true,"href":"https:\/\/www.hoymercedes.com.ar\/principal\/wp-json\/wp\/v2\/users\/1"}],"replies":[{"embeddable":true,"href":"https:\/\/www.hoymercedes.com.ar\/principal\/wp-json\/wp\/v2\/comments?post=43017"}],"version-history":[{"count":0,"href":"https:\/\/www.hoymercedes.com.ar\/principal\/wp-json\/wp\/v2\/posts\/43017\/revisions"}],"wp:featuredmedia":[{"embeddable":true,"href":"https:\/\/www.hoymercedes.com.ar\/principal\/wp-json\/wp\/v2\/media\/43018"}],"wp:attachment":[{"href":"https:\/\/www.hoymercedes.com.ar\/principal\/wp-json\/wp\/v2\/media?parent=43017"}],"wp:term":[{"taxonomy":"category","embeddable":true,"href":"https:\/\/www.hoymercedes.com.ar\/principal\/wp-json\/wp\/v2\/categories?post=43017"},{"taxonomy":"post_tag","embeddable":true,"href":"https:\/\/www.hoymercedes.com.ar\/principal\/wp-json\/wp\/v2\/tags?post=43017"}],"curies":[{"name":"wp","href":"https:\/\/api.w.org\/{rel}","templated":true}]}}