{"id":43020,"date":"2015-07-10T21:42:10","date_gmt":"2015-07-11T00:42:10","guid":{"rendered":"http:\/\/www.hoymercedes.com.ar\/principal\/?p=43020"},"modified":"2015-07-10T21:42:10","modified_gmt":"2015-07-11T00:42:10","slug":"parque-municipal-presento-juan-ustarroz-proyecto-para-recuperarlo-y-ponerlo-en-valor","status":"publish","type":"post","link":"https:\/\/www.hoymercedes.com.ar\/principal\/2015\/07\/10\/parque-municipal-presento-juan-ustarroz-proyecto-para-recuperarlo-y-ponerlo-en-valor\/","title":{"rendered":"Parque Municipal: present\u00f3 Juan Ustarroz proyecto para recuperarlo y ponerlo en valor"},"content":{"rendered":"<p><a href=\"https:\/\/www.hoymercedes.com.ar\/principal\/wp-content\/uploads\/2015\/07\/proyecto-ustarroz-parquemunicipal.jpg\"><img loading=\"lazy\" decoding=\"async\" data-attachment-id=\"43021\" data-permalink=\"https:\/\/www.hoymercedes.com.ar\/principal\/2015\/07\/10\/parque-municipal-presento-juan-ustarroz-proyecto-para-recuperarlo-y-ponerlo-en-valor\/proyecto-ustarroz-parquemunicipal\/#main\" data-orig-file=\"https:\/\/www.hoymercedes.com.ar\/principal\/wp-content\/uploads\/2015\/07\/proyecto-ustarroz-parquemunicipal.jpg\" data-orig-size=\"620,412\" data-comments-opened=\"1\" data-image-meta=\"{&quot;aperture&quot;:&quot;0&quot;,&quot;credit&quot;:&quot;Moreira Mario Hugo&quot;,&quot;camera&quot;:&quot;&quot;,&quot;caption&quot;:&quot;&quot;,&quot;created_timestamp&quot;:&quot;0&quot;,&quot;copyright&quot;:&quot;Moreira Mario Hugo&quot;,&quot;focal_length&quot;:&quot;0&quot;,&quot;iso&quot;:&quot;0&quot;,&quot;shutter_speed&quot;:&quot;0&quot;,&quot;title&quot;:&quot;&quot;,&quot;orientation&quot;:&quot;0&quot;}\" data-image-title=\"proyecto-ustarroz-parquemunicipal\" data-image-description=\"\" data-image-caption=\"\" data-large-file=\"https:\/\/www.hoymercedes.com.ar\/principal\/wp-content\/uploads\/2015\/07\/proyecto-ustarroz-parquemunicipal.jpg\" class=\"Img2014 aligncenter wp-image-43021 size-full\" title=\"Proyecto parque municipal mercedes, juan ustarroz, frente mercedino para la victoria\" src=\"https:\/\/www.hoymercedes.com.ar\/principal\/wp-content\/uploads\/2015\/07\/proyecto-ustarroz-parquemunicipal.jpg\" alt=\"proyecto-ustarroz-parquemunicipal\" width=\"620\" height=\"412\" srcset=\"https:\/\/www.hoymercedes.com.ar\/principal\/wp-content\/uploads\/2015\/07\/proyecto-ustarroz-parquemunicipal.jpg 620w, https:\/\/www.hoymercedes.com.ar\/principal\/wp-content\/uploads\/2015\/07\/proyecto-ustarroz-parquemunicipal-150x100.jpg 150w, https:\/\/www.hoymercedes.com.ar\/principal\/wp-content\/uploads\/2015\/07\/proyecto-ustarroz-parquemunicipal-290x193.jpg 290w, https:\/\/www.hoymercedes.com.ar\/principal\/wp-content\/uploads\/2015\/07\/proyecto-ustarroz-parquemunicipal-50x33.jpg 50w\" sizes=\"auto, (max-width: 620px) 100vw, 620px\" \/><\/a><\/p>\n<p><em><strong>El presidente del bloque de concejales y precandidato a intendente del Frente Mercedino para la Victoria, Juan Ignacio Ustarroz, present\u00f3 las bases de un proyecto para recuperar y poner en valor el Parque Municipal Independencia, \u201cno solo con la idea de que puedan disfrutarlo todos los vecinos de nuestra ciudad \u2013dijo- sino tambi\u00e9n para jerarquizarlo y convertirlo en un punto de referencia tur\u00edstico regional\u201d.<\/strong><\/em><\/p>\n<p>La propuesta estuvo enmarcada en los Foros de Participaci\u00f3n Ciudadana que organiza el FMpV, en este caso el de Planificaci\u00f3n y Servicios P\u00fablicos. Ante una gran cantidad de vecinos presentes, a Ustarroz lo acompa\u00f1aron el arquitecto Diego Aguilar Mazzuca (parte de sus equipos t\u00e9cnicos) y la especialista en urbanismo Laila Robledo. Fue el mi\u00e9rcoles por la noche, en el sal\u00f3n de la Sociedad Espa\u00f1ola.<\/p>\n<p>\u201cQueremos integrar el parque a la ciudad y por eso presentamos las bases de este proyecto no como una idea cerrada, sino como un punto de partida para que desde todos los sectores se puedan ir sumando recomendaciones y mejoras, con participaci\u00f3n, que es el eje esencial de los Foros de diferentes \u00e1reas que organizamos desde el Frente Mercedino\u201d, explic\u00f3 Juani.<\/p>\n<p>\u201cEl Parque tiene 54 hect\u00e1reas que representan un enorme potencial \u2013agreg\u00f3-. Hay una cuesti\u00f3n esencial para atender, que es el tema de las inundaciones. Somos conscientes de la problem\u00e1tica que significa no solo para el lugar, sino para la ciudad en su totalidad. Pero aun as\u00ed se puede planificar un trabajo intensivo y creativo para darle al Parque otra cara, convertirlo en un lugar lindo y disfrutable tanto para los vecinos de Mercedes como para los turistas que llegan a la ciudad\u201d.<\/p>\n<p>Ustarroz enumer\u00f3 \u201cnuevos caminos, equipamiento y revalorizaci\u00f3n de la ribera\u201d entre los trabajos a realizar dentro del Parque Municipal.<\/p>\n<p>\u201cTenemos un ejemplo concreto, que es el proyecto que venimos llevando adelante en el predio de la vieja estaci\u00f3n Trocha. Transformamos un bald\u00edo que era un foco de inseguridad en un espacio de cultura, recreaci\u00f3n y esparcimiento para Mercedes. Y dentro de poco, con los trabajos que se vienen realizando dentro del plan nacional de recuperaci\u00f3n de infraestructura ferroviaria, ser\u00e1 algo hermoso. Lo mismo tenemos planificado para el parque, con la participaci\u00f3n de todos los vecinos\u201d, manifest\u00f3.<\/p>\n<p>Por su parte, Laila Robledo explic\u00f3 que se hizo un estudio preliminar en la zona que va desde la Cruz de Palo hasta la ruta provincial 41 \u201cpara trazar un diagn\u00f3stico inicial y elaborar las l\u00edneas fundacionales de este proyecto\u201d; pero record\u00f3 que \u201cJuani pidi\u00f3 expresamente abrir la propuesta a la ciudadan\u00eda para que todos los vecinos puedan hacer sus recomendaciones, aportar sus ideas para mejorar la zona\u201d.<\/p>\n<p>\u201cMercedes tiene en el Parque Municipal un sitio excepcional, \u00fanico en la zona \u2013dijo-, lo que la posiciona en un lugar inmejorable para ser eje del turismo regional. Este proyecto busca potenciar ese aspecto no solo del espacio verde sino tambi\u00e9n del r\u00edo\u201d.<\/p>\n<p>La urbanista aconsej\u00f3 \u201cver al r\u00edo Luj\u00e1n como un recurso estructurante del desarrollo de la ciudad. Mercedes ha crecido d\u00e1ndole la espalda al r\u00edo cuando, desde el punto de vista t\u00e9cnico, puede hacerlo al rev\u00e9s, jerarquizando su zona ribere\u00f1a\u201d. Y respecto del Parque advirti\u00f3 muy puntualmente \u201clas dificultades que presenta en el acceso\u201d.<\/p>\n<p>\u201cNo es f\u00e1cil llegar al Parque para aquellas personas que vienen desde otras ciudades. No son claros los accesos ni los caminos. Eso es corregible\u201d, concluy\u00f3.<\/p>\n<p>En los primeros encuentros del Foro de Planificaci\u00f3n, realizados semanas atr\u00e1s, Juani present\u00f3 tambi\u00e9n otros proyectos: \u201cTenemos que pensar no solo qu\u00e9 Mercedes queremos a 30 \u00f3 50 a\u00f1os, conservando los valores de buenos vecinos, pr\u00e1cticas, usos y costumbres que nos identifican; sino tambi\u00e9n resolver el d\u00eda a d\u00eda de los servicios p\u00fablicos y las preocupaciones cotidianas de los vecinos para dar respuestas a todas las falencias que hoy son evidentes en nuestra ciudad\u201d, cont\u00f3 entonces.<\/p>\n<p>Ustarroz, junto con sus equipos t\u00e9cnicos y Santiago Rodr\u00edguez y Federico Robledo (responsables de la Secretar\u00eda de Ciencia, Tecnolog\u00eda y Producci\u00f3n del Ministerio de Defensa de la Naci\u00f3n), vienen trabajando en el programa ACTUAR;\u00a0que suma el conocimiento, la tecnolog\u00eda y la ciencia al servicio del desarrollo urbano y territorial.<\/p>\n<p>\u201cEl proyecto con el que venimos trabajando junto a Juani y los equipos del Frente Mercedino va a modificar la mirada que tenemos sobre la planificaci\u00f3n de la ciudad \u2013a\u00f1adi\u00f3 Aguilar Mazzuca-, y en ese sentido es de suma importancia la incorporaci\u00f3n del saber te\u00f3rico y espec\u00edfico de diferentes sectores. La existencia de tecnolog\u00eda de avanzada nos permite dar un enorme salto de calidad en la proyecci\u00f3n de Mercedes, y a eso apuntamos tambi\u00e9n en el proyecto para el Parque Municipal Independencia\u201d.<\/p>\n<p>Juani, finalmente, indic\u00f3: \u201cHace mucho tiempo venimos trabajando con nuestros equipos sobre una necesidad que en Mercedes es evidente: la planificaci\u00f3n urbana, la gesti\u00f3n en el crecimiento demogr\u00e1fico y la posibilidad de articular respuestas r\u00e1pidas anta la emergencia. Combinar distintos factores al momento de analizar e implementar pol\u00edticas p\u00fablicas es indispensable\u201d.<\/p>\n<p>\u201cPor eso queremos convocar a todos a trabajar pensando en la ciudad. A aquel vecino que quiere que su barrio mejore; a quienes est\u00e9n en instituciones deportivas, culturales, industriales; poder escuchar, explicar, trabajar en conjunto, porque aun desde las diferencias podemos generar acciones y hechos positivos para la ciudad. Esto, entendemos, es la raz\u00f3n de ser del \u2018Primero Mercedes\u2019, poner ante todo la coincidencia de que todos queremos vivir en una ciudad mejor\u201d, cerr\u00f3 Juani.<\/p>\n<p>&nbsp;<\/p>\n<p>Desde su lanzamiento, el Frente Mercedino ya ha organizado Foros de Planificaci\u00f3n, Producci\u00f3n y Empleo, Deporte y Salud, Seguridad, Educaci\u00f3n y Cultura.<\/p>\n","protected":false},"excerpt":{"rendered":"<p>El presidente del bloque de concejales y precandidato a intendente del Frente Mercedino para la Victoria, Juan Ignacio Ustarroz, present\u00f3 &#8230; <a title=\"Parque Municipal: present\u00f3 Juan Ustarroz proyecto para recuperarlo y ponerlo en valor\" class=\"read-more\" href=\"https:\/\/www.hoymercedes.com.ar\/principal\/2015\/07\/10\/parque-municipal-presento-juan-ustarroz-proyecto-para-recuperarlo-y-ponerlo-en-valor\/\" aria-label=\"Leer m\u00e1s sobre Parque Municipal: present\u00f3 Juan Ustarroz proyecto para recuperarlo y ponerlo en valor\">Leer m\u00e1s<\/a><\/p>\n","protected":false},"author":1,"featured_media":43021,"comment_status":"open","ping_status":"open","sticky":false,"template":"","format":"standard","meta":{"_monsterinsights_skip_tracking":false,"_monsterinsights_sitenote_active":false,"_monsterinsights_sitenote_note":"","_monsterinsights_sitenote_category":0,"jetpack_post_was_ever_published":false,"_jetpack_newsletter_access":"","_jetpack_dont_email_post_to_subs":false,"_jetpack_newsletter_tier_id":0,"_jetpack_memberships_contains_paywalled_content":false,"_jetpack_memberships_contains_paid_content":false,"footnotes":"","jetpack_publicize_message":"","jetpack_publicize_feature_enabled":true,"jetpack_social_post_already_shared":true,"jetpack_social_options":{"image_generator_settings":{"template":"highway","default_image_id":0,"font":"","enabled":false},"version":2},"_wpas_customize_per_network":false},"categories":[5],"tags":[379,585,7583],"class_list":["post-43020","post","type-post","status-publish","format-standard","has-post-thumbnail","hentry","category-politica","tag-frente-mercedino-para-la-victoria","tag-juan-ustarroz","tag-proyecto-parque-municipal-mercedes","generate-columns","tablet-grid-50","mobile-grid-100","grid-parent","grid-50"],"jetpack_publicize_connections":[],"jetpack_featured_media_url":"https:\/\/www.hoymercedes.com.ar\/principal\/wp-content\/uploads\/2015\/07\/proyecto-ustarroz-parquemunicipal.jpg","wps_subtitle":"Pulm\u00f3n ecol\u00f3gico y tur\u00edstico de la ciudad ","jetpack_sharing_enabled":true,"jetpack-related-posts":[{"id":100154,"url":"https:\/\/www.hoymercedes.com.ar\/principal\/2019\/09\/20\/parquizacion-en-el-parque-municipal\/","url_meta":{"origin":43020,"position":0},"title":"Paseo de Ciencias en el Parque Municipal","author":"hoymercedes","date":"20 septiembre, 2019","format":false,"excerpt":"En el marco de un plan integral de mejora y puesta en valor del Parque Municipal, las autoridades comunales acompa\u00f1ados de instituciones educativas anunciaron que se crear\u00e1 un Paseo de Ciencias con reproducciones prehist\u00f3ricas y la plantaci\u00f3n de especies aut\u00f3ctonas. A trav\u00e9s de una conferencia de prensa de la que\u2026","rel":"","context":"En \u00abMunicipio\u00bb","block_context":{"text":"Municipio","link":"https:\/\/www.hoymercedes.com.ar\/principal\/category\/municipio\/"},"img":{"alt_text":"","src":"https:\/\/i0.wp.com\/www.hoymercedes.com.ar\/principal\/wp-content\/uploads\/2019\/09\/20-muni-plantas.jpg?resize=350%2C200&ssl=1","width":350,"height":200,"srcset":"https:\/\/i0.wp.com\/www.hoymercedes.com.ar\/principal\/wp-content\/uploads\/2019\/09\/20-muni-plantas.jpg?resize=350%2C200&ssl=1 1x, https:\/\/i0.wp.com\/www.hoymercedes.com.ar\/principal\/wp-content\/uploads\/2019\/09\/20-muni-plantas.jpg?resize=525%2C300&ssl=1 1.5x, https:\/\/i0.wp.com\/www.hoymercedes.com.ar\/principal\/wp-content\/uploads\/2019\/09\/20-muni-plantas.jpg?resize=700%2C400&ssl=1 2x"},"classes":[]},{"id":139428,"url":"https:\/\/www.hoymercedes.com.ar\/principal\/2021\/11\/01\/presentaron-proyecto-para-crear-predio-ferial-y-cultural-en-el-parque\/","url_meta":{"origin":43020,"position":1},"title":"Presentaron proyecto para crear predio ferial y cultural en el Parque","author":"hoymercedes","date":"1 noviembre, 2021","format":false,"excerpt":"D\u00edas atr\u00e1s presentaron el proyecto del Predio Ferial en el Parque Municipal. Hubo representantes de la cultura, el arte, productores de salame, cerveza, artesanos, m\u00fasicos, comisiones, centros culturales, vecinos y vecinas referentes de distintos sectores. \u00a0 El intendente de Mercedes Juan Ustarroz encabez\u00f3 el encuentro de presentaci\u00f3n del proyecto del\u2026","rel":"","context":"En \u00abSociedad\u00bb","block_context":{"text":"Sociedad","link":"https:\/\/www.hoymercedes.com.ar\/principal\/category\/sociedad\/"},"img":{"alt_text":"","src":"https:\/\/i0.wp.com\/www.hoymercedes.com.ar\/principal\/wp-content\/uploads\/2021\/11\/DSC08573.jpg?resize=350%2C200&ssl=1","width":350,"height":200,"srcset":"https:\/\/i0.wp.com\/www.hoymercedes.com.ar\/principal\/wp-content\/uploads\/2021\/11\/DSC08573.jpg?resize=350%2C200&ssl=1 1x, https:\/\/i0.wp.com\/www.hoymercedes.com.ar\/principal\/wp-content\/uploads\/2021\/11\/DSC08573.jpg?resize=525%2C300&ssl=1 1.5x, https:\/\/i0.wp.com\/www.hoymercedes.com.ar\/principal\/wp-content\/uploads\/2021\/11\/DSC08573.jpg?resize=700%2C400&ssl=1 2x"},"classes":[]},{"id":145604,"url":"https:\/\/www.hoymercedes.com.ar\/principal\/2022\/03\/20\/bomberos-expuso-resultados-de-recaudacion-en-acceso-al-parque\/","url_meta":{"origin":43020,"position":2},"title":"Bomberos expuso resultados de recaudaci\u00f3n en acceso al Parque\u00a0\u00a0","author":"hoymercedes","date":"20 marzo, 2022","format":false,"excerpt":"Mediante una conferencia de prensa, los Bomberos Voluntarios de nuestra ciudad junto al intendente Juan Ignacio Ustarroz informaron sobre todo lo acontecido luego de la disposici\u00f3n comunal del cobro de entrada al parque para no residentes y turistas. Donde, todo lo recaudado, fue para la reconocida entidad. \u00a0 El cobro\u2026","rel":"","context":"En \u00abMunicipio\u00bb","block_context":{"text":"Municipio","link":"https:\/\/www.hoymercedes.com.ar\/principal\/category\/municipio\/"},"img":{"alt_text":"","src":"https:\/\/i0.wp.com\/www.hoymercedes.com.ar\/principal\/wp-content\/uploads\/2022\/03\/DSC06936.jpg?resize=350%2C200&ssl=1","width":350,"height":200,"srcset":"https:\/\/i0.wp.com\/www.hoymercedes.com.ar\/principal\/wp-content\/uploads\/2022\/03\/DSC06936.jpg?resize=350%2C200&ssl=1 1x, https:\/\/i0.wp.com\/www.hoymercedes.com.ar\/principal\/wp-content\/uploads\/2022\/03\/DSC06936.jpg?resize=525%2C300&ssl=1 1.5x, https:\/\/i0.wp.com\/www.hoymercedes.com.ar\/principal\/wp-content\/uploads\/2022\/03\/DSC06936.jpg?resize=700%2C400&ssl=1 2x"},"classes":[]},{"id":123041,"url":"https:\/\/www.hoymercedes.com.ar\/principal\/2021\/01\/08\/entregan-subsidio-a-la-comision-de-ciclismo\/","url_meta":{"origin":43020,"position":3},"title":"Entregan subsidio a la Comisi\u00f3n de Ciclismo","author":"hoymercedes","date":"8 enero, 2021","format":false,"excerpt":"El intendente municipal Juan Ustarroz entreg\u00f3 un subsidio a la Comisi\u00f3n Municipal de Ciclismo para la compra de bicicletas que se usar\u00e1n en actividades recreativas. Recibi\u00f3 en su despacho al presidente de la Comisi\u00f3n Municipal de Ciclismo, David Fresnes, para entregarle un aporte de 880 mil pesos para la compra\u2026","rel":"","context":"En \u00abMunicipio\u00bb","block_context":{"text":"Municipio","link":"https:\/\/www.hoymercedes.com.ar\/principal\/category\/municipio\/"},"img":{"alt_text":"","src":"https:\/\/i0.wp.com\/www.hoymercedes.com.ar\/principal\/wp-content\/uploads\/2021\/01\/81-2.jpeg?resize=350%2C200&ssl=1","width":350,"height":200,"srcset":"https:\/\/i0.wp.com\/www.hoymercedes.com.ar\/principal\/wp-content\/uploads\/2021\/01\/81-2.jpeg?resize=350%2C200&ssl=1 1x, https:\/\/i0.wp.com\/www.hoymercedes.com.ar\/principal\/wp-content\/uploads\/2021\/01\/81-2.jpeg?resize=525%2C300&ssl=1 1.5x, https:\/\/i0.wp.com\/www.hoymercedes.com.ar\/principal\/wp-content\/uploads\/2021\/01\/81-2.jpeg?resize=700%2C400&ssl=1 2x"},"classes":[]},{"id":38059,"url":"https:\/\/www.hoymercedes.com.ar\/principal\/2014\/11\/28\/38059\/","url_meta":{"origin":43020,"position":4},"title":"Frente Mercedino presenta proyecto de limpieza del R\u00edo Luj\u00e1n","author":"hoymercedes","date":"28 noviembre, 2014","format":false,"excerpt":"El bloque de concejales del Frente Mercedino para la Victoria, en el marco de la problem\u00e1tica de las inundaciones, present\u00f3 un proyecto para realizar todos los trabajos sobre el r\u00edo Luj\u00e1n que est\u00e1n al alcance del municipio, basado en informes de especialistas y en una recorrida por la zona ribere\u00f1a\u2026","rel":"","context":"En \u00abPol\u00edtica\u00bb","block_context":{"text":"Pol\u00edtica","link":"https:\/\/www.hoymercedes.com.ar\/principal\/category\/politica\/"},"img":{"alt_text":"ustarroz-pedidosporriolujan","src":"https:\/\/i0.wp.com\/www.hoymercedes.com.ar\/principal\/wp-content\/uploads\/2014\/11\/ustarroz-pedidosporriolujan.jpg?resize=350%2C200","width":350,"height":200,"srcset":"https:\/\/i0.wp.com\/www.hoymercedes.com.ar\/principal\/wp-content\/uploads\/2014\/11\/ustarroz-pedidosporriolujan.jpg?resize=350%2C200 1x, https:\/\/i0.wp.com\/www.hoymercedes.com.ar\/principal\/wp-content\/uploads\/2014\/11\/ustarroz-pedidosporriolujan.jpg?resize=525%2C300 1.5x"},"classes":[]},{"id":118654,"url":"https:\/\/www.hoymercedes.com.ar\/principal\/2020\/10\/17\/centro-de-egresados-del-nacional-presento-proyectos-para-la-institucion-educativa\/","url_meta":{"origin":43020,"position":5},"title":"Centro de Egresados del Nacional present\u00f3 proyectos para la instituci\u00f3n educativa","author":"Clarisa Altieri","date":"17 octubre, 2020","format":false,"excerpt":"El intendente Juan Ignacio Ustarroz se reuni\u00f3 con representantes del Centro de Egresados del Colegio Nacional Florentino Ameghino. La misma se realiz\u00f3 en el palacio Municipal con el objetivo de llevar adelante proyectos educativos, culturales y de infraestructura para la hist\u00f3rica instituci\u00f3n. \u00a0 Ya avizorando la nueva realidad post pandemia,\u2026","rel":"","context":"En \u00abMunicipio\u00bb","block_context":{"text":"Municipio","link":"https:\/\/www.hoymercedes.com.ar\/principal\/category\/municipio\/"},"img":{"alt_text":"","src":"https:\/\/i0.wp.com\/www.hoymercedes.com.ar\/principal\/wp-content\/uploads\/2020\/10\/CDG.jpeg?resize=350%2C200&ssl=1","width":350,"height":200,"srcset":"https:\/\/i0.wp.com\/www.hoymercedes.com.ar\/principal\/wp-content\/uploads\/2020\/10\/CDG.jpeg?resize=350%2C200&ssl=1 1x, https:\/\/i0.wp.com\/www.hoymercedes.com.ar\/principal\/wp-content\/uploads\/2020\/10\/CDG.jpeg?resize=525%2C300&ssl=1 1.5x, https:\/\/i0.wp.com\/www.hoymercedes.com.ar\/principal\/wp-content\/uploads\/2020\/10\/CDG.jpeg?resize=700%2C400&ssl=1 2x"},"classes":[]}],"_links":{"self":[{"href":"https:\/\/www.hoymercedes.com.ar\/principal\/wp-json\/wp\/v2\/posts\/43020","targetHints":{"allow":["GET"]}}],"collection":[{"href":"https:\/\/www.hoymercedes.com.ar\/principal\/wp-json\/wp\/v2\/posts"}],"about":[{"href":"https:\/\/www.hoymercedes.com.ar\/principal\/wp-json\/wp\/v2\/types\/post"}],"author":[{"embeddable":true,"href":"https:\/\/www.hoymercedes.com.ar\/principal\/wp-json\/wp\/v2\/users\/1"}],"replies":[{"embeddable":true,"href":"https:\/\/www.hoymercedes.com.ar\/principal\/wp-json\/wp\/v2\/comments?post=43020"}],"version-history":[{"count":0,"href":"https:\/\/www.hoymercedes.com.ar\/principal\/wp-json\/wp\/v2\/posts\/43020\/revisions"}],"wp:featuredmedia":[{"embeddable":true,"href":"https:\/\/www.hoymercedes.com.ar\/principal\/wp-json\/wp\/v2\/media\/43021"}],"wp:attachment":[{"href":"https:\/\/www.hoymercedes.com.ar\/principal\/wp-json\/wp\/v2\/media?parent=43020"}],"wp:term":[{"taxonomy":"category","embeddable":true,"href":"https:\/\/www.hoymercedes.com.ar\/principal\/wp-json\/wp\/v2\/categories?post=43020"},{"taxonomy":"post_tag","embeddable":true,"href":"https:\/\/www.hoymercedes.com.ar\/principal\/wp-json\/wp\/v2\/tags?post=43020"}],"curies":[{"name":"wp","href":"https:\/\/api.w.org\/{rel}","templated":true}]}}