{"id":4304,"date":"2011-05-17T03:23:12","date_gmt":"2011-05-17T03:23:12","guid":{"rendered":"http:\/\/www.hoymercedes.com.ar\/principal\/?p=4304"},"modified":"2011-05-17T03:23:12","modified_gmt":"2011-05-17T03:23:12","slug":"selva-recibio-250-000-para-mejorar-ingresos-a-barrios","status":"publish","type":"post","link":"https:\/\/www.hoymercedes.com.ar\/principal\/2011\/05\/17\/selva-recibio-250-000-para-mejorar-ingresos-a-barrios\/","title":{"rendered":"Selva recibi\u00f3 $ 250.000 para mejorar ingresos a barrios"},"content":{"rendered":"<figure id=\"attachment_4306\" aria-describedby=\"caption-attachment-4306\" style=\"width: 290px\" class=\"wp-caption alignleft\"><a href=\"https:\/\/www.hoymercedes.com.ar\/principal\/wp-content\/uploads\/2011\/05\/ScioliSelva.jpg\"><img loading=\"lazy\" decoding=\"async\" data-attachment-id=\"4306\" data-permalink=\"https:\/\/www.hoymercedes.com.ar\/principal\/2011\/05\/17\/selva-recibio-250-000-para-mejorar-ingresos-a-barrios\/scioliselva\/#main\" data-orig-file=\"https:\/\/www.hoymercedes.com.ar\/principal\/wp-content\/uploads\/2011\/05\/ScioliSelva.jpg\" data-orig-size=\"512,358\" data-comments-opened=\"1\" data-image-meta=\"{&quot;aperture&quot;:&quot;0&quot;,&quot;credit&quot;:&quot;&quot;,&quot;camera&quot;:&quot;&quot;,&quot;caption&quot;:&quot;&quot;,&quot;created_timestamp&quot;:&quot;0&quot;,&quot;copyright&quot;:&quot;&quot;,&quot;focal_length&quot;:&quot;0&quot;,&quot;iso&quot;:&quot;0&quot;,&quot;shutter_speed&quot;:&quot;0&quot;,&quot;title&quot;:&quot;&quot;}\" data-image-title=\"Selva junto a Scioli\" data-image-description=\"&lt;p&gt;Selva junto a Scioli&lt;\/p&gt;\n\" data-image-caption=\"&lt;p&gt;Selva junto a Scioli&lt;\/p&gt;\n\" data-large-file=\"https:\/\/www.hoymercedes.com.ar\/principal\/wp-content\/uploads\/2011\/05\/ScioliSelva.jpg\" class=\"size-medium wp-image-4306\" title=\"Selva junto a Scioli\" src=\"https:\/\/www.hoymercedes.com.ar\/principal\/wp-content\/uploads\/2011\/05\/ScioliSelva-300x209.jpg\" alt=\"Selva junto a Scioli\" width=\"300\" height=\"209\" srcset=\"https:\/\/www.hoymercedes.com.ar\/principal\/wp-content\/uploads\/2011\/05\/ScioliSelva-300x209.jpg 300w, https:\/\/www.hoymercedes.com.ar\/principal\/wp-content\/uploads\/2011\/05\/ScioliSelva.jpg 512w\" sizes=\"auto, (max-width: 300px) 100vw, 300px\" \/><\/a><figcaption id=\"caption-attachment-4306\" class=\"wp-caption-text\">Selva junto a Scioli<\/figcaption><\/figure>\n<p>El jefe comunal de nuestro partido, Carlos Am\u00e9rico Selva comparti\u00f3 ayer un acto con el gobernador de la provincia Daniel Scioli y varios de sus funcionarios junto a otros 25 intendentes bonaerenses que se desarroll\u00f3 en la ciudad de La Plata.<\/p>\n<p>Durante el encuentro el gobernador entreg\u00f3 a loas 25 comunas presentes aportes por un total cercano a los 10 millones de pesos correspondiendo a Mercedes $ 249.000 que deber\u00e1n der destinados a la consolidaci\u00f3n de los accesos a los diferentes barrios de la ciudad y el partido.<\/p>\n<p><strong>Apertura de sobre de una licitaci\u00f3n<\/strong><\/p>\n<p>Por otra parte Selva debe retornar hoy a la ciudad de La Plata para participar en la sede del Ministerio de Infraestructura y Obras (a cargo de la Arquitecta Cristina \u00c1lvarez Rodr\u00edguez) de la apertura delos sobres correspondientes al llamado a licitaci\u00f3n para las obras de ampliaci\u00f3n y refacci\u00f3n de la Planta Depuradora de L\u00edquidos Cloacales.<\/p>\n<p>La obra tiene un presupuesto oficial de alrededor de Cinco millones doscientos cincuenta mil pesos y deber\u00e1  concretarse en un plazo de 570 d\u00edas desde el momento de la firma de correspondiente contrato de inicio de obras con la empresa que se adjudique la licitaci\u00f3n .  El acto ser\u00e1 a las 11.00 y todo indica que el mandatario de nuestra ciudad viaja acompa\u00f1ado por el Secretario de Obras P\u00fablicas Ing. Gustavo Salomone<\/p>\n<p>&nbsp;<\/p>\n","protected":false},"excerpt":{"rendered":"<p>El jefe comunal de nuestro partido, Carlos Am\u00e9rico Selva comparti\u00f3 ayer un acto con el gobernador de la provincia Daniel &#8230; <a title=\"Selva recibi\u00f3 $ 250.000 para mejorar ingresos a barrios\" class=\"read-more\" href=\"https:\/\/www.hoymercedes.com.ar\/principal\/2011\/05\/17\/selva-recibio-250-000-para-mejorar-ingresos-a-barrios\/\" aria-label=\"Leer m\u00e1s sobre Selva recibi\u00f3 $ 250.000 para mejorar ingresos a barrios\">Leer m\u00e1s<\/a><\/p>\n","protected":false},"author":1,"featured_media":0,"comment_status":"open","ping_status":"open","sticky":false,"template":"","format":"standard","meta":{"_monsterinsights_skip_tracking":false,"_monsterinsights_sitenote_active":false,"_monsterinsights_sitenote_note":"","_monsterinsights_sitenote_category":0,"jetpack_post_was_ever_published":false,"_jetpack_newsletter_access":"","_jetpack_dont_email_post_to_subs":false,"_jetpack_newsletter_tier_id":0,"_jetpack_memberships_contains_paywalled_content":false,"_jetpack_memberships_contains_paid_content":false,"footnotes":"","jetpack_publicize_message":"","jetpack_publicize_feature_enabled":true,"jetpack_social_post_already_shared":false,"jetpack_social_options":{"image_generator_settings":{"template":"highway","default_image_id":0,"font":"","enabled":false},"version":2},"_wpas_customize_per_network":false},"categories":[5],"tags":[10,721,18],"class_list":["post-4304","post","type-post","status-publish","format-standard","hentry","category-politica","tag-mercedes","tag-scioli","tag-selva","generate-columns","tablet-grid-50","mobile-grid-100","grid-parent","grid-50"],"jetpack_publicize_connections":[],"jetpack_featured_media_url":"","wps_subtitle":"","jetpack_sharing_enabled":true,"_links":{"self":[{"href":"https:\/\/www.hoymercedes.com.ar\/principal\/wp-json\/wp\/v2\/posts\/4304","targetHints":{"allow":["GET"]}}],"collection":[{"href":"https:\/\/www.hoymercedes.com.ar\/principal\/wp-json\/wp\/v2\/posts"}],"about":[{"href":"https:\/\/www.hoymercedes.com.ar\/principal\/wp-json\/wp\/v2\/types\/post"}],"author":[{"embeddable":true,"href":"https:\/\/www.hoymercedes.com.ar\/principal\/wp-json\/wp\/v2\/users\/1"}],"replies":[{"embeddable":true,"href":"https:\/\/www.hoymercedes.com.ar\/principal\/wp-json\/wp\/v2\/comments?post=4304"}],"version-history":[{"count":0,"href":"https:\/\/www.hoymercedes.com.ar\/principal\/wp-json\/wp\/v2\/posts\/4304\/revisions"}],"wp:attachment":[{"href":"https:\/\/www.hoymercedes.com.ar\/principal\/wp-json\/wp\/v2\/media?parent=4304"}],"wp:term":[{"taxonomy":"category","embeddable":true,"href":"https:\/\/www.hoymercedes.com.ar\/principal\/wp-json\/wp\/v2\/categories?post=4304"},{"taxonomy":"post_tag","embeddable":true,"href":"https:\/\/www.hoymercedes.com.ar\/principal\/wp-json\/wp\/v2\/tags?post=4304"}],"curies":[{"name":"wp","href":"https:\/\/api.w.org\/{rel}","templated":true}]}}