{"id":43057,"date":"2015-07-12T18:47:00","date_gmt":"2015-07-12T21:47:00","guid":{"rendered":"http:\/\/www.hoymercedes.com.ar\/principal\/?p=43057"},"modified":"2015-07-13T22:31:41","modified_gmt":"2015-07-14T01:31:41","slug":"walter-yacare-sequeira-vuelve-al-ring-en-chaco-contra-patricio-pitto-y-se-vera-por-tyc","status":"publish","type":"post","link":"https:\/\/www.hoymercedes.com.ar\/principal\/2015\/07\/12\/walter-yacare-sequeira-vuelve-al-ring-en-chaco-contra-patricio-pitto-y-se-vera-por-tyc\/","title":{"rendered":"Walter \u00abYacar\u00e9\u00bb Sequeira vuelve al ring, en Chaco, contra Patricio Pitto y se ver\u00e1 por TyC"},"content":{"rendered":"<p><a href=\"https:\/\/www.hoymercedes.com.ar\/principal\/wp-content\/uploads\/2015\/07\/prieto-sequeira.jpg\"><img loading=\"lazy\" decoding=\"async\" data-attachment-id=\"43058\" data-permalink=\"https:\/\/www.hoymercedes.com.ar\/principal\/2015\/07\/12\/walter-yacare-sequeira-vuelve-al-ring-en-chaco-contra-patricio-pitto-y-se-vera-por-tyc\/prieto-sequeira\/#main\" data-orig-file=\"https:\/\/www.hoymercedes.com.ar\/principal\/wp-content\/uploads\/2015\/07\/prieto-sequeira.jpg\" data-orig-size=\"620,424\" data-comments-opened=\"1\" data-image-meta=\"{&quot;aperture&quot;:&quot;0&quot;,&quot;credit&quot;:&quot;&quot;,&quot;camera&quot;:&quot;&quot;,&quot;caption&quot;:&quot;&quot;,&quot;created_timestamp&quot;:&quot;0&quot;,&quot;copyright&quot;:&quot;&quot;,&quot;focal_length&quot;:&quot;0&quot;,&quot;iso&quot;:&quot;0&quot;,&quot;shutter_speed&quot;:&quot;0&quot;,&quot;title&quot;:&quot;&quot;,&quot;orientation&quot;:&quot;0&quot;}\" data-image-title=\"prieto-sequeira\" data-image-description=\"\" data-image-caption=\"\" data-large-file=\"https:\/\/www.hoymercedes.com.ar\/principal\/wp-content\/uploads\/2015\/07\/prieto-sequeira.jpg\" class=\"Img2014 aligncenter wp-image-43058 size-full\" title=\"Yacar\u00e9 Sequeira\" src=\"https:\/\/www.hoymercedes.com.ar\/principal\/wp-content\/uploads\/2015\/07\/prieto-sequeira.jpg\" alt=\"prieto-sequeira\" width=\"620\" height=\"424\" srcset=\"https:\/\/www.hoymercedes.com.ar\/principal\/wp-content\/uploads\/2015\/07\/prieto-sequeira.jpg 620w, https:\/\/www.hoymercedes.com.ar\/principal\/wp-content\/uploads\/2015\/07\/prieto-sequeira-150x103.jpg 150w, https:\/\/www.hoymercedes.com.ar\/principal\/wp-content\/uploads\/2015\/07\/prieto-sequeira-290x198.jpg 290w, https:\/\/www.hoymercedes.com.ar\/principal\/wp-content\/uploads\/2015\/07\/prieto-sequeira-50x34.jpg 50w\" sizes=\"auto, (max-width: 620px) 100vw, 620px\" \/><\/a><\/p>\n<p><em><strong>Ser\u00e1 este s\u00e1bado 18 de julio desde las 21.30 para verse la velada por TyC Sports desde la hora 23. Los combates se celebrar\u00e1n en el Estadio M\u00faltiple Arena de la Universidad Nacional Chaco Austral (UNCAUS) sito en Presidencia Roque S\u00e1enz Pe\u00f1a, Chaco. El \u201cYacare\u201d Walter Sequeira enfrentar\u00e1 a Patricio Pitto en un atractivo combate estelar.<\/strong><\/em><\/p>\n<p>Dos j\u00f3venes fondistas chocan. Con su reconocida fortaleza y marcado estilo ofensivo y explosivo, solo uno prevalecer\u00e1 en una verdadera \u201cGuerra en el Chaco\u201d. El campe\u00f3n latino mediopesado interino del Consejo Mundial de Boxeo (CMB), el ascendente mercedino Walter \u201cEl Yacar\u00e9\u201d Sequeira, se enfrentar\u00e1 al potente porte\u00f1o Patricio \u201cGrande\u201d Pitto, en el combate estelar de la velada que se desarrollar\u00e1 el s\u00e1bado 18 de julio en el Estadio M\u00faltiple Arena de la Universidad Nacional Chaco Austral (UNCAUS), sito en Comte. Fern\u00e1ndez 755, Presidencia Roque S\u00e1enz Pe\u00f1a, Chaco, Argentina, en una nueva producci\u00f3n de Argentina Boxing Promotions, de Mario Margossian, que ser\u00e1 transmitida en vivo a trav\u00e9s de TyC Sports a partir de las 23, para Argentina y toda Am\u00e9rica.<br \/>\nEn un encuentro de pron\u00f3stico sumamente reservado, Sequeira (14-1, 10 KOs), actual N\u00b0 3 del ranking argentino mediopesado, quien tras caer en su debut ha hilvanado catorce triunfos en fila, conquistando el pasado 15 de agosto su t\u00edtulo al liquidar al pampeano Gast\u00f3n Soria en dos asaltos en su Mercedes, Buenos Aires, natal, y que retuvo sobre el bonaerense Roberto Moreno en fallo un\u00e1nime y el santafesino Mauricio Caceda por nocaut t\u00e9cnico en el cuarto round, frente a un peligroso Pitto (8-2-2, 6 KOs), N\u00b0 3 del escalaf\u00f3n argentino crucero, quien tras cuatro \u00e9xitos consecutivos, todos por la v\u00eda r\u00e1pida, destac\u00e1ndose sobre el tucumano Marcos Ju\u00e1rez en el sexto, el bonaerense Marcos Barroca en el cuarto, y el bonaerense Pablo Curbelo en el tercero, llega luego del 16 de mayo igualar ante el bonaerense Cristian Medina en fallo mayoritario en Los Polvorines, Buenos Aires, y ans\u00eda su primer t\u00edtulo.<br \/>\nLuego de caer en su debut, Sequeira se ha encargado de cuanto rival tuvo enfrente. Tras tres victorias, entre las que se destaca la obtenida sobre el bonaerense Maximiliano G\u00f3mez, el 7 de septiembre de 2013 dio cuenta del bonaerense Bruno Hong por nocaut t\u00e9cnico en el primer asalto en el estadio Luna Park de Buenos Aires. Luego de deshacerse del bonaerense Jorge Garc\u00eda por nocaut t\u00e9cnico en el tercero y del tucumano Pedro Flores en el cuarto, ya en 2014 dobleg\u00f3 en dos ocasiones y en fallo un\u00e1nime al bonaerense Ram\u00f3n Garc\u00eda, previo a liquidar al cordob\u00e9s Dar\u00edo Balmaceda en dos rounds en Mercedes. Ratificando su ascenso, el pasado 15 de agosto pulveriz\u00f3 al pampeano Gast\u00f3n Soria por nocaut en el segundo para alzarse con el cetro latino mediopesado interino CMB en Mercedes. Tras acabar nuevamente con Ram\u00f3n Garc\u00eda por nocaut en el cuarto, refrend\u00f3 su corona el 27 de diciembre sobre el bonaerense Roberto Moreno en fallo un\u00e1nime, y el 18 de abril sobre el santafesino Mauricio Caceda por nocaut t\u00e9cnico en el cuarto round, y llega tras el 20 de junio despachar en duelo no titular al cordob\u00e9s Sergio C\u00f3rdoba en el segundo en Trenque Lauquen, Buenos Aires. Ahora, a los 28 a\u00f1os, buscar\u00e1 brillar y posicionarse en el mercado internacional.<br \/>\nSin embargo en Pitto tendr\u00e1 un peligroso retador. Tras superar a sus primeros cuatro rivales, ceder su invicto a manos del bonaerense Jonathan Spesny en las tarjetas, pero desquitarse de su verdugo, el 28 de agosto de 2010 cay\u00f3 ante el santiague\u00f1o Daniel Sanabria en fallo mayoritario en el estadio Luna Park de Buenos Aires. Tras ello, el 30 de mayo de 2014 regres\u00f3 luego de tres a\u00f1os y nueve meses alejado y acab\u00f3 con el tucumano Pedro Flores por nocaut t\u00e9cnico en el cuarto cap\u00edtulo en Tapiales, Buenos Aires. El pasado 12 de septiembre dio cuenta del tucumano Marcos Ju\u00e1rez por nocaut t\u00e9cnico en el sexto, el 28 de noviembre detuvo al bonaerense Marcos Barroca por nocaut en el cuarto, y luego del 21 de febrero liquidar al bonaerense Pablo Curbelo en el tercero, llega tras el 16 de mayo igualar en una batalla con el bonaerense Cristian Medina en fallo mayoritario por el cinto latino crucero del CMB en Los Polvorines. Ahora, el nacido en la ciudad de Buenos Aires hace 31 a\u00f1os est\u00e1 listo para una nueva oportunidad estelar y alzarse con su primer t\u00edtulo.<\/p>\n<p>Preliminares<br \/>\nM\u00e1s all\u00e1 del duelo de fondo, una atractiva programaci\u00f3n se prepara para completar la cartelera. Entre otros, se presentar\u00e1n el invicto ligero porte\u00f1o Jonathan \u201cHueso\u201d Oliva (8-0, 6 KOs), el invicto mediano porte\u00f1o Tom\u00e1s \u201cLa Cobra\u201d Reynoso (7-0, 3 KOs) ante el bonaerense Abel \u201cEl Principito\u201d Adriel (14-10-3, 3 KOs), y el debutante bonaerense Leo \u201cEl Semental\u201d Barcel\u00f3, frente a competitivas pruebas.<\/p>\n<p>Fuente: Prensa Nicol\u00e1s Samuilov<\/p>\n","protected":false},"excerpt":{"rendered":"<p>Ser\u00e1 este s\u00e1bado 18 de julio desde las 21.30 para verse la velada por TyC Sports desde la hora 23. &#8230; <a title=\"Walter \u00abYacar\u00e9\u00bb Sequeira vuelve al ring, en Chaco, contra Patricio Pitto y se ver\u00e1 por TyC\" class=\"read-more\" href=\"https:\/\/www.hoymercedes.com.ar\/principal\/2015\/07\/12\/walter-yacare-sequeira-vuelve-al-ring-en-chaco-contra-patricio-pitto-y-se-vera-por-tyc\/\" aria-label=\"Leer m\u00e1s sobre Walter \u00abYacar\u00e9\u00bb Sequeira vuelve al ring, en Chaco, contra Patricio Pitto y se ver\u00e1 por TyC\">Leer m\u00e1s<\/a><\/p>\n","protected":false},"author":1,"featured_media":43058,"comment_status":"open","ping_status":"open","sticky":false,"template":"","format":"standard","meta":{"_monsterinsights_skip_tracking":false,"_monsterinsights_sitenote_active":false,"_monsterinsights_sitenote_note":"","_monsterinsights_sitenote_category":0,"jetpack_post_was_ever_published":false,"_jetpack_newsletter_access":"","_jetpack_dont_email_post_to_subs":false,"_jetpack_newsletter_tier_id":0,"_jetpack_memberships_contains_paywalled_content":false,"_jetpack_memberships_contains_paid_content":false,"footnotes":"","jetpack_publicize_message":"","jetpack_publicize_feature_enabled":true,"jetpack_social_post_already_shared":true,"jetpack_social_options":{"image_generator_settings":{"template":"highway","default_image_id":0,"font":"","enabled":false},"version":2},"_wpas_customize_per_network":false},"categories":[21],"tags":[7588,3806,7589],"class_list":["post-43057","post","type-post","status-publish","format-standard","has-post-thumbnail","hentry","category-deportes","tag-patricio-pitto","tag-walter-yacare-sequeira","tag-yacare-sequeira-en-chaco","generate-columns","tablet-grid-50","mobile-grid-100","grid-parent","grid-50"],"jetpack_publicize_connections":[],"jetpack_featured_media_url":"https:\/\/www.hoymercedes.com.ar\/principal\/wp-content\/uploads\/2015\/07\/prieto-sequeira.jpg","wps_subtitle":"El telantoso boxeador mercedino buscar\u00e1 otra victoria","jetpack_sharing_enabled":true,"_links":{"self":[{"href":"https:\/\/www.hoymercedes.com.ar\/principal\/wp-json\/wp\/v2\/posts\/43057","targetHints":{"allow":["GET"]}}],"collection":[{"href":"https:\/\/www.hoymercedes.com.ar\/principal\/wp-json\/wp\/v2\/posts"}],"about":[{"href":"https:\/\/www.hoymercedes.com.ar\/principal\/wp-json\/wp\/v2\/types\/post"}],"author":[{"embeddable":true,"href":"https:\/\/www.hoymercedes.com.ar\/principal\/wp-json\/wp\/v2\/users\/1"}],"replies":[{"embeddable":true,"href":"https:\/\/www.hoymercedes.com.ar\/principal\/wp-json\/wp\/v2\/comments?post=43057"}],"version-history":[{"count":0,"href":"https:\/\/www.hoymercedes.com.ar\/principal\/wp-json\/wp\/v2\/posts\/43057\/revisions"}],"wp:featuredmedia":[{"embeddable":true,"href":"https:\/\/www.hoymercedes.com.ar\/principal\/wp-json\/wp\/v2\/media\/43058"}],"wp:attachment":[{"href":"https:\/\/www.hoymercedes.com.ar\/principal\/wp-json\/wp\/v2\/media?parent=43057"}],"wp:term":[{"taxonomy":"category","embeddable":true,"href":"https:\/\/www.hoymercedes.com.ar\/principal\/wp-json\/wp\/v2\/categories?post=43057"},{"taxonomy":"post_tag","embeddable":true,"href":"https:\/\/www.hoymercedes.com.ar\/principal\/wp-json\/wp\/v2\/tags?post=43057"}],"curies":[{"name":"wp","href":"https:\/\/api.w.org\/{rel}","templated":true}]}}