{"id":43095,"date":"2015-07-13T22:25:39","date_gmt":"2015-07-14T01:25:39","guid":{"rendered":"http:\/\/www.hoymercedes.com.ar\/principal\/?p=43095"},"modified":"2015-07-14T22:09:26","modified_gmt":"2015-07-15T01:09:26","slug":"eduardo-wado-de-pedro-por-segunda-vez-en-encuentro-con-papa-francisco","status":"publish","type":"post","link":"https:\/\/www.hoymercedes.com.ar\/principal\/2015\/07\/13\/eduardo-wado-de-pedro-por-segunda-vez-en-encuentro-con-papa-francisco\/","title":{"rendered":"Eduardo \u00abWado\u00bb De Pedro por segunda vez en encuentro con Papa Francisco"},"content":{"rendered":"<p><a href=\"https:\/\/www.hoymercedes.com.ar\/principal\/wp-content\/uploads\/2015\/07\/wado-papafrancisco.jpg\"><img loading=\"lazy\" decoding=\"async\" data-attachment-id=\"43096\" data-permalink=\"https:\/\/www.hoymercedes.com.ar\/principal\/2015\/07\/13\/eduardo-wado-de-pedro-por-segunda-vez-en-encuentro-con-papa-francisco\/wado-papafrancisco\/#main\" data-orig-file=\"https:\/\/www.hoymercedes.com.ar\/principal\/wp-content\/uploads\/2015\/07\/wado-papafrancisco.jpg\" data-orig-size=\"620,413\" data-comments-opened=\"1\" data-image-meta=\"{&quot;aperture&quot;:&quot;0&quot;,&quot;credit&quot;:&quot;&quot;,&quot;camera&quot;:&quot;&quot;,&quot;caption&quot;:&quot;&quot;,&quot;created_timestamp&quot;:&quot;0&quot;,&quot;copyright&quot;:&quot;&quot;,&quot;focal_length&quot;:&quot;0&quot;,&quot;iso&quot;:&quot;0&quot;,&quot;shutter_speed&quot;:&quot;0&quot;,&quot;title&quot;:&quot;&quot;,&quot;orientation&quot;:&quot;0&quot;}\" data-image-title=\"wado-papafrancisco\" data-image-description=\"\" data-image-caption=\"\" data-large-file=\"https:\/\/www.hoymercedes.com.ar\/principal\/wp-content\/uploads\/2015\/07\/wado-papafrancisco.jpg\" class=\"Img2014 aligncenter wp-image-43096 size-full\" src=\"https:\/\/www.hoymercedes.com.ar\/principal\/wp-content\/uploads\/2015\/07\/wado-papafrancisco.jpg\" alt=\"wado-papafrancisco\" width=\"620\" height=\"413\" srcset=\"https:\/\/www.hoymercedes.com.ar\/principal\/wp-content\/uploads\/2015\/07\/wado-papafrancisco.jpg 620w, https:\/\/www.hoymercedes.com.ar\/principal\/wp-content\/uploads\/2015\/07\/wado-papafrancisco-150x100.jpg 150w, https:\/\/www.hoymercedes.com.ar\/principal\/wp-content\/uploads\/2015\/07\/wado-papafrancisco-290x193.jpg 290w, https:\/\/www.hoymercedes.com.ar\/principal\/wp-content\/uploads\/2015\/07\/wado-papafrancisco-50x33.jpg 50w\" sizes=\"auto, (max-width: 620px) 100vw, 620px\" \/><\/a><\/p>\n<p><em><strong>El Secretario General de la Presidencia, el mercedino Eduardo \u201cWado\u201d\u00a0de Pedro, particip\u00f3 por segunda vez de un encuentro con el Papa Francisco. Lo hizo al acompa\u00f1ar a la Presidenta de la Naci\u00f3n, Cristina Fern\u00e1ndez de Kirchner, a Paraguay.<\/strong><\/em><br \/>\nLa primera mandataria particip\u00f3 de la Santa Misa que Francisco ofici\u00f3 ante m\u00e1s de un mill\u00f3n de personas en el predio de \u00d1u Guasu, en Asunci\u00f3n.\u00a0De Pedro estuvo\u00a0\u00a0junto a la Presidenta y el primer mandatario paraguayo, Horacio Cartes.<br \/>\nEste encuentro fue el sexto que Cristina Kirchner mantuvo con el Sumo Pont\u00edfice desde su\u00a0asunci\u00f3n al frente de la Iglesia Cat\u00f3lica y el segundo del que participa De Pedro.<\/p>\n<p>El primero de esos encuentros fue en el Vaticano. En esa oportunidad De Pedro asisti\u00f3 en su car\u00e1cter de Diputado Nacional, cargo que el que este a\u00f1o se postula nuevamente, ahora encabezando la lista del Frente para la Victoria. En aquel encuentro De Pedro obsequi\u00f3 al Papa Francisco salames mercedinos, que fueron muy celebrados por el Pont\u00edfice y por todos los mercedinos que se sintieron representados por ese gesto tan t\u00edpico de nuestra ciudad.<\/p>\n<p><a href=\"https:\/\/www.hoymercedes.com.ar\/principal\/wp-content\/uploads\/2015\/07\/wado-cristina.jpg\"><img loading=\"lazy\" decoding=\"async\" data-attachment-id=\"43097\" data-permalink=\"https:\/\/www.hoymercedes.com.ar\/principal\/2015\/07\/13\/eduardo-wado-de-pedro-por-segunda-vez-en-encuentro-con-papa-francisco\/wado-cristina\/#main\" data-orig-file=\"https:\/\/www.hoymercedes.com.ar\/principal\/wp-content\/uploads\/2015\/07\/wado-cristina.jpg\" data-orig-size=\"620,462\" data-comments-opened=\"1\" data-image-meta=\"{&quot;aperture&quot;:&quot;0&quot;,&quot;credit&quot;:&quot;&quot;,&quot;camera&quot;:&quot;&quot;,&quot;caption&quot;:&quot;&quot;,&quot;created_timestamp&quot;:&quot;0&quot;,&quot;copyright&quot;:&quot;&quot;,&quot;focal_length&quot;:&quot;0&quot;,&quot;iso&quot;:&quot;0&quot;,&quot;shutter_speed&quot;:&quot;0&quot;,&quot;title&quot;:&quot;&quot;,&quot;orientation&quot;:&quot;0&quot;}\" data-image-title=\"wado-cristina\" data-image-description=\"\" data-image-caption=\"\" data-large-file=\"https:\/\/www.hoymercedes.com.ar\/principal\/wp-content\/uploads\/2015\/07\/wado-cristina.jpg\" class=\"Img2014 aligncenter wp-image-43097 size-full\" src=\"https:\/\/www.hoymercedes.com.ar\/principal\/wp-content\/uploads\/2015\/07\/wado-cristina.jpg\" alt=\"wado-cristina\" width=\"620\" height=\"462\" srcset=\"https:\/\/www.hoymercedes.com.ar\/principal\/wp-content\/uploads\/2015\/07\/wado-cristina.jpg 620w, https:\/\/www.hoymercedes.com.ar\/principal\/wp-content\/uploads\/2015\/07\/wado-cristina-150x112.jpg 150w, https:\/\/www.hoymercedes.com.ar\/principal\/wp-content\/uploads\/2015\/07\/wado-cristina-290x216.jpg 290w, https:\/\/www.hoymercedes.com.ar\/principal\/wp-content\/uploads\/2015\/07\/wado-cristina-50x37.jpg 50w\" sizes=\"auto, (max-width: 620px) 100vw, 620px\" \/><\/a><br \/>\nCristina fue especialmente invitada por el presidente paraguayo, Horacio Cartes, y fue la \u00fanica\u00a0mandataria de la regi\u00f3n que asistir\u00e1 a la misa. El Pont\u00edfice cierra as\u00ed la gira por parte de Sudam\u00e9rica.<br \/>\nLa acompa\u00f1\u00f3 una reducida comitiva encabezada peor De Pedro y\u00a0el vicecanciller Eduardo Zuain, el secretario\u00a0de Culto, Guillermo Olivieri, el embajador ante la Santa Sede, Eduardo Vald\u00e9s, y el secretario de Comunicaci\u00f3n P\u00fablica, Alfredo Scoccimarro.<\/p>\n","protected":false},"excerpt":{"rendered":"<p>El Secretario General de la Presidencia, el mercedino Eduardo \u201cWado\u201d\u00a0de Pedro, particip\u00f3 por segunda vez de un encuentro con el &#8230; <a title=\"Eduardo \u00abWado\u00bb De Pedro por segunda vez en encuentro con Papa Francisco\" class=\"read-more\" href=\"https:\/\/www.hoymercedes.com.ar\/principal\/2015\/07\/13\/eduardo-wado-de-pedro-por-segunda-vez-en-encuentro-con-papa-francisco\/\" aria-label=\"Leer m\u00e1s sobre Eduardo \u00abWado\u00bb De Pedro por segunda vez en encuentro con Papa Francisco\">Leer m\u00e1s<\/a><\/p>\n","protected":false},"author":1,"featured_media":43096,"comment_status":"open","ping_status":"open","sticky":false,"template":"","format":"standard","meta":{"_monsterinsights_skip_tracking":false,"_monsterinsights_sitenote_active":false,"_monsterinsights_sitenote_note":"","_monsterinsights_sitenote_category":0,"jetpack_post_was_ever_published":false,"_jetpack_newsletter_access":"","_jetpack_dont_email_post_to_subs":false,"_jetpack_newsletter_tier_id":0,"_jetpack_memberships_contains_paywalled_content":false,"_jetpack_memberships_contains_paid_content":false,"footnotes":"","jetpack_publicize_message":"","jetpack_publicize_feature_enabled":true,"jetpack_social_post_already_shared":true,"jetpack_social_options":{"image_generator_settings":{"template":"highway","default_image_id":0,"font":"","enabled":false},"version":2},"_wpas_customize_per_network":false},"categories":[5],"tags":[7607,7606,281],"class_list":["post-43095","post","type-post","status-publish","format-standard","has-post-thumbnail","hentry","category-politica","tag-papa-francisco-y-wado","tag-wado-con-el-papa","tag-wado-de-pedro","generate-columns","tablet-grid-50","mobile-grid-100","grid-parent","grid-50"],"jetpack_publicize_connections":[],"jetpack_featured_media_url":"https:\/\/www.hoymercedes.com.ar\/principal\/wp-content\/uploads\/2015\/07\/wado-papafrancisco.jpg","wps_subtitle":"En Paraguay junto a CFK","jetpack_sharing_enabled":true,"jetpack-related-posts":[{"id":184249,"url":"https:\/\/www.hoymercedes.com.ar\/principal\/2025\/04\/28\/wado-un-mercedino-cercano-al-papa\/","url_meta":{"origin":43095,"position":0},"title":"Wado, un mercedino cercano al Papa","author":"hoymercedes","date":"28 abril, 2025","format":false,"excerpt":"As\u00ed, dentro de la comitiva que acompa\u00f1\u00f3 a la entonces presidenta Cristina Fern\u00e1ndez de Kirchner al Vaticano, se present\u00f3 Eduardo \u201cWado\u201d de Pedro ante el Papa Francisco. Era, en septiembre de 2014, el primer encuentro entre Jorge Bergoglio desde que se hab\u00eda convertido en el Papa Francisco con Cristina. En\u2026","rel":"","context":"En \u00abSociedad\u00bb","block_context":{"text":"Sociedad","link":"https:\/\/www.hoymercedes.com.ar\/principal\/category\/sociedad\/"},"img":{"alt_text":"Wado de Pedro, papa francisco","src":"https:\/\/i0.wp.com\/www.hoymercedes.com.ar\/principal\/wp-content\/uploads\/2025\/04\/Wado-Papa.jpg?resize=350%2C200&ssl=1","width":350,"height":200,"srcset":"https:\/\/i0.wp.com\/www.hoymercedes.com.ar\/principal\/wp-content\/uploads\/2025\/04\/Wado-Papa.jpg?resize=350%2C200&ssl=1 1x, https:\/\/i0.wp.com\/www.hoymercedes.com.ar\/principal\/wp-content\/uploads\/2025\/04\/Wado-Papa.jpg?resize=525%2C300&ssl=1 1.5x, https:\/\/i0.wp.com\/www.hoymercedes.com.ar\/principal\/wp-content\/uploads\/2025\/04\/Wado-Papa.jpg?resize=700%2C400&ssl=1 2x"},"classes":[]},{"id":146717,"url":"https:\/\/www.hoymercedes.com.ar\/principal\/2022\/04\/13\/ministro-wado-de-pedro-fue-recibido-por-el-papa-en-santa-marta\/","url_meta":{"origin":43095,"position":1},"title":"Ministro \u00abWado\u00bb de Pedro fue recibido por el Papa en Santa Marta","author":"hoymercedes","date":"13 abril, 2022","format":false,"excerpt":"El ministro del Interior, Wado de Pedro, se reuni\u00f3 recientemente con el Papa Francisco durante la gira que realiz\u00f3 por Italia entre el 5 y el 8 de abril, durante la cual mantuvo una extensa audiencia privada con el sumo pont\u00edfice, que se dio a conocer d\u00edas despu\u00e9s de regresar\u2026","rel":"","context":"En \u00abPol\u00edtica\u00bb","block_context":{"text":"Pol\u00edtica","link":"https:\/\/www.hoymercedes.com.ar\/principal\/category\/politica\/"},"img":{"alt_text":"","src":"https:\/\/i0.wp.com\/www.hoymercedes.com.ar\/principal\/wp-content\/uploads\/2022\/04\/DSC_82771.jpg?resize=350%2C200&ssl=1","width":350,"height":200,"srcset":"https:\/\/i0.wp.com\/www.hoymercedes.com.ar\/principal\/wp-content\/uploads\/2022\/04\/DSC_82771.jpg?resize=350%2C200&ssl=1 1x, https:\/\/i0.wp.com\/www.hoymercedes.com.ar\/principal\/wp-content\/uploads\/2022\/04\/DSC_82771.jpg?resize=525%2C300&ssl=1 1.5x, https:\/\/i0.wp.com\/www.hoymercedes.com.ar\/principal\/wp-content\/uploads\/2022\/04\/DSC_82771.jpg?resize=700%2C400&ssl=1 2x, https:\/\/i0.wp.com\/www.hoymercedes.com.ar\/principal\/wp-content\/uploads\/2022\/04\/DSC_82771.jpg?resize=1050%2C600&ssl=1 3x, https:\/\/i0.wp.com\/www.hoymercedes.com.ar\/principal\/wp-content\/uploads\/2022\/04\/DSC_82771.jpg?resize=1400%2C800&ssl=1 4x"},"classes":[]},{"id":36170,"url":"https:\/\/www.hoymercedes.com.ar\/principal\/2014\/09\/18\/wado-de-pedro-tendra-encuentro-con-papa-francisco\/","url_meta":{"origin":43095,"position":2},"title":"Wado De Pedro tendr\u00e1 encuentro con Papa Francisco","author":"hoymercedes","date":"18 septiembre, 2014","format":false,"excerpt":"El Diputado Nacional mercedino Eduardo \u2018Wado\u2019 de Pedro acompa\u00f1ar\u00e1 a la Presidenta de la Naci\u00f3n, Cristina Fern\u00e1ndez de Kirchner, en su encuentro con el Papa Francisco que se llevar\u00e1 a cabo el pr\u00f3ximo s\u00e1bado en la residencia de Santa Marta, en el Vaticano.Al referirse al encuentro que tendr\u00e1 con el\u2026","rel":"","context":"En \u00abPol\u00edtica\u00bb","block_context":{"text":"Pol\u00edtica","link":"https:\/\/www.hoymercedes.com.ar\/principal\/category\/politica\/"},"img":{"alt_text":"DePedro-CFK","src":"https:\/\/i0.wp.com\/www.hoymercedes.com.ar\/principal\/wp-content\/uploads\/2014\/09\/DePedro-CFK.jpg?resize=350%2C200","width":350,"height":200,"srcset":"https:\/\/i0.wp.com\/www.hoymercedes.com.ar\/principal\/wp-content\/uploads\/2014\/09\/DePedro-CFK.jpg?resize=350%2C200 1x, https:\/\/i0.wp.com\/www.hoymercedes.com.ar\/principal\/wp-content\/uploads\/2014\/09\/DePedro-CFK.jpg?resize=525%2C300 1.5x"},"classes":[]},{"id":36209,"url":"https:\/\/www.hoymercedes.com.ar\/principal\/2014\/09\/21\/wado-de-pedro-se-encontro-con-el-papa-francisco-y-le-llevo-salame-quintero\/","url_meta":{"origin":43095,"position":3},"title":"\u00a0Wado de Pedro se encontr\u00f3 con el Papa Francisco y le llev\u00f3 salame quintero","author":"hoymercedes","date":"21 septiembre, 2014","format":false,"excerpt":"El Diputado Nacional Eduardo \u2018Wado\u2019 de Pedro tuvo un encuentro con el Papa Francisco durante la visita que la delegaci\u00f3n argentina encabezada por la Presidenta de la Naci\u00f3n, Cristina Fern\u00e1ndez de Kirchner, llev\u00f3 a cabo el d\u00eda s\u00e1bado en la residencia de Santa Marta, en el Vaticano. El diputado tuvo\u2026","rel":"","context":"En \u00abPol\u00edtica\u00bb","block_context":{"text":"Pol\u00edtica","link":"https:\/\/www.hoymercedes.com.ar\/principal\/category\/politica\/"},"img":{"alt_text":"WadoDePedro-PapaFrancisco","src":"https:\/\/i0.wp.com\/www.hoymercedes.com.ar\/principal\/wp-content\/uploads\/2014\/09\/WadoDePedro-PapaFrancisco.jpeg?resize=350%2C200","width":350,"height":200,"srcset":"https:\/\/i0.wp.com\/www.hoymercedes.com.ar\/principal\/wp-content\/uploads\/2014\/09\/WadoDePedro-PapaFrancisco.jpeg?resize=350%2C200 1x, https:\/\/i0.wp.com\/www.hoymercedes.com.ar\/principal\/wp-content\/uploads\/2014\/09\/WadoDePedro-PapaFrancisco.jpeg?resize=525%2C300 1.5x"},"classes":[]},{"id":194968,"url":"https:\/\/www.hoymercedes.com.ar\/principal\/2026\/04\/21\/wado-de-pedro-presente-en-homenaje-a-papa-francisco\/","url_meta":{"origin":43095,"position":4},"title":"Wado de Pedro presente en homenaje a Papa Francisco","author":"hoymercedes","date":"21 abril, 2026","format":false,"excerpt":"El senador nacional y mercedino, Eduardo \"Wado\" de Pedro fue uno de los invitados a la misa oficial llevada adelante en Luj\u00e1n a un a\u00f1o de la muerde del papa Francisco. All\u00ed hubo una gran participaci\u00f3n de instituciones y expresiones pol\u00edticas que respondieron ante la convocatoria eclesi\u00e1stica. \"A un a\u00f1o\u2026","rel":"","context":"En \u00abPol\u00edtica\u00bb","block_context":{"text":"Pol\u00edtica","link":"https:\/\/www.hoymercedes.com.ar\/principal\/category\/politica\/"},"img":{"alt_text":"Wado de Pedro presente en homenaje a Papa Francisco","src":"https:\/\/i0.wp.com\/www.hoymercedes.com.ar\/principal\/wp-content\/uploads\/2026\/04\/Wado-PapaFrancisco.jpeg?resize=350%2C200&ssl=1","width":350,"height":200,"srcset":"https:\/\/i0.wp.com\/www.hoymercedes.com.ar\/principal\/wp-content\/uploads\/2026\/04\/Wado-PapaFrancisco.jpeg?resize=350%2C200&ssl=1 1x, https:\/\/i0.wp.com\/www.hoymercedes.com.ar\/principal\/wp-content\/uploads\/2026\/04\/Wado-PapaFrancisco.jpeg?resize=525%2C300&ssl=1 1.5x"},"classes":[]},{"id":36402,"url":"https:\/\/www.hoymercedes.com.ar\/principal\/2014\/09\/25\/del-papa-francisco-a-ban-ki-moon-en-la-agenda-de-de-pedro\/","url_meta":{"origin":43095,"position":5},"title":"Del Papa Francisco a Ban Ki Moon en la agenda de De Pedro","author":"hoymercedes","date":"25 septiembre, 2014","format":false,"excerpt":"El Diputado Mercedino Eduardo De Pedro continu\u00f3 con una nutrida agenda de actividades en el viaje que efect\u00faa con la Presidenta de la Naci\u00f3n Cristina Fern\u00e1ndez de Kirchner. Adem\u00e1s del conocido encuentro con el Papa Francisco, al cual le regal\u00f3 Salame Quintero de nuestra ciudad, se suman encuentros varios en\u2026","rel":"","context":"En \u00abPol\u00edtica\u00bb","block_context":{"text":"Pol\u00edtica","link":"https:\/\/www.hoymercedes.com.ar\/principal\/category\/politica\/"},"img":{"alt_text":"De Pedro y Papa Francisco","src":"https:\/\/i0.wp.com\/www.hoymercedes.com.ar\/principal\/wp-content\/uploads\/2014\/09\/DSC_8276.jpg?resize=350%2C200","width":350,"height":200,"srcset":"https:\/\/i0.wp.com\/www.hoymercedes.com.ar\/principal\/wp-content\/uploads\/2014\/09\/DSC_8276.jpg?resize=350%2C200 1x, https:\/\/i0.wp.com\/www.hoymercedes.com.ar\/principal\/wp-content\/uploads\/2014\/09\/DSC_8276.jpg?resize=525%2C300 1.5x"},"classes":[]}],"_links":{"self":[{"href":"https:\/\/www.hoymercedes.com.ar\/principal\/wp-json\/wp\/v2\/posts\/43095","targetHints":{"allow":["GET"]}}],"collection":[{"href":"https:\/\/www.hoymercedes.com.ar\/principal\/wp-json\/wp\/v2\/posts"}],"about":[{"href":"https:\/\/www.hoymercedes.com.ar\/principal\/wp-json\/wp\/v2\/types\/post"}],"author":[{"embeddable":true,"href":"https:\/\/www.hoymercedes.com.ar\/principal\/wp-json\/wp\/v2\/users\/1"}],"replies":[{"embeddable":true,"href":"https:\/\/www.hoymercedes.com.ar\/principal\/wp-json\/wp\/v2\/comments?post=43095"}],"version-history":[{"count":0,"href":"https:\/\/www.hoymercedes.com.ar\/principal\/wp-json\/wp\/v2\/posts\/43095\/revisions"}],"wp:featuredmedia":[{"embeddable":true,"href":"https:\/\/www.hoymercedes.com.ar\/principal\/wp-json\/wp\/v2\/media\/43096"}],"wp:attachment":[{"href":"https:\/\/www.hoymercedes.com.ar\/principal\/wp-json\/wp\/v2\/media?parent=43095"}],"wp:term":[{"taxonomy":"category","embeddable":true,"href":"https:\/\/www.hoymercedes.com.ar\/principal\/wp-json\/wp\/v2\/categories?post=43095"},{"taxonomy":"post_tag","embeddable":true,"href":"https:\/\/www.hoymercedes.com.ar\/principal\/wp-json\/wp\/v2\/tags?post=43095"}],"curies":[{"name":"wp","href":"https:\/\/api.w.org\/{rel}","templated":true}]}}