{"id":43109,"date":"2015-07-14T21:41:00","date_gmt":"2015-07-15T00:41:00","guid":{"rendered":"http:\/\/www.hoymercedes.com.ar\/principal\/?p=43109"},"modified":"2015-07-15T22:12:50","modified_gmt":"2015-07-16T01:12:50","slug":"avance-para-hospital-dubarry-sumo-un-colonoscopio-tras-gestiones-de-juani-ustarroz","status":"publish","type":"post","link":"https:\/\/www.hoymercedes.com.ar\/principal\/2015\/07\/14\/avance-para-hospital-dubarry-sumo-un-colonoscopio-tras-gestiones-de-juani-ustarroz\/","title":{"rendered":"Avance para Hospital Dubarry: sum\u00f3 un colonoscopio tras gestiones de Juani Ustarroz"},"content":{"rendered":"<p><a href=\"https:\/\/www.hoymercedes.com.ar\/principal\/wp-content\/uploads\/2015\/07\/hospitaldubarry.juanustarroz.rodolfoprincipi.jpg\"><img loading=\"lazy\" decoding=\"async\" data-attachment-id=\"43110\" data-permalink=\"https:\/\/www.hoymercedes.com.ar\/principal\/2015\/07\/14\/avance-para-hospital-dubarry-sumo-un-colonoscopio-tras-gestiones-de-juani-ustarroz\/hospitaldubarry-juanustarroz-rodolfoprincipi\/#main\" data-orig-file=\"https:\/\/www.hoymercedes.com.ar\/principal\/wp-content\/uploads\/2015\/07\/hospitaldubarry.juanustarroz.rodolfoprincipi.jpg\" data-orig-size=\"620,413\" data-comments-opened=\"1\" data-image-meta=\"{&quot;aperture&quot;:&quot;0&quot;,&quot;credit&quot;:&quot;SEBASTIAN_AMBROSSIO&quot;,&quot;camera&quot;:&quot;&quot;,&quot;caption&quot;:&quot;&quot;,&quot;created_timestamp&quot;:&quot;0&quot;,&quot;copyright&quot;:&quot;Sebastian Ambrossio_&quot;,&quot;focal_length&quot;:&quot;0&quot;,&quot;iso&quot;:&quot;0&quot;,&quot;shutter_speed&quot;:&quot;0&quot;,&quot;title&quot;:&quot;&quot;,&quot;orientation&quot;:&quot;0&quot;}\" data-image-title=\"hospitaldubarry.juanustarroz.rodolfoprincipi\" data-image-description=\"\" data-image-caption=\"\" data-large-file=\"https:\/\/www.hoymercedes.com.ar\/principal\/wp-content\/uploads\/2015\/07\/hospitaldubarry.juanustarroz.rodolfoprincipi.jpg\" class=\"Img2014 aligncenter wp-image-43110 size-full\" title=\"Fito Principi, Juan Ustarroz, hospital dubarry\" src=\"https:\/\/www.hoymercedes.com.ar\/principal\/wp-content\/uploads\/2015\/07\/hospitaldubarry.juanustarroz.rodolfoprincipi.jpg\" alt=\"hospitaldubarry.juanustarroz.rodolfoprincipi\" width=\"620\" height=\"413\" srcset=\"https:\/\/www.hoymercedes.com.ar\/principal\/wp-content\/uploads\/2015\/07\/hospitaldubarry.juanustarroz.rodolfoprincipi.jpg 620w, https:\/\/www.hoymercedes.com.ar\/principal\/wp-content\/uploads\/2015\/07\/hospitaldubarry.juanustarroz.rodolfoprincipi-150x100.jpg 150w, https:\/\/www.hoymercedes.com.ar\/principal\/wp-content\/uploads\/2015\/07\/hospitaldubarry.juanustarroz.rodolfoprincipi-290x193.jpg 290w, https:\/\/www.hoymercedes.com.ar\/principal\/wp-content\/uploads\/2015\/07\/hospitaldubarry.juanustarroz.rodolfoprincipi-50x33.jpg 50w\" sizes=\"auto, (max-width: 620px) 100vw, 620px\" \/><\/a><\/p>\n<p><em><strong>El hospital Blas Lorenzo Dubarry dio un nuevo gran paso en la optimizaci\u00f3n de sus recursos, al incorporar un colonoscopio \u2013aparato para diagnosticar y prevenir el c\u00e1ncer de colon y que era una fuerte demanda de los vecinos- y una especialista en gastroenterolog\u00eda, tras gestiones impulsadas por el presidente del bloque de concejales y precandidato a intendente del Frente Mercedino para la Victoria, Juan Ignacio Ustarroz.<\/strong><\/em><\/p>\n<p>\u201cCada paso que damos demanda un gran esfuerzo y cuando obtenemos los resultados que buscamos la alegr\u00eda es proporcional \u2013dijo Juani-. Este aparato para hacer colonoscop\u00edas era una necesidad espec\u00edfica que planteaban los vecinos, los m\u00e9dicos, los especialistas y la gente de LALCEC, y por eso es un orgullo haber podido conseguirlo\u201d.<\/p>\n<p>La nueva aparatolog\u00eda fue presentada en una conferencia este martes al mediod\u00eda. Junto con Ustarroz estuvieron el director del hospital, Rodolfo Pr\u00edncipi; el director asociado, Higinio Garc\u00eda Aloisio; la representante de LALCEC Rosita Pavoni y dos nuevas especialistas: la gastroenter\u00f3loga Guadalupe Dova y la asistente social Luciana Ballesteros.<\/p>\n<p>\u201cComo decimos siempre \u2013agreg\u00f3 el precandidato a intendente del FMpV-, en la salud, como en todas las pol\u00edticas p\u00fablicas, no hay colores partidarios. As\u00ed lo entendimos cuando nos sumamos a trabajar por el hospital, hace varios a\u00f1os, y as\u00ed lo seguimos entendiendo. Todos los recursos que llegan, todas las obras que se hacen, vienen a garantizar el ejercicio del derecho a la salud de todos los vecinos de Mercedes\u201d.<\/p>\n<p>Ustarroz agradeci\u00f3 \u201cal doctor Pr\u00edncipi, que siempre abri\u00f3 las puertas del hospital\u201d, y tambi\u00e9n a los ministerios de Salud de \u201cNaci\u00f3n y de Provincia, que se hacen eco de cada una de las demandas que llevamos desde nuestra ciudad y desde el Dubarry\u201d.<\/p>\n<p>Por su parte, la doctora Dova se mostr\u00f3 \u201cmuy contenta\u201d de sumarse a los equipos del hospital Dubarry y asegur\u00f3 que la incorporaci\u00f3n del aparato de colonoscop\u00eda \u201ctendr\u00e1 una enorme utilidad, porque el c\u00e1ncer de colon es una enfermedad prevalente y mucha gente muere por no tener un diagn\u00f3stico precoz y eficiente\u201d.<\/p>\n<p>\u201cHasta aqu\u00ed los vecinos de Mercedes deb\u00edan hacerse el estudio en otros lugares. Desde hoy, lo podr\u00e1n hacer en el hospital Dubarry. Y la aparatolog\u00eda tambi\u00e9n podr\u00e1 usarse en cirug\u00edas o en tratamientos oncol\u00f3gicos, por ejemplo\u201d, especific\u00f3.<\/p>\n<p>El director del establecimiento, a su vez, agreg\u00f3: \u201cSumar aparatolog\u00eda y nuevas especialidades nos permiten ir llevando al hospital a la altura que se merecen todos los vecinos de nuestra ciudad. Como dijo Juani, cada recurso demanda un gran esfuerzo previo. Las gestiones por el colonoscopio y la nueva especialista se iniciaron el a\u00f1o pasado y afortunadamente hoy podemos anunciar esta noticia\u201d.<\/p>\n<p>\u201cLa puerta del hospital no tiene llave, no tiene picaporte, est\u00e1 abierta las 24 horas para todos los vecinos \u2013a\u00f1adi\u00f3-. Esto, como todo lo que se hace en este trabajo en conjunto con el Frente Mercedino, con Juani, con el diputado provincial Alberto Espa\u00f1a, con el Secretario General de la Presidencia, Eduardo \u2018Wado\u2019 de Pedro, trasciende los nombres y son beneficios que quedan en el tiempo y para el pueblo\u201d.<\/p>\n<p>Garc\u00eda Aloisio acot\u00f3 que \u201cel hospital est\u00e1 viviendo un cambio y una transformaci\u00f3n que hace a\u00f1os no se ve\u00eda\u201d; y Rosita Pavoni expres\u00f3 su \u201cenorme alegr\u00eda\u201d en nombre de LALCEC.<\/p>\n<p>\u201cLa felicidad que tenemos es inexplicable, porque esto era algo que ansi\u00e1bamos mucho. Es cumplir un sue\u00f1o. Es ahorro de dinero y de tiempo para la gente. Estamos muy agradecidas por esto y tambi\u00e9n por los aportes que hace Juani a la instituci\u00f3n\u201d, cont\u00f3.<\/p>\n<p>Finalmente, Ustarroz dijo: \u201cEste trabajo paulatino intenta empoderar al Dubarry para garantizarle la salud a todo Mercedes. El hospital es el emblema de la salud de nuestra ciudad. En ese camino est\u00e1n todas las obras conseguidas, los recursos, los cargos o la firma reciente del convenio con el hospital Garrahan, el m\u00e1s prestigioso de la Argentina en lo que a pediatr\u00eda se refiere. As\u00ed que realmente estamos muy satisfechos\u201d.<\/p>\n","protected":false},"excerpt":{"rendered":"<p>El hospital Blas Lorenzo Dubarry dio un nuevo gran paso en la optimizaci\u00f3n de sus recursos, al incorporar un colonoscopio &#8230; <a title=\"Avance para Hospital Dubarry: sum\u00f3 un colonoscopio tras gestiones de Juani Ustarroz\" class=\"read-more\" href=\"https:\/\/www.hoymercedes.com.ar\/principal\/2015\/07\/14\/avance-para-hospital-dubarry-sumo-un-colonoscopio-tras-gestiones-de-juani-ustarroz\/\" aria-label=\"Leer m\u00e1s sobre Avance para Hospital Dubarry: sum\u00f3 un colonoscopio tras gestiones de Juani Ustarroz\">Leer m\u00e1s<\/a><\/p>\n","protected":false},"author":1,"featured_media":43110,"comment_status":"open","ping_status":"open","sticky":false,"template":"","format":"standard","meta":{"_monsterinsights_skip_tracking":false,"_monsterinsights_sitenote_active":false,"_monsterinsights_sitenote_note":"","_monsterinsights_sitenote_category":0,"jetpack_post_was_ever_published":false,"_jetpack_newsletter_access":"","_jetpack_dont_email_post_to_subs":false,"_jetpack_newsletter_tier_id":0,"_jetpack_memberships_contains_paywalled_content":false,"_jetpack_memberships_contains_paid_content":false,"footnotes":"","jetpack_publicize_message":"","jetpack_publicize_feature_enabled":true,"jetpack_social_post_already_shared":true,"jetpack_social_options":{"image_generator_settings":{"template":"highway","default_image_id":0,"font":"","enabled":false},"version":2},"_wpas_customize_per_network":false},"categories":[8],"tags":[7611,532,140,585],"class_list":["post-43109","post","type-post","status-publish","format-standard","has-post-thumbnail","hentry","category-sociedad","tag-avance-para-hospital-blas-dubarry-sumo-un-colonoscopio-tras-gestiones-de-juani-ustarroz","tag-fito-principi","tag-hospital-dubarry","tag-juan-ustarroz","generate-columns","tablet-grid-50","mobile-grid-100","grid-parent","grid-50"],"jetpack_publicize_connections":[],"jetpack_featured_media_url":"https:\/\/www.hoymercedes.com.ar\/principal\/wp-content\/uploads\/2015\/07\/hospitaldubarry.juanustarroz.rodolfoprincipi.jpg","wps_subtitle":"Importante aporte sanitario","jetpack_sharing_enabled":true,"_links":{"self":[{"href":"https:\/\/www.hoymercedes.com.ar\/principal\/wp-json\/wp\/v2\/posts\/43109","targetHints":{"allow":["GET"]}}],"collection":[{"href":"https:\/\/www.hoymercedes.com.ar\/principal\/wp-json\/wp\/v2\/posts"}],"about":[{"href":"https:\/\/www.hoymercedes.com.ar\/principal\/wp-json\/wp\/v2\/types\/post"}],"author":[{"embeddable":true,"href":"https:\/\/www.hoymercedes.com.ar\/principal\/wp-json\/wp\/v2\/users\/1"}],"replies":[{"embeddable":true,"href":"https:\/\/www.hoymercedes.com.ar\/principal\/wp-json\/wp\/v2\/comments?post=43109"}],"version-history":[{"count":0,"href":"https:\/\/www.hoymercedes.com.ar\/principal\/wp-json\/wp\/v2\/posts\/43109\/revisions"}],"wp:featuredmedia":[{"embeddable":true,"href":"https:\/\/www.hoymercedes.com.ar\/principal\/wp-json\/wp\/v2\/media\/43110"}],"wp:attachment":[{"href":"https:\/\/www.hoymercedes.com.ar\/principal\/wp-json\/wp\/v2\/media?parent=43109"}],"wp:term":[{"taxonomy":"category","embeddable":true,"href":"https:\/\/www.hoymercedes.com.ar\/principal\/wp-json\/wp\/v2\/categories?post=43109"},{"taxonomy":"post_tag","embeddable":true,"href":"https:\/\/www.hoymercedes.com.ar\/principal\/wp-json\/wp\/v2\/tags?post=43109"}],"curies":[{"name":"wp","href":"https:\/\/api.w.org\/{rel}","templated":true}]}}