{"id":4311,"date":"2011-05-17T03:28:54","date_gmt":"2011-05-17T03:28:54","guid":{"rendered":"http:\/\/www.hoymercedes.com.ar\/principal\/?p=4311"},"modified":"2011-05-17T03:28:54","modified_gmt":"2011-05-17T03:28:54","slug":"la-silla-de-la-polemica","status":"publish","type":"post","link":"https:\/\/www.hoymercedes.com.ar\/principal\/2011\/05\/17\/la-silla-de-la-polemica\/","title":{"rendered":"La silla de la pol\u00e9mica"},"content":{"rendered":"<figure id=\"attachment_4274\" aria-describedby=\"caption-attachment-4274\" style=\"width: 290px\" class=\"wp-caption alignleft\"><a href=\"https:\/\/www.hoymercedes.com.ar\/principal\/wp-content\/uploads\/2011\/05\/Silla-espera.jpg\"><img loading=\"lazy\" decoding=\"async\" data-attachment-id=\"4274\" data-permalink=\"https:\/\/www.hoymercedes.com.ar\/principal\/2011\/05\/16\/%c2%bfempleados-enojados-habrian-manifestado-que-%e2%80%9ctodos-viene-a-buscar-cosas-porque-los-envia-la-campora%e2%80%9d\/silla-espera\/#main\" data-orig-file=\"https:\/\/www.hoymercedes.com.ar\/principal\/wp-content\/uploads\/2011\/05\/Silla-espera.jpg\" data-orig-size=\"500,375\" data-comments-opened=\"1\" data-image-meta=\"{&quot;aperture&quot;:&quot;4.7&quot;,&quot;credit&quot;:&quot;&quot;,&quot;camera&quot;:&quot;COOLPIX L10&quot;,&quot;caption&quot;:&quot;&quot;,&quot;created_timestamp&quot;:&quot;1305011442&quot;,&quot;copyright&quot;:&quot;Copyright 2006&quot;,&quot;focal_length&quot;:&quot;15.3&quot;,&quot;iso&quot;:&quot;64&quot;,&quot;shutter_speed&quot;:&quot;0.016666666666667&quot;,&quot;title&quot;:&quot;&quot;}\" data-image-title=\"Silla-espera\" data-image-description=\"&lt;p&gt;Silla pol\u00e9mica&lt;\/p&gt;\n\" data-image-caption=\"\" data-large-file=\"https:\/\/www.hoymercedes.com.ar\/principal\/wp-content\/uploads\/2011\/05\/Silla-espera.jpg\" class=\"size-medium wp-image-4274\" title=\"Silla-espera\" src=\"https:\/\/www.hoymercedes.com.ar\/principal\/wp-content\/uploads\/2011\/05\/Silla-espera-300x225.jpg\" alt=\"\" width=\"300\" height=\"225\" \/><\/a><figcaption id=\"caption-attachment-4274\" class=\"wp-caption-text\">Silla pol\u00e9mica<\/figcaption><\/figure>\n<p>La noticia o, m\u00e1s bien, la protesta, dio para la pol\u00e9mica. En el d\u00eda de la publicaci\u00f3n de la foto donde aparec\u00eda una silla con la leyenda <em>\u201cSi Ud. es de la C\u00e1mpora si\u00e9ntese y espere\u201d <\/em>(Puede verse haciendo clik ac\u00e1: <a title=\"\u00bfEmpleados enojados? Habr\u00edan manifestado que \u201ctodos vienen a buscar cosas porque los env\u00eda La Campora\u201d\" href=\"https:\/\/www.hoymercedes.com.ar\/principal\/2011\/05\/16\/%c2%bfempleados-enojados-habrian-manifestado-que-%e2%80%9ctodos-viene-a-buscar-cosas-porque-los-envia-la-campora%e2%80%9d\/\">Nota<\/a>) rod\u00f3 por la ciudad generando broncas en diversos sectores.<\/p>\n<p>Los que est\u00e1n a favor de la silla dicen que el art\u00edculo termin\u00f3 siendo beneficioso hacia la fuerza pol\u00edtica La C\u00e1mpora, pues, en lugar de marcar lo que ellos entienden una realidad se centr\u00f3 no en la queja de los empleados sino en el simbolismo creado.<\/p>\n<p>Los que est\u00e1n en contra reclamaban un rechazo a la imagen y a la protesta pidiendo que qui\u00e9n est\u00e9 a cargo de la instancia p\u00fablica donde se produjo la protesta dieran la cara y se manifestaran o que denunciaran como corresponde.<\/p>\n<p>La silla existi\u00f3. La forma de protesta de los empleados tambi\u00e9n. La bronca contin\u00faa por parte de quienes trabajan en el lugar alegando que cada d\u00eda arriban personas a solicitar atenciones especiales por ir de parte de La C\u00e1mpora.<\/p>\n<p>El asunto, por el momento, no ha terminado.<\/p>\n","protected":false},"excerpt":{"rendered":"<p>La noticia o, m\u00e1s bien, la protesta, dio para la pol\u00e9mica. En el d\u00eda de la publicaci\u00f3n de la foto &#8230; <a title=\"La silla de la pol\u00e9mica\" class=\"read-more\" href=\"https:\/\/www.hoymercedes.com.ar\/principal\/2011\/05\/17\/la-silla-de-la-polemica\/\" aria-label=\"Leer m\u00e1s sobre La silla de la pol\u00e9mica\">Leer m\u00e1s<\/a><\/p>\n","protected":false},"author":1,"featured_media":0,"comment_status":"open","ping_status":"open","sticky":false,"template":"","format":"standard","meta":{"_monsterinsights_skip_tracking":false,"_monsterinsights_sitenote_active":false,"_monsterinsights_sitenote_note":"","_monsterinsights_sitenote_category":0,"jetpack_post_was_ever_published":false,"_jetpack_newsletter_access":"","_jetpack_dont_email_post_to_subs":false,"_jetpack_newsletter_tier_id":0,"_jetpack_memberships_contains_paywalled_content":false,"_jetpack_memberships_contains_paid_content":false,"footnotes":"","jetpack_publicize_message":"","jetpack_publicize_feature_enabled":true,"jetpack_social_post_already_shared":false,"jetpack_social_options":{"image_generator_settings":{"template":"highway","default_image_id":0,"font":"","enabled":false},"version":2},"_wpas_customize_per_network":false},"categories":[8],"tags":[425,808],"class_list":["post-4311","post","type-post","status-publish","format-standard","hentry","category-sociedad","tag-la-campora","tag-portesta-municipio","generate-columns","tablet-grid-50","mobile-grid-100","grid-parent","grid-50"],"jetpack_publicize_connections":[],"jetpack_featured_media_url":"","wps_subtitle":"","jetpack_sharing_enabled":true,"_links":{"self":[{"href":"https:\/\/www.hoymercedes.com.ar\/principal\/wp-json\/wp\/v2\/posts\/4311","targetHints":{"allow":["GET"]}}],"collection":[{"href":"https:\/\/www.hoymercedes.com.ar\/principal\/wp-json\/wp\/v2\/posts"}],"about":[{"href":"https:\/\/www.hoymercedes.com.ar\/principal\/wp-json\/wp\/v2\/types\/post"}],"author":[{"embeddable":true,"href":"https:\/\/www.hoymercedes.com.ar\/principal\/wp-json\/wp\/v2\/users\/1"}],"replies":[{"embeddable":true,"href":"https:\/\/www.hoymercedes.com.ar\/principal\/wp-json\/wp\/v2\/comments?post=4311"}],"version-history":[{"count":0,"href":"https:\/\/www.hoymercedes.com.ar\/principal\/wp-json\/wp\/v2\/posts\/4311\/revisions"}],"wp:attachment":[{"href":"https:\/\/www.hoymercedes.com.ar\/principal\/wp-json\/wp\/v2\/media?parent=4311"}],"wp:term":[{"taxonomy":"category","embeddable":true,"href":"https:\/\/www.hoymercedes.com.ar\/principal\/wp-json\/wp\/v2\/categories?post=4311"},{"taxonomy":"post_tag","embeddable":true,"href":"https:\/\/www.hoymercedes.com.ar\/principal\/wp-json\/wp\/v2\/tags?post=4311"}],"curies":[{"name":"wp","href":"https:\/\/api.w.org\/{rel}","templated":true}]}}