{"id":43131,"date":"2015-07-15T22:05:58","date_gmt":"2015-07-16T01:05:58","guid":{"rendered":"http:\/\/www.hoymercedes.com.ar\/principal\/?p=43131"},"modified":"2015-07-15T22:05:58","modified_gmt":"2015-07-16T01:05:58","slug":"presentan-obra-de-gas-natural-en-sociedad-de-fomento-lomas-del-pacifico","status":"publish","type":"post","link":"https:\/\/www.hoymercedes.com.ar\/principal\/2015\/07\/15\/presentan-obra-de-gas-natural-en-sociedad-de-fomento-lomas-del-pacifico\/","title":{"rendered":"Presentan obra de gas natural en sociedad de fomento Lomas del Pacifico"},"content":{"rendered":"<p><a href=\"https:\/\/www.hoymercedes.com.ar\/principal\/wp-content\/uploads\/2015\/07\/gas-barrio-ustarroz.jpg\"><img loading=\"lazy\" decoding=\"async\" data-attachment-id=\"43132\" data-permalink=\"https:\/\/www.hoymercedes.com.ar\/principal\/2015\/07\/15\/presentan-obra-de-gas-natural-en-sociedad-de-fomento-lomas-del-pacifico\/gas-barrio-ustarroz\/#main\" data-orig-file=\"https:\/\/www.hoymercedes.com.ar\/principal\/wp-content\/uploads\/2015\/07\/gas-barrio-ustarroz.jpg\" data-orig-size=\"620,412\" data-comments-opened=\"1\" data-image-meta=\"{&quot;aperture&quot;:&quot;0&quot;,&quot;credit&quot;:&quot;Moreira Mario Hugo&quot;,&quot;camera&quot;:&quot;&quot;,&quot;caption&quot;:&quot;&quot;,&quot;created_timestamp&quot;:&quot;0&quot;,&quot;copyright&quot;:&quot;Moreira Mario Hugo&quot;,&quot;focal_length&quot;:&quot;0&quot;,&quot;iso&quot;:&quot;0&quot;,&quot;shutter_speed&quot;:&quot;0&quot;,&quot;title&quot;:&quot;&quot;,&quot;orientation&quot;:&quot;0&quot;}\" data-image-title=\"gas-barrio-ustarroz\" data-image-description=\"\" data-image-caption=\"\" data-large-file=\"https:\/\/www.hoymercedes.com.ar\/principal\/wp-content\/uploads\/2015\/07\/gas-barrio-ustarroz.jpg\" class=\"Img2014 aligncenter wp-image-43132 size-full\" src=\"https:\/\/www.hoymercedes.com.ar\/principal\/wp-content\/uploads\/2015\/07\/gas-barrio-ustarroz.jpg\" alt=\"gas-barrio-ustarroz\" width=\"620\" height=\"412\" srcset=\"https:\/\/www.hoymercedes.com.ar\/principal\/wp-content\/uploads\/2015\/07\/gas-barrio-ustarroz.jpg 620w, https:\/\/www.hoymercedes.com.ar\/principal\/wp-content\/uploads\/2015\/07\/gas-barrio-ustarroz-150x100.jpg 150w, https:\/\/www.hoymercedes.com.ar\/principal\/wp-content\/uploads\/2015\/07\/gas-barrio-ustarroz-290x193.jpg 290w, https:\/\/www.hoymercedes.com.ar\/principal\/wp-content\/uploads\/2015\/07\/gas-barrio-ustarroz-50x33.jpg 50w\" sizes=\"auto, (max-width: 620px) 100vw, 620px\" \/><\/a><\/p>\n<p><em><strong>La sede de la sociedad de fomento del barrio Lomas del Pac\u00edfico estar\u00e1 conectada, por fin, a la red de gas natural: el viernes 20 de este mes comenzar\u00e1n las obras en tal sentido, tras distintos aportes gestionados por el presidente del bloque de concejales y precandidato a intendente del Frente Mercedino para la Victoria, Juan Ignacio Ustarroz.<\/strong><\/em><\/p>\n<p>\u201cHace bastante tiempo se hab\u00eda planteado la refacci\u00f3n de la sede de la sociedad de fomento y no solo se ha avanzado much\u00edsimo, sino que tambi\u00e9n tenemos el orgullo de anunciar que el viernes 20 comenzar\u00e1 la obra para conectarse al gas natural, que es otro sue\u00f1o por el que todos han luchado cada d\u00eda. Esto es producto del trabajo de ustedes\u201d, explic\u00f3 Ustarroz ante decenas de vecinos del Lomas del Pac\u00edfico.<\/p>\n<p>\u201cCuando se trabaja en conjunto se logran avances, como lo vemos ac\u00e1 mismo \u2013agreg\u00f3-. Entendemos la pol\u00edtica con vocaci\u00f3n de servicio, una herramienta para servir al pr\u00f3jimo y transformar la vida de la gente, y estos ejemplos son un orgullo. Lo que nosotros proponemos y ya estamos haciendo es muy simple: escuchar a la gente, ver cu\u00e1les son las necesidades y prioridades m\u00e1s importantes y hacer lugar a ese reclamo\u201d.<\/p>\n<p>La obra tendr\u00e1 un costo aproximado de 25 mil pesos y servir\u00e1 para dar mayor comodidad a la sede, donde se realizan numerosas actividades.<\/p>\n<p>\u201cEn esta sociedad de fomento funciona una sede del plan Fines para la finalizaci\u00f3n de los estudios secundarios, hay clases de educaci\u00f3n f\u00edsica para chicos dos veces por semana y se est\u00e1 construyendo una sala de computaci\u00f3n, entre muchas otras cosas. Es muy lindo ver los avances y la concreci\u00f3n de los sue\u00f1os colectivos\u201d, expres\u00f3 Juani.<\/p>\n<p>El presidente del bloque de concejales del FMpV reconoci\u00f3 adem\u00e1s la importancia de la educaci\u00f3n para la sociedad y agreg\u00f3 que \u201cno hay sociedad que pueda crecer si no hay educaci\u00f3n, por venimos trabajando fuertemente con escuelas y jardines\u201d.<\/p>\n<p>\u201cEl Estado nacional env\u00eda 12 millones de pesos destinados a la educaci\u00f3n que cuando recorremos las escuelas no los vemos. Nuestro proyecto busca igualar para arriba, nunca para abajo, por eso reclamamos que esos 12 millones de pesos est\u00e9n destinados a las escuelas. Hacer un mapa de prioridades y proyectar un plan de obras con docentes, directivos y padres. Ver qu\u00e9 obras se van a hacer en las escuelas de Mercedes\u201d, dijo.<\/p>\n<p>En este mismo acto, Ustarroz reiter\u00f3 sus prioridades y metas sobre educaci\u00f3n: \u201cEn caso de que la gente me acompa\u00f1e con el voto y podamos llegar al municipio, vamos a firmar un convenio para hacernos cargo de toda la infraestructura de las escuelas p\u00fablicas del Partido de Mercedes. Que directivos y docentes puedan dedicarse de lleno a las tareas pedag\u00f3gicas y sacarles esa preocupaci\u00f3n\u201d.<\/p>\n<p>\u201cY tambi\u00e9n haremos en todos los barrios apoyo escolar para que los chicos no repitan y no dejen la escuela. Esto ya es una realidad: hoy tenemos m\u00e1s de 10 sedes fijas donde se hace apoyo escolar a los chicos. Hemos impulsado Fines en mercedes, donde hoy hay 800 estudiantes. Si generamos oportunidades, si incluimos, si trabajamos con amor, si armamos equipos capacitados, estoy convencido de que se puede\u201d, concluy\u00f3.<\/p>\n","protected":false},"excerpt":{"rendered":"<p>La sede de la sociedad de fomento del barrio Lomas del Pac\u00edfico estar\u00e1 conectada, por fin, a la red de &#8230; <a title=\"Presentan obra de gas natural en sociedad de fomento Lomas del Pacifico\" class=\"read-more\" href=\"https:\/\/www.hoymercedes.com.ar\/principal\/2015\/07\/15\/presentan-obra-de-gas-natural-en-sociedad-de-fomento-lomas-del-pacifico\/\" aria-label=\"Leer m\u00e1s sobre Presentan obra de gas natural en sociedad de fomento Lomas del Pacifico\">Leer m\u00e1s<\/a><\/p>\n","protected":false},"author":1,"featured_media":43132,"comment_status":"open","ping_status":"open","sticky":false,"template":"","format":"standard","meta":{"_monsterinsights_skip_tracking":false,"_monsterinsights_sitenote_active":false,"_monsterinsights_sitenote_note":"","_monsterinsights_sitenote_category":0,"jetpack_post_was_ever_published":false,"_jetpack_newsletter_access":"","_jetpack_dont_email_post_to_subs":false,"_jetpack_newsletter_tier_id":0,"_jetpack_memberships_contains_paywalled_content":false,"_jetpack_memberships_contains_paid_content":false,"footnotes":"","jetpack_publicize_message":"","jetpack_publicize_feature_enabled":true,"jetpack_social_post_already_shared":true,"jetpack_social_options":{"image_generator_settings":{"template":"highway","default_image_id":0,"font":"","enabled":false},"version":2},"_wpas_customize_per_network":false},"categories":[8],"tags":[585,7618],"class_list":["post-43131","post","type-post","status-publish","format-standard","has-post-thumbnail","hentry","category-sociedad","tag-juan-ustarroz","tag-presentan-obra-de-gas-natural-en-sociedad-de-fomento-lomas-del-pacifico","generate-columns","tablet-grid-50","mobile-grid-100","grid-parent","grid-50"],"jetpack_publicize_connections":[],"jetpack_featured_media_url":"https:\/\/www.hoymercedes.com.ar\/principal\/wp-content\/uploads\/2015\/07\/gas-barrio-ustarroz.jpg","wps_subtitle":"Beneficio para los vecinos ","jetpack_sharing_enabled":true,"_links":{"self":[{"href":"https:\/\/www.hoymercedes.com.ar\/principal\/wp-json\/wp\/v2\/posts\/43131","targetHints":{"allow":["GET"]}}],"collection":[{"href":"https:\/\/www.hoymercedes.com.ar\/principal\/wp-json\/wp\/v2\/posts"}],"about":[{"href":"https:\/\/www.hoymercedes.com.ar\/principal\/wp-json\/wp\/v2\/types\/post"}],"author":[{"embeddable":true,"href":"https:\/\/www.hoymercedes.com.ar\/principal\/wp-json\/wp\/v2\/users\/1"}],"replies":[{"embeddable":true,"href":"https:\/\/www.hoymercedes.com.ar\/principal\/wp-json\/wp\/v2\/comments?post=43131"}],"version-history":[{"count":0,"href":"https:\/\/www.hoymercedes.com.ar\/principal\/wp-json\/wp\/v2\/posts\/43131\/revisions"}],"wp:featuredmedia":[{"embeddable":true,"href":"https:\/\/www.hoymercedes.com.ar\/principal\/wp-json\/wp\/v2\/media\/43132"}],"wp:attachment":[{"href":"https:\/\/www.hoymercedes.com.ar\/principal\/wp-json\/wp\/v2\/media?parent=43131"}],"wp:term":[{"taxonomy":"category","embeddable":true,"href":"https:\/\/www.hoymercedes.com.ar\/principal\/wp-json\/wp\/v2\/categories?post=43131"},{"taxonomy":"post_tag","embeddable":true,"href":"https:\/\/www.hoymercedes.com.ar\/principal\/wp-json\/wp\/v2\/tags?post=43131"}],"curies":[{"name":"wp","href":"https:\/\/api.w.org\/{rel}","templated":true}]}}