{"id":43144,"date":"2015-07-16T20:31:58","date_gmt":"2015-07-16T23:31:58","guid":{"rendered":"http:\/\/www.hoymercedes.com.ar\/principal\/?p=43144"},"modified":"2015-07-16T20:31:58","modified_gmt":"2015-07-16T23:31:58","slug":"lucas-fal-debe-ser-el-proximo-intendente-de-mercedes-sostuvo-jorge-retegui","status":"publish","type":"post","link":"https:\/\/www.hoymercedes.com.ar\/principal\/2015\/07\/16\/lucas-fal-debe-ser-el-proximo-intendente-de-mercedes-sostuvo-jorge-retegui\/","title":{"rendered":"\u201cLucas Fal debe ser el pr\u00f3ximo Intendente de Mercedes\u201d, sostuvo Jorge Retegui"},"content":{"rendered":"<p><a href=\"https:\/\/www.hoymercedes.com.ar\/principal\/wp-content\/uploads\/2015\/07\/jorgeretegui-lucasfal.jpg\"><img loading=\"lazy\" decoding=\"async\" data-attachment-id=\"43145\" data-permalink=\"https:\/\/www.hoymercedes.com.ar\/principal\/2015\/07\/16\/lucas-fal-debe-ser-el-proximo-intendente-de-mercedes-sostuvo-jorge-retegui\/jorgeretegui-lucasfal\/#main\" data-orig-file=\"https:\/\/www.hoymercedes.com.ar\/principal\/wp-content\/uploads\/2015\/07\/jorgeretegui-lucasfal.jpg\" data-orig-size=\"620,349\" data-comments-opened=\"1\" data-image-meta=\"{&quot;aperture&quot;:&quot;0&quot;,&quot;credit&quot;:&quot;&quot;,&quot;camera&quot;:&quot;&quot;,&quot;caption&quot;:&quot;&quot;,&quot;created_timestamp&quot;:&quot;0&quot;,&quot;copyright&quot;:&quot;&quot;,&quot;focal_length&quot;:&quot;0&quot;,&quot;iso&quot;:&quot;0&quot;,&quot;shutter_speed&quot;:&quot;0&quot;,&quot;title&quot;:&quot;&quot;,&quot;orientation&quot;:&quot;0&quot;}\" data-image-title=\"jorgeretegui-lucasfal\" data-image-description=\"\" data-image-caption=\"\" data-large-file=\"https:\/\/www.hoymercedes.com.ar\/principal\/wp-content\/uploads\/2015\/07\/jorgeretegui-lucasfal.jpg\" class=\"Img2014 aligncenter wp-image-43145 size-full\" src=\"https:\/\/www.hoymercedes.com.ar\/principal\/wp-content\/uploads\/2015\/07\/jorgeretegui-lucasfal.jpg\" alt=\"jorgeretegui-lucasfal\" width=\"620\" height=\"349\" srcset=\"https:\/\/www.hoymercedes.com.ar\/principal\/wp-content\/uploads\/2015\/07\/jorgeretegui-lucasfal.jpg 620w, https:\/\/www.hoymercedes.com.ar\/principal\/wp-content\/uploads\/2015\/07\/jorgeretegui-lucasfal-150x84.jpg 150w, https:\/\/www.hoymercedes.com.ar\/principal\/wp-content\/uploads\/2015\/07\/jorgeretegui-lucasfal-290x163.jpg 290w, https:\/\/www.hoymercedes.com.ar\/principal\/wp-content\/uploads\/2015\/07\/jorgeretegui-lucasfal-50x28.jpg 50w\" sizes=\"auto, (max-width: 620px) 100vw, 620px\" \/><\/a><\/p>\n<p>&nbsp;<\/p>\n<p><em><strong>Lo\u00a0 manifest\u00f3 el concejal mandato cumplido Jorge Retegui, quien trabaja en el equipo de Lucas Fal, en su carrera a ser Jefe Comunal. \u201cEs el candidato m\u00e1s capacitado para ocupar ese lugar\u201d dijo.<\/strong><\/em><\/p>\n<p>&nbsp;<\/p>\n<p>El referente mercedino de la Coalici\u00f3n C\u00edvica Ari, cont\u00f3 porque el junto a un grupo de personas que militaban en ese espacio apoyan la candidatura del Bio Ingeniero Fal. Retegui adem\u00e1s fue concejal en dos periodos (2001-2005 y 2007-2011).<\/p>\n<p>&nbsp;<\/p>\n<p><strong>\u00bfC\u00f3mo te sumaste a trabajar con el equipo de Lucas?<\/strong><\/p>\n<p>Este es un espacio que se viene consolidando desde hace muchos a\u00f1os,\u00a0 desde el a\u00f1o 2009 cuando Lucas era Presidente de la UCR local, y consolidamos el Acuerdo C\u00edvico en nuestra localidad, desde ese entonces trabajamos juntos; y digo trabajamos por que hoy la cara visible puedo ser yo\u00a0 pero hay muchos mercedinos que integramos la CC Ari, y que al igual que yo piensan que Fal es el candidato m\u00e1s capacitado para ser Intendente de Mercedes. Por eso es que desde la Coalici\u00f3n consideramos que lo mejor era apoyar a Lucas y no presentar una lista en la ciudad, ya que si tienes el mejor proyecto, el mejor candidato, para que vas a presentar una lista, y divid\u00eds votos; Hoy todos los que pensamos y creemos que el proyecto de Fal es el m\u00e1s viable para Mercedes trabajamos en eso.<\/p>\n<p><strong>\u00bfCu\u00e1les crees que son esas cosas que lo llevan a ser seg\u00fan tu visi\u00f3n el mas capaz?<\/strong><\/p>\n<p>Lucas se prepar\u00f3, pero enserio, se prepar\u00f3 desde toda la vida, desde los 14 a\u00f1os en el centro de estudiantes de la Escuela Nacional, hizo su carrera universitaria, y en el medio sigui\u00f3 militando, siempre lo hizo;\u00a0 es un profesional exitoso en lo que hace, y en medio de todo eso siempre le dedico un espacio de tiempo a hacer pol\u00edtica y formarse, por esas cosas creo que es el m\u00e1s capaz,\u00a0 adem\u00e1s quiero remarcar dos cosas en el que hoy en d\u00eda son grandes virtudes que son: las ganas de ser y la capacidad para liderar equipos.<\/p>\n<p><strong>\u00bfEstas dos cosas lo distinguen de los otros candidatos?<\/strong><\/p>\n<p>Sin dudas, es el \u00fanico de los candidatos a Intendentes que lo tiene, como te dec\u00eda antes, cuando no hab\u00eda computadoras en el colegio nacional, Fal armo un equipo de gente hicieron bailes y las consiguieron, cuando se recibi\u00f3 de Bio Ingeniero, se plante\u00f3 formar su empresa y lo hizo con \u00e9xito, hoy se propuso ser el Intendente de mercedes, y espero que todos tengamos la misma suerte. Con respecto a los dem\u00e1s candidatos no veo esta capacidad porque, Denapole hereda el liderazgo de Selva, que no es candidato a Intendente solo porque se siente perdedor, sabe que la gente ve que su gesti\u00f3n est\u00e1 acabada. Y Ustarroz, junto con la\u00a0 campora, consiguen los liderazgos a fuerza de dinero y como es caracter\u00edstica del gobierno nacional avasallando las instituciones.<\/p>\n<p><strong>Mencionaste el gobierno nacional \u00bfC\u00f3mo ves las elecciones a nivel nacional?<\/strong><\/p>\n<p>Las veo como la mayor\u00eda de los argentinos, que gran porcentaje de ellos quiere un cambio, que el gobierno nacional se est\u00e1 despidiendo del poder, por eso la campora intenta salvarse colocando Diputados en todas las Provincias. Me parece que Scioli no va a ganar las elecciones porque es un \u201ctibio\u201d y la gente le va a dar la espalda. Y en ese contexto en nuestra ciudad, la oportunidad de Ustarroz de ser Intendente ya paso, porque si se pod\u00eda decir que hab\u00eda un momento indicado para que sea Intendente el jefe del ANSES era en 2011, no ahora que el Gobierno Nacional, va a ser de otro color.<\/p>\n","protected":false},"excerpt":{"rendered":"<p>&nbsp; Lo\u00a0 manifest\u00f3 el concejal mandato cumplido Jorge Retegui, quien trabaja en el equipo de Lucas Fal, en su carrera &#8230; <a title=\"\u201cLucas Fal debe ser el pr\u00f3ximo Intendente de Mercedes\u201d, sostuvo Jorge Retegui\" class=\"read-more\" href=\"https:\/\/www.hoymercedes.com.ar\/principal\/2015\/07\/16\/lucas-fal-debe-ser-el-proximo-intendente-de-mercedes-sostuvo-jorge-retegui\/\" aria-label=\"Leer m\u00e1s sobre \u201cLucas Fal debe ser el pr\u00f3ximo Intendente de Mercedes\u201d, sostuvo Jorge Retegui\">Leer m\u00e1s<\/a><\/p>\n","protected":false},"author":1,"featured_media":43145,"comment_status":"open","ping_status":"open","sticky":false,"template":"","format":"standard","meta":{"_monsterinsights_skip_tracking":false,"_monsterinsights_sitenote_active":false,"_monsterinsights_sitenote_note":"","_monsterinsights_sitenote_category":0,"jetpack_post_was_ever_published":false,"_jetpack_newsletter_access":"","_jetpack_dont_email_post_to_subs":false,"_jetpack_newsletter_tier_id":0,"_jetpack_memberships_contains_paywalled_content":false,"_jetpack_memberships_contains_paid_content":false,"footnotes":"","jetpack_publicize_message":"","jetpack_publicize_feature_enabled":true,"jetpack_social_post_already_shared":true,"jetpack_social_options":{"image_generator_settings":{"template":"highway","default_image_id":0,"font":"","enabled":false},"version":2},"_wpas_customize_per_network":false},"categories":[5],"tags":[7626,7492,255,2008],"class_list":["post-43144","post","type-post","status-publish","format-standard","has-post-thumbnail","hentry","category-politica","tag-elecciones-2015","tag-frente-cambiemos","tag-jorge-retegui","tag-lucas-fal","generate-columns","tablet-grid-50","mobile-grid-100","grid-parent","grid-50"],"jetpack_publicize_connections":[],"jetpack_featured_media_url":"https:\/\/www.hoymercedes.com.ar\/principal\/wp-content\/uploads\/2015\/07\/jorgeretegui-lucasfal.jpg","wps_subtitle":"Apoyando en la interna \"Cambiemos\"","jetpack_sharing_enabled":true,"jetpack-related-posts":[{"id":155327,"url":"https:\/\/www.hoymercedes.com.ar\/principal\/2022\/11\/13\/fallecio-el-ex-concejal-jorge-retegui\/","url_meta":{"origin":43144,"position":0},"title":"Falleci\u00f3 el ex concejal Jorge Retegui","author":"hoymercedes","date":"13 noviembre, 2022","format":false,"excerpt":"Jorge Retegui falleci\u00f3 este domingo. Fue concejal de la ciudad, integr\u00f3 asociaciones de comerciantes y la Comisi\u00f3n de Vecinos Contra el Peaje. Con 71 a\u00f1os, ser\u00e1 despedido el lunes 14, 11 horas, en la casa velatoria de 19 y 20.","rel":"","context":"En \u00abSociedad\u00bb","block_context":{"text":"Sociedad","link":"https:\/\/www.hoymercedes.com.ar\/principal\/category\/sociedad\/"},"img":{"alt_text":"","src":"https:\/\/i0.wp.com\/www.hoymercedes.com.ar\/principal\/wp-content\/uploads\/2022\/11\/FB_IMG_16683780510322.jpg?resize=350%2C200&ssl=1","width":350,"height":200,"srcset":"https:\/\/i0.wp.com\/www.hoymercedes.com.ar\/principal\/wp-content\/uploads\/2022\/11\/FB_IMG_16683780510322.jpg?resize=350%2C200&ssl=1 1x, https:\/\/i0.wp.com\/www.hoymercedes.com.ar\/principal\/wp-content\/uploads\/2022\/11\/FB_IMG_16683780510322.jpg?resize=525%2C300&ssl=1 1.5x"},"classes":[]},{"id":170469,"url":"https:\/\/www.hoymercedes.com.ar\/principal\/2023\/12\/09\/calle-y-paseo-en-homenaje-a-lucas-fal\/","url_meta":{"origin":43144,"position":1},"title":"Calle y paseo en homenaje a Lucas Fal","author":"hoymercedes","date":"9 diciembre, 2023","format":false,"excerpt":"Durante la ma\u00f1ana de este s\u00e1bado 9 de diciembre, a pocas horas de celebrarse los 40 a\u00f1os de Democracia ininterrumpida en Argentina, en la plaza que est\u00e1 entre las principales estaciones de trenes y que se conoce como Paseo de la Juventud se oficializ\u00f3 la imposici\u00f3n de nombre a la\u2026","rel":"","context":"En \u00abSociedad\u00bb","block_context":{"text":"Sociedad","link":"https:\/\/www.hoymercedes.com.ar\/principal\/category\/sociedad\/"},"img":{"alt_text":"","src":"https:\/\/i0.wp.com\/www.hoymercedes.com.ar\/principal\/wp-content\/uploads\/2023\/12\/pasaje-lucas-fal-1.jpg?resize=350%2C200&ssl=1","width":350,"height":200,"srcset":"https:\/\/i0.wp.com\/www.hoymercedes.com.ar\/principal\/wp-content\/uploads\/2023\/12\/pasaje-lucas-fal-1.jpg?resize=350%2C200&ssl=1 1x, https:\/\/i0.wp.com\/www.hoymercedes.com.ar\/principal\/wp-content\/uploads\/2023\/12\/pasaje-lucas-fal-1.jpg?resize=525%2C300&ssl=1 1.5x, https:\/\/i0.wp.com\/www.hoymercedes.com.ar\/principal\/wp-content\/uploads\/2023\/12\/pasaje-lucas-fal-1.jpg?resize=700%2C400&ssl=1 2x"},"classes":[]},{"id":129178,"url":"https:\/\/www.hoymercedes.com.ar\/principal\/2021\/04\/29\/la-jr-recuerda-a-lucas-fal-a-5-anos-de-su-fallecimiento\/","url_meta":{"origin":43144,"position":2},"title":"La JR recuerda a Lucas Fal a 5 a\u00f1os de su fallecimiento","author":"hoymercedes","date":"29 abril, 2021","format":false,"excerpt":"Desde la Juventud Radical de Mercedes recordaron al dirigente radical Lucas Fal que falleci\u00f3 hace 5 a\u00f1os. Como gu\u00eda de la l\u00ednea juvenil, evocan al referente pol\u00edtico con las palabras que los inst\u00f3 a seguir en la militancia de la UCR. \"Nuestro recuerdo a Lucas, quien supo ser gu\u00eda y\u2026","rel":"","context":"En \u00abPol\u00edtica\u00bb","block_context":{"text":"Pol\u00edtica","link":"https:\/\/www.hoymercedes.com.ar\/principal\/category\/politica\/"},"img":{"alt_text":"","src":"https:\/\/i0.wp.com\/www.hoymercedes.com.ar\/principal\/wp-content\/uploads\/2021\/04\/29-lucas-fal-JR.jpeg?resize=350%2C200&ssl=1","width":350,"height":200,"srcset":"https:\/\/i0.wp.com\/www.hoymercedes.com.ar\/principal\/wp-content\/uploads\/2021\/04\/29-lucas-fal-JR.jpeg?resize=350%2C200&ssl=1 1x, https:\/\/i0.wp.com\/www.hoymercedes.com.ar\/principal\/wp-content\/uploads\/2021\/04\/29-lucas-fal-JR.jpeg?resize=525%2C300&ssl=1 1.5x, https:\/\/i0.wp.com\/www.hoymercedes.com.ar\/principal\/wp-content\/uploads\/2021\/04\/29-lucas-fal-JR.jpeg?resize=700%2C400&ssl=1 2x, https:\/\/i0.wp.com\/www.hoymercedes.com.ar\/principal\/wp-content\/uploads\/2021\/04\/29-lucas-fal-JR.jpeg?resize=1050%2C600&ssl=1 3x"},"classes":[]},{"id":109998,"url":"https:\/\/www.hoymercedes.com.ar\/principal\/2020\/04\/29\/ingenieros-recuerdan-a-lucas-fal\/","url_meta":{"origin":43144,"position":3},"title":"Ingenieros recuerdan a Lucas Fal","author":"hoymercedes","date":"29 abril, 2020","format":false,"excerpt":"El Centro de Ingenieros de Mercedes recuerda al Bioingeniero Lucas Fal, fallecido hace cuatro a\u00f1os, meses despu\u00e9s de haber sido candidato a Intendente de la ciudad. Compartimos el recuerdo: Ingeniero Lucas FALEl Centro de Ingenieros de Mercedes ha fijado en su memoria, los d\u00edas 29 de abril, como una fecha\u00a0\u2026","rel":"","context":"En \u00abSociedad\u00bb","block_context":{"text":"Sociedad","link":"https:\/\/www.hoymercedes.com.ar\/principal\/category\/sociedad\/"},"img":{"alt_text":"","src":"https:\/\/i0.wp.com\/www.hoymercedes.com.ar\/principal\/wp-content\/uploads\/2015\/10\/LucasFal-Cambiemos.jpg?resize=350%2C200&ssl=1","width":350,"height":200,"srcset":"https:\/\/i0.wp.com\/www.hoymercedes.com.ar\/principal\/wp-content\/uploads\/2015\/10\/LucasFal-Cambiemos.jpg?resize=350%2C200&ssl=1 1x, https:\/\/i0.wp.com\/www.hoymercedes.com.ar\/principal\/wp-content\/uploads\/2015\/10\/LucasFal-Cambiemos.jpg?resize=525%2C300&ssl=1 1.5x"},"classes":[]},{"id":128866,"url":"https:\/\/www.hoymercedes.com.ar\/principal\/2021\/04\/25\/el-centro-de-ingenieros-recuerda-a-lucas-fal\/","url_meta":{"origin":43144,"position":4},"title":"El Centro de Ingenieros recuerda a Lucas Fal","author":"hoymercedes","date":"25 abril, 2021","format":false,"excerpt":"El venidero 29 de abril se cumplen cinco a\u00f1os del fallecimiento del Ingeniero Lucas Fal. Desde el Centro de Ingenieros de Mercedes hicieron p\u00fablico un recuerdo que resalta \"el amor a la familia\", su \"capacidad profesional\" y su \"enorme vocaci\u00f3n de servicio\". Cabe recordar que Lucas Fal falleci\u00f3 en abril\u2026","rel":"","context":"En \u00abSociedad\u00bb","block_context":{"text":"Sociedad","link":"https:\/\/www.hoymercedes.com.ar\/principal\/category\/sociedad\/"},"img":{"alt_text":"","src":"https:\/\/i0.wp.com\/www.hoymercedes.com.ar\/principal\/wp-content\/uploads\/2016\/04\/LucasFal.jpg?resize=350%2C200&ssl=1","width":350,"height":200,"srcset":"https:\/\/i0.wp.com\/www.hoymercedes.com.ar\/principal\/wp-content\/uploads\/2016\/04\/LucasFal.jpg?resize=350%2C200&ssl=1 1x, https:\/\/i0.wp.com\/www.hoymercedes.com.ar\/principal\/wp-content\/uploads\/2016\/04\/LucasFal.jpg?resize=525%2C300&ssl=1 1.5x"},"classes":[]},{"id":149697,"url":"https:\/\/www.hoymercedes.com.ar\/principal\/2022\/06\/22\/proponen-que-el-paseo-de-la-juventud-lleve-el-nombre-de-lucas-fal\/","url_meta":{"origin":43144,"position":5},"title":"Proponen que el Paseo de la Juventud lleve el nombre de Lucas Fal","author":"hoymercedes","date":"22 junio, 2022","format":false,"excerpt":"En un proyecto de ordenanza presentado por el bloque Juntos ante el cuerpo del Concejo Deliberante de Mercedes para ser tratado en las pr\u00f3ximas sesiones, los concejales proponen que la calle 8 entre las calles 29 y 17, donde se preve que funcione el Paseo de la Juventud, lleve el\u2026","rel":"","context":"En \u00abHCD Mercedes\u00bb","block_context":{"text":"HCD Mercedes","link":"https:\/\/www.hoymercedes.com.ar\/principal\/category\/hcd-mercedes\/"},"img":{"alt_text":"","src":"https:\/\/i0.wp.com\/www.hoymercedes.com.ar\/principal\/wp-content\/uploads\/2021\/04\/29-lucas-fal.jpeg?resize=350%2C200&ssl=1","width":350,"height":200},"classes":[]}],"_links":{"self":[{"href":"https:\/\/www.hoymercedes.com.ar\/principal\/wp-json\/wp\/v2\/posts\/43144","targetHints":{"allow":["GET"]}}],"collection":[{"href":"https:\/\/www.hoymercedes.com.ar\/principal\/wp-json\/wp\/v2\/posts"}],"about":[{"href":"https:\/\/www.hoymercedes.com.ar\/principal\/wp-json\/wp\/v2\/types\/post"}],"author":[{"embeddable":true,"href":"https:\/\/www.hoymercedes.com.ar\/principal\/wp-json\/wp\/v2\/users\/1"}],"replies":[{"embeddable":true,"href":"https:\/\/www.hoymercedes.com.ar\/principal\/wp-json\/wp\/v2\/comments?post=43144"}],"version-history":[{"count":0,"href":"https:\/\/www.hoymercedes.com.ar\/principal\/wp-json\/wp\/v2\/posts\/43144\/revisions"}],"wp:featuredmedia":[{"embeddable":true,"href":"https:\/\/www.hoymercedes.com.ar\/principal\/wp-json\/wp\/v2\/media\/43145"}],"wp:attachment":[{"href":"https:\/\/www.hoymercedes.com.ar\/principal\/wp-json\/wp\/v2\/media?parent=43144"}],"wp:term":[{"taxonomy":"category","embeddable":true,"href":"https:\/\/www.hoymercedes.com.ar\/principal\/wp-json\/wp\/v2\/categories?post=43144"},{"taxonomy":"post_tag","embeddable":true,"href":"https:\/\/www.hoymercedes.com.ar\/principal\/wp-json\/wp\/v2\/tags?post=43144"}],"curies":[{"name":"wp","href":"https:\/\/api.w.org\/{rel}","templated":true}]}}