{"id":43158,"date":"2015-07-17T12:33:47","date_gmt":"2015-07-17T15:33:47","guid":{"rendered":"http:\/\/www.hoymercedes.com.ar\/principal\/?p=43158"},"modified":"2015-07-18T16:46:44","modified_gmt":"2015-07-18T19:46:44","slug":"caminos-rurales-importante-convenio-para-aportes-de-nacion-para-su-mantenimietno","status":"publish","type":"post","link":"https:\/\/www.hoymercedes.com.ar\/principal\/2015\/07\/17\/caminos-rurales-importante-convenio-para-aportes-de-nacion-para-su-mantenimietno\/","title":{"rendered":"Caminos rurales: importante convenio para aportes de Naci\u00f3n para su mantenimietno"},"content":{"rendered":"<p><a href=\"https:\/\/www.hoymercedes.com.ar\/principal\/wp-content\/uploads\/2015\/07\/Selva-Wado-Ustarroz.jpg\"><img loading=\"lazy\" decoding=\"async\" data-attachment-id=\"43159\" data-permalink=\"https:\/\/www.hoymercedes.com.ar\/principal\/2015\/07\/17\/caminos-rurales-importante-convenio-para-aportes-de-nacion-para-su-mantenimietno\/selva-wado-ustarroz\/#main\" data-orig-file=\"https:\/\/www.hoymercedes.com.ar\/principal\/wp-content\/uploads\/2015\/07\/Selva-Wado-Ustarroz.jpg\" data-orig-size=\"620,414\" data-comments-opened=\"1\" data-image-meta=\"{&quot;aperture&quot;:&quot;0&quot;,&quot;credit&quot;:&quot;&quot;,&quot;camera&quot;:&quot;&quot;,&quot;caption&quot;:&quot;&quot;,&quot;created_timestamp&quot;:&quot;0&quot;,&quot;copyright&quot;:&quot;&quot;,&quot;focal_length&quot;:&quot;0&quot;,&quot;iso&quot;:&quot;0&quot;,&quot;shutter_speed&quot;:&quot;0&quot;,&quot;title&quot;:&quot;&quot;,&quot;orientation&quot;:&quot;0&quot;}\" data-image-title=\"Selva-Wado-Ustarroz\" data-image-description=\"\" data-image-caption=\"\" data-large-file=\"https:\/\/www.hoymercedes.com.ar\/principal\/wp-content\/uploads\/2015\/07\/Selva-Wado-Ustarroz.jpg\" class=\"aligncenter size-full wp-image-43159\" src=\"https:\/\/www.hoymercedes.com.ar\/principal\/wp-content\/uploads\/2015\/07\/Selva-Wado-Ustarroz.jpg\" alt=\"Selva-Wado-Ustarroz\" width=\"620\" height=\"414\" srcset=\"https:\/\/www.hoymercedes.com.ar\/principal\/wp-content\/uploads\/2015\/07\/Selva-Wado-Ustarroz.jpg 620w, https:\/\/www.hoymercedes.com.ar\/principal\/wp-content\/uploads\/2015\/07\/Selva-Wado-Ustarroz-150x100.jpg 150w, https:\/\/www.hoymercedes.com.ar\/principal\/wp-content\/uploads\/2015\/07\/Selva-Wado-Ustarroz-290x194.jpg 290w, https:\/\/www.hoymercedes.com.ar\/principal\/wp-content\/uploads\/2015\/07\/Selva-Wado-Ustarroz-50x33.jpg 50w\" sizes=\"auto, (max-width: 620px) 100vw, 620px\" \/><\/a><\/p>\n<p><em><strong>El Estado nacional le transferir\u00e1 al municipio casi 700 mil pesos para invertir en la mejora de los caminos rurales, tras la firma de un convenio entre el Ministerio de Agricultura, Ganader\u00eda y Pesca y el intendente, Carlos Selva, que fue impulsado por el Secretario General de la Presidencia, Eduardo \u2018Wado\u2019 de Pedro, y el presidente del bloque de concejales del Frente Mercedino para la Victoria, Juan Ignacio Ustarroz.<\/strong><\/em><\/p>\n<p>\u201cEl estado de los caminos rurales en nuestro Partido es una de las preocupaciones salientes que nos manifiestan los productores, por eso estamos muy contentos con este aporte del Ministerio de Agricultura de la Naci\u00f3n que impactar\u00e1 positivamente en el sector agropecuario de Mercedes\u201d, manifest\u00f3 Juani Ustarroz.<\/p>\n<p>En la firma del convenio con el intendente Selva, realizada el mi\u00e9rcoles en Buenos Aires y que cont\u00f3 con la presencia de los propios \u2018Wado\u2019 de Pedro y Ustarroz, estuvieron tambi\u00e9n el secretario de Coordinaci\u00f3n Pol\u00edtico-Institucional y Emergencia Agropecuaria, Javier Rodr\u00edguez; y su jefa de gabinete, Daniela Mariotti.<\/p>\n<p>El monto total transferido a Mercedes ser\u00e1 $ 669.400, destinados exclusivamente a la reparaci\u00f3n y el mejoramiento de caminos rurales.<\/p>\n<p>Rodr\u00edguez indic\u00f3 que \u00abestos aportes se realizan en el marco de un trabajo del Gobierno Nacional que ya tiene amplia difusi\u00f3n, consistente en aportar recursos econ\u00f3micos y t\u00e9cnicos para, junto con los municipios, dar respuestas a las solicitudes de los productores, con especial \u00e9nfasis en los peque\u00f1os y medianos\u00bb.<\/p>\n<p>La provisi\u00f3n de recursos a trav\u00e9s del convenio se estableci\u00f3 en calidad de aportes no reintegrables (ANR), con el intendente Carlos Selva como contraparte firmante. En el acto estuvieron adem\u00e1s Gabriel Scalerandi, director nacional de Emergencias y Desastres Agropecuarios; y Yanina Yalungo, directora de Emergencia Agropecuaria.<\/p>\n<p>Tras las inundaciones ocurridas en la zona entre octubre y noviembre de 2014 se declar\u00f3 la emergencia para los Partidos afectados, pero Mercedes no gestion\u00f3 su incorporaci\u00f3n al programa de subsidios. A partir de los reclamos de los productores, fueron justamente Ustarroz y De Pedro quienes se pusieron a la cabeza del trabajo para sumar a la ciudad entre los beneficiarios de los aportes no reintegrables.<\/p>\n<p>\u201cEl lunes mantuve una reuni\u00f3n con muchos de los productores agropecuarios del Partido, con los que venimos elaborando distintos proyectos, y otra vez hab\u00eda surgido en la charla esta inquietud de los caminos \u2013cont\u00f3 Juani-. Hoy podemos darles esta buena noticia y nos pone contentos haber podido sumar nuestro granito de arena\u201d.<\/p>\n<p>Selva, por su parte, destac\u00f3 que con este convenio, \u00abla municipalidad podr\u00e1 adquirir los recursos necesarios para recomponer la capacidad productiva de los productores\u00bb.<\/p>\n<p>Considerando los da\u00f1os sufridos por los caminos rurales de la provincia de Buenos Aires en ocasi\u00f3n de elevadas precipitaciones y teniendo en cuenta que el actual ciclo clim\u00e1tico presenta caracter\u00edsticas h\u00famedas relacionadas, estos aportes contribuyen a la mejora de las condiciones de transitabilidad de estos caminos del distrito, favoreciendo el acceso a las unidades agropecuarias y el traslado de la producci\u00f3n, inform\u00f3 el Ministerio de Agricultura nacional a trav\u00e9s de un comunicado de prensa.<\/p>\n<p>&nbsp;<\/p>\n","protected":false},"excerpt":{"rendered":"<p>El Estado nacional le transferir\u00e1 al municipio casi 700 mil pesos para invertir en la mejora de los caminos rurales, &#8230; <a title=\"Caminos rurales: importante convenio para aportes de Naci\u00f3n para su mantenimietno\" class=\"read-more\" href=\"https:\/\/www.hoymercedes.com.ar\/principal\/2015\/07\/17\/caminos-rurales-importante-convenio-para-aportes-de-nacion-para-su-mantenimietno\/\" aria-label=\"Leer m\u00e1s sobre Caminos rurales: importante convenio para aportes de Naci\u00f3n para su mantenimietno\">Leer m\u00e1s<\/a><\/p>\n","protected":false},"author":1,"featured_media":43159,"comment_status":"open","ping_status":"open","sticky":false,"template":"","format":"standard","meta":{"_monsterinsights_skip_tracking":false,"_monsterinsights_sitenote_active":false,"_monsterinsights_sitenote_note":"","_monsterinsights_sitenote_category":0,"jetpack_post_was_ever_published":false,"_jetpack_newsletter_access":"","_jetpack_dont_email_post_to_subs":false,"_jetpack_newsletter_tier_id":0,"_jetpack_memberships_contains_paywalled_content":false,"_jetpack_memberships_contains_paid_content":false,"footnotes":"","jetpack_publicize_message":"","jetpack_publicize_feature_enabled":true,"jetpack_social_post_already_shared":true,"jetpack_social_options":{"image_generator_settings":{"template":"highway","default_image_id":0,"font":"","enabled":false},"version":2},"_wpas_customize_per_network":false},"categories":[5],"tags":[18,7628],"class_list":["post-43158","post","type-post","status-publish","format-standard","has-post-thumbnail","hentry","category-politica","tag-selva","tag-ustarroz-y-de-pedro","generate-columns","tablet-grid-50","mobile-grid-100","grid-parent","grid-50"],"jetpack_publicize_connections":[],"jetpack_featured_media_url":"https:\/\/www.hoymercedes.com.ar\/principal\/wp-content\/uploads\/2015\/07\/Selva-Wado-Ustarroz.jpg","wps_subtitle":"Selva, Ustarroz y De Pedro","jetpack_sharing_enabled":true,"jetpack-related-posts":[{"id":44278,"url":"https:\/\/www.hoymercedes.com.ar\/principal\/2015\/08\/29\/estado-nacional-envio-700-000-para-los-caminos-rurales-de-mercedes\/","url_meta":{"origin":43158,"position":0},"title":"Estado Nacional envi\u00f3 $700.000 para los caminos rurales de Mercedes","author":"hoymercedes","date":"29 agosto, 2015","format":false,"excerpt":"El Estado nacional le transfiri\u00f3 al municipio casi 700 mil pesos para invertir en la mejora de los caminos rurales, en cumplimiento de un convenio firmado semanas atr\u00e1s entre\u00a0el Ministerio de Agricultura, Ganader\u00eda y Pesca y el intendente, Carlos Selva, que fue impulsado por el Secretario General de la Presidencia,\u2026","rel":"","context":"En \u00abPol\u00edtica\u00bb","block_context":{"text":"Pol\u00edtica","link":"https:\/\/www.hoymercedes.com.ar\/principal\/category\/politica\/"},"img":{"alt_text":"","src":"https:\/\/i0.wp.com\/www.hoymercedes.com.ar\/principal\/wp-content\/uploads\/2015\/08\/caminos-rurales-dineronacion.jpg?resize=350%2C200&ssl=1","width":350,"height":200,"srcset":"https:\/\/i0.wp.com\/www.hoymercedes.com.ar\/principal\/wp-content\/uploads\/2015\/08\/caminos-rurales-dineronacion.jpg?resize=350%2C200&ssl=1 1x, https:\/\/i0.wp.com\/www.hoymercedes.com.ar\/principal\/wp-content\/uploads\/2015\/08\/caminos-rurales-dineronacion.jpg?resize=525%2C300&ssl=1 1.5x"},"classes":[]},{"id":126335,"url":"https:\/\/www.hoymercedes.com.ar\/principal\/2021\/03\/16\/municipio-realiza-trabajos-de-entoscado-cuneteo-y-piedras-a-los-caminos-rurales\/","url_meta":{"origin":43158,"position":1},"title":"Municipio realiza trabajos de entoscado, cuneteo y piedras a los caminos rurales","author":"hoymercedes","date":"16 marzo, 2021","format":false,"excerpt":"Por Prensa Municipal - La Municipalidad de Mercedes est\u00e1 llevando adelante una gran obra, previamente planificada, que tiene como finalidad mejorar la transitabilidad en caminos rurales que llegan a las escuelas. La prioridad de la gesti\u00f3n de Juan Ustarroz es la educaci\u00f3n. Una de las formas de lograr este cometido\u2026","rel":"","context":"En \u00abMunicipio\u00bb","block_context":{"text":"Municipio","link":"https:\/\/www.hoymercedes.com.ar\/principal\/category\/municipio\/"},"img":{"alt_text":"","src":"https:\/\/i0.wp.com\/www.hoymercedes.com.ar\/principal\/wp-content\/uploads\/2021\/03\/16-caminos-rurales.jpeg?resize=350%2C200&ssl=1","width":350,"height":200,"srcset":"https:\/\/i0.wp.com\/www.hoymercedes.com.ar\/principal\/wp-content\/uploads\/2021\/03\/16-caminos-rurales.jpeg?resize=350%2C200&ssl=1 1x, https:\/\/i0.wp.com\/www.hoymercedes.com.ar\/principal\/wp-content\/uploads\/2021\/03\/16-caminos-rurales.jpeg?resize=525%2C300&ssl=1 1.5x, https:\/\/i0.wp.com\/www.hoymercedes.com.ar\/principal\/wp-content\/uploads\/2021\/03\/16-caminos-rurales.jpeg?resize=700%2C400&ssl=1 2x"},"classes":[]},{"id":40475,"url":"https:\/\/www.hoymercedes.com.ar\/principal\/2015\/03\/30\/selva-insiste-con-falta-de-compromiso-del-gobierno-nacional-con-mercedes\/","url_meta":{"origin":43158,"position":2},"title":"Selva remarca falta de compromiso del Gobierno Nacional con Mercedes","author":"hoymercedes","date":"30 marzo, 2015","format":false,"excerpt":"(MM) \"El intendente viene insistiendo con el aporte del Ministerio de Agricultura para el arreglo de caminos rurales. En diciembre se present\u00f3 el tr\u00e1mite pero todav\u00eda no hay novedades.\", remarcan desde la Comuna. El intendente Carlos Selva sigue a la espera que el Estado Nacional cumpla con este distrito en\u2026","rel":"","context":"En \u00abPol\u00edtica\u00bb","block_context":{"text":"Pol\u00edtica","link":"https:\/\/www.hoymercedes.com.ar\/principal\/category\/politica\/"},"img":{"alt_text":"Selva-Bragado","src":"https:\/\/i0.wp.com\/www.hoymercedes.com.ar\/principal\/wp-content\/uploads\/2014\/06\/Selva-Bragado.jpg?resize=350%2C200","width":350,"height":200,"srcset":"https:\/\/i0.wp.com\/www.hoymercedes.com.ar\/principal\/wp-content\/uploads\/2014\/06\/Selva-Bragado.jpg?resize=350%2C200 1x, https:\/\/i0.wp.com\/www.hoymercedes.com.ar\/principal\/wp-content\/uploads\/2014\/06\/Selva-Bragado.jpg?resize=525%2C300 1.5x"},"classes":[]},{"id":146110,"url":"https:\/\/www.hoymercedes.com.ar\/principal\/2022\/04\/01\/encuentro-de-productores-rurales\/","url_meta":{"origin":43158,"position":3},"title":"Encuentro de productores rurales","author":"hoymercedes","date":"1 abril, 2022","format":false,"excerpt":"Se llev\u00f3 adelante en Mercedes un importante encuentro con productores rurales, instituciones, escuelas, sociedades, funcionarios de toda la regi\u00f3n, denominado \"Desaf\u00edos en la construcci\u00f3n de la nueva ruralidad\". Fue en la Estaci\u00f3n Experimental Mercedes. Particip\u00f3 el ministro Rodr\u00edguez, el intendente Ustarroz, funcionarios de toda la regi\u00f3n. \u00a0 El jefe comunal\u2026","rel":"","context":"En \u00abMunicipio\u00bb","block_context":{"text":"Municipio","link":"https:\/\/www.hoymercedes.com.ar\/principal\/category\/municipio\/"},"img":{"alt_text":"","src":"https:\/\/i0.wp.com\/www.hoymercedes.com.ar\/principal\/wp-content\/uploads\/2022\/04\/1.jpeg?resize=350%2C200&ssl=1","width":350,"height":200,"srcset":"https:\/\/i0.wp.com\/www.hoymercedes.com.ar\/principal\/wp-content\/uploads\/2022\/04\/1.jpeg?resize=350%2C200&ssl=1 1x, https:\/\/i0.wp.com\/www.hoymercedes.com.ar\/principal\/wp-content\/uploads\/2022\/04\/1.jpeg?resize=525%2C300&ssl=1 1.5x, https:\/\/i0.wp.com\/www.hoymercedes.com.ar\/principal\/wp-content\/uploads\/2022\/04\/1.jpeg?resize=700%2C400&ssl=1 2x, https:\/\/i0.wp.com\/www.hoymercedes.com.ar\/principal\/wp-content\/uploads\/2022\/04\/1.jpeg?resize=1050%2C600&ssl=1 3x"},"classes":[]},{"id":37849,"url":"https:\/\/www.hoymercedes.com.ar\/principal\/2014\/11\/18\/mercedes-olvidada-en-distribucion-de-fondos-para-caminos-rurales\/","url_meta":{"origin":43158,"position":4},"title":"Mercedes, \u201colvidada\u00bb en distribuci\u00f3n de fondos para caminos rurales","author":"hoymercedes","date":"18 noviembre, 2014","format":false,"excerpt":"La ciudad de Mercedes qued\u00f3 marginada de una partida especial lanzada desde el Ministerio de Agricultura, Ganader\u00eda y Pesca \u00a0de la Naci\u00f3n para ciudades afectadas por el \u00faltimo temporal. Nuestra comunidad fue, sin duda, la segunda o tercera m\u00e1s afectada de toda la provincia, sin embargo, qued\u00f3 afuera del reparto\u2026","rel":"","context":"En \u00abPol\u00edtica\u00bb","block_context":{"text":"Pol\u00edtica","link":"https:\/\/www.hoymercedes.com.ar\/principal\/category\/politica\/"},"img":{"alt_text":"caminosrurales-mercedesbuenosaires","src":"https:\/\/i0.wp.com\/www.hoymercedes.com.ar\/principal\/wp-content\/uploads\/2014\/11\/caminosrurales-mercedesbuenosaires.jpg?resize=350%2C200","width":350,"height":200,"srcset":"https:\/\/i0.wp.com\/www.hoymercedes.com.ar\/principal\/wp-content\/uploads\/2014\/11\/caminosrurales-mercedesbuenosaires.jpg?resize=350%2C200 1x, https:\/\/i0.wp.com\/www.hoymercedes.com.ar\/principal\/wp-content\/uploads\/2014\/11\/caminosrurales-mercedesbuenosaires.jpg?resize=525%2C300 1.5x"},"classes":[]},{"id":132182,"url":"https:\/\/www.hoymercedes.com.ar\/principal\/2021\/06\/21\/anunciaron-la-mejora-de-37-kilometros-de-caminos-rurales\/","url_meta":{"origin":43158,"position":5},"title":"Anunciaron la mejora de 37 kil\u00f3metros de caminos rurales","author":"hoymercedes","date":"21 junio, 2021","format":false,"excerpt":"El Municipio de Mercedes junto a las autoridades de la Sociedad Rural Mercedes anunci\u00f3 que la provincia realizar\u00e1 mejoras en 37 kil\u00f3metro con una inversi\u00f3n de 183 millones de pesos. \u00a0Los caminos que arreglar\u00e1n son uno lindero a la localidad de Luj\u00e1n, otro que recorre hasta la localidad rural JM\u2026","rel":"","context":"En \u00abMunicipio\u00bb","block_context":{"text":"Municipio","link":"https:\/\/www.hoymercedes.com.ar\/principal\/category\/municipio\/"},"img":{"alt_text":"","src":"https:\/\/i0.wp.com\/www.hoymercedes.com.ar\/principal\/wp-content\/uploads\/2021\/06\/21-caminosrurales.jpg?resize=350%2C200&ssl=1","width":350,"height":200,"srcset":"https:\/\/i0.wp.com\/www.hoymercedes.com.ar\/principal\/wp-content\/uploads\/2021\/06\/21-caminosrurales.jpg?resize=350%2C200&ssl=1 1x, https:\/\/i0.wp.com\/www.hoymercedes.com.ar\/principal\/wp-content\/uploads\/2021\/06\/21-caminosrurales.jpg?resize=525%2C300&ssl=1 1.5x, https:\/\/i0.wp.com\/www.hoymercedes.com.ar\/principal\/wp-content\/uploads\/2021\/06\/21-caminosrurales.jpg?resize=700%2C400&ssl=1 2x"},"classes":[]}],"_links":{"self":[{"href":"https:\/\/www.hoymercedes.com.ar\/principal\/wp-json\/wp\/v2\/posts\/43158","targetHints":{"allow":["GET"]}}],"collection":[{"href":"https:\/\/www.hoymercedes.com.ar\/principal\/wp-json\/wp\/v2\/posts"}],"about":[{"href":"https:\/\/www.hoymercedes.com.ar\/principal\/wp-json\/wp\/v2\/types\/post"}],"author":[{"embeddable":true,"href":"https:\/\/www.hoymercedes.com.ar\/principal\/wp-json\/wp\/v2\/users\/1"}],"replies":[{"embeddable":true,"href":"https:\/\/www.hoymercedes.com.ar\/principal\/wp-json\/wp\/v2\/comments?post=43158"}],"version-history":[{"count":0,"href":"https:\/\/www.hoymercedes.com.ar\/principal\/wp-json\/wp\/v2\/posts\/43158\/revisions"}],"wp:featuredmedia":[{"embeddable":true,"href":"https:\/\/www.hoymercedes.com.ar\/principal\/wp-json\/wp\/v2\/media\/43159"}],"wp:attachment":[{"href":"https:\/\/www.hoymercedes.com.ar\/principal\/wp-json\/wp\/v2\/media?parent=43158"}],"wp:term":[{"taxonomy":"category","embeddable":true,"href":"https:\/\/www.hoymercedes.com.ar\/principal\/wp-json\/wp\/v2\/categories?post=43158"},{"taxonomy":"post_tag","embeddable":true,"href":"https:\/\/www.hoymercedes.com.ar\/principal\/wp-json\/wp\/v2\/tags?post=43158"}],"curies":[{"name":"wp","href":"https:\/\/api.w.org\/{rel}","templated":true}]}}