{"id":43162,"date":"2015-07-17T13:23:36","date_gmt":"2015-07-17T16:23:36","guid":{"rendered":"http:\/\/www.hoymercedes.com.ar\/principal\/?p=43162"},"modified":"2015-07-18T16:48:09","modified_gmt":"2015-07-18T19:48:09","slug":"el-municipio-invita-al-teatro-gratuito-para-vacaciones-de-invierno","status":"publish","type":"post","link":"https:\/\/www.hoymercedes.com.ar\/principal\/2015\/07\/17\/el-municipio-invita-al-teatro-gratuito-para-vacaciones-de-invierno\/","title":{"rendered":"El Municipio invita al teatro gratuito para Vacaciones de Invierno"},"content":{"rendered":"<p><strong><a href=\"https:\/\/www.hoymercedes.com.ar\/principal\/wp-content\/uploads\/2015\/07\/teatroinfantil.vacacionesdeinvierno.jpg\"><img loading=\"lazy\" decoding=\"async\" data-attachment-id=\"43163\" data-permalink=\"https:\/\/www.hoymercedes.com.ar\/principal\/2015\/07\/17\/el-municipio-invita-al-teatro-gratuito-para-vacaciones-de-invierno\/teatroinfantil-vacacionesdeinvierno\/#main\" data-orig-file=\"https:\/\/www.hoymercedes.com.ar\/principal\/wp-content\/uploads\/2015\/07\/teatroinfantil.vacacionesdeinvierno.jpg\" data-orig-size=\"620,876\" data-comments-opened=\"1\" data-image-meta=\"{&quot;aperture&quot;:&quot;0&quot;,&quot;credit&quot;:&quot;&quot;,&quot;camera&quot;:&quot;&quot;,&quot;caption&quot;:&quot;&quot;,&quot;created_timestamp&quot;:&quot;0&quot;,&quot;copyright&quot;:&quot;&quot;,&quot;focal_length&quot;:&quot;0&quot;,&quot;iso&quot;:&quot;0&quot;,&quot;shutter_speed&quot;:&quot;0&quot;,&quot;title&quot;:&quot;&quot;,&quot;orientation&quot;:&quot;0&quot;}\" data-image-title=\"teatroinfantil.vacacionesdeinvierno\" data-image-description=\"\" data-image-caption=\"\" data-large-file=\"https:\/\/www.hoymercedes.com.ar\/principal\/wp-content\/uploads\/2015\/07\/teatroinfantil.vacacionesdeinvierno.jpg\" class=\"Img2014 aligncenter wp-image-43163 size-full\" title=\"teatro infantil mercedes\" src=\"https:\/\/www.hoymercedes.com.ar\/principal\/wp-content\/uploads\/2015\/07\/teatroinfantil.vacacionesdeinvierno.jpg\" alt=\"teatroinfantil.vacacionesdeinvierno\" width=\"620\" height=\"876\" srcset=\"https:\/\/www.hoymercedes.com.ar\/principal\/wp-content\/uploads\/2015\/07\/teatroinfantil.vacacionesdeinvierno.jpg 620w, https:\/\/www.hoymercedes.com.ar\/principal\/wp-content\/uploads\/2015\/07\/teatroinfantil.vacacionesdeinvierno-106x150.jpg 106w, https:\/\/www.hoymercedes.com.ar\/principal\/wp-content\/uploads\/2015\/07\/teatroinfantil.vacacionesdeinvierno-439x620.jpg 439w, https:\/\/www.hoymercedes.com.ar\/principal\/wp-content\/uploads\/2015\/07\/teatroinfantil.vacacionesdeinvierno-205x290.jpg 205w, https:\/\/www.hoymercedes.com.ar\/principal\/wp-content\/uploads\/2015\/07\/teatroinfantil.vacacionesdeinvierno-35x50.jpg 35w\" sizes=\"auto, (max-width: 620px) 100vw, 620px\" \/><\/a><\/strong><\/p>\n<p><em><strong>La Municipalidad de Mercedes presenta para estas vacaciones de invierno una obra divertida para chicos de 3 a 12 a\u00f1os en donde har\u00e1n interactuar con m\u00fasica y juegos<\/strong><\/em><\/p>\n<p>El mi\u00e9rcoles 26 de julio a las 16 hs \u00a0se realizar\u00e1 en mercedes la presentaci\u00f3n de la obra \u201cEl Tren de la Amistad\u201d en el sal\u00f3n de actos del ex Instituto Mart\u00edn Rodr\u00edguez, de calle 6, entre 9 y 11<\/p>\n<p>Preocupados por la poblaci\u00f3n estudiantil, Alimentos Granix se hace presente para colaborar con la mejor alimentaci\u00f3n, educaci\u00f3n y salud de los ni\u00f1os de jardines de infantes y escuelas primarias de todo el pa\u00eds. A tal fin se ofrece una obra teatral y musical interactiva, a trav\u00e9s de la cu\u00e1l, con canciones, actividad corporal y participaci\u00f3n de los ni\u00f1os, se les ense\u00f1a sobre los h\u00e1bitos correctos de nutrici\u00f3n, higiene, ejercicio f\u00edsico, respeto, amistad, solidaridad y otros valores tan necesarios y menospreciados actualmente en la sociedad.<\/p>\n<p>Conocemos la importancia de la familia de la familia y de la escuela en la educaci\u00f3n de los ni\u00f1os. Es por eso que la empresa Granix, l\u00edder en elaboraci\u00f3n de alimentos sanos y naturales desea colaborar con ellas, sabiendo que la infancia es una etapa ideal para crear conciencia de buenos h\u00e1bitos para toda la vida<\/p>\n<p>Las entradas son libre y gratuita y al finalizar el espect\u00e1culo se repartir\u00e1 a los presentes bolsas con alimentos de la l\u00ednea Granix<\/p>\n","protected":false},"excerpt":{"rendered":"<p>La Municipalidad de Mercedes presenta para estas vacaciones de invierno una obra divertida para chicos de 3 a 12 a\u00f1os &#8230; <a title=\"El Municipio invita al teatro gratuito para Vacaciones de Invierno\" class=\"read-more\" href=\"https:\/\/www.hoymercedes.com.ar\/principal\/2015\/07\/17\/el-municipio-invita-al-teatro-gratuito-para-vacaciones-de-invierno\/\" aria-label=\"Leer m\u00e1s sobre El Municipio invita al teatro gratuito para Vacaciones de Invierno\">Leer m\u00e1s<\/a><\/p>\n","protected":false},"author":1,"featured_media":43163,"comment_status":"open","ping_status":"open","sticky":false,"template":"","format":"standard","meta":{"_monsterinsights_skip_tracking":false,"_monsterinsights_sitenote_active":false,"_monsterinsights_sitenote_note":"","_monsterinsights_sitenote_category":0,"jetpack_post_was_ever_published":false,"_jetpack_newsletter_access":"","_jetpack_dont_email_post_to_subs":false,"_jetpack_newsletter_tier_id":0,"_jetpack_memberships_contains_paywalled_content":false,"_jetpack_memberships_contains_paid_content":false,"footnotes":"","jetpack_publicize_message":"","jetpack_publicize_feature_enabled":true,"jetpack_social_post_already_shared":true,"jetpack_social_options":{"image_generator_settings":{"template":"highway","default_image_id":0,"font":"","enabled":false},"version":2},"_wpas_customize_per_network":false},"categories":[104],"tags":[1180,7629],"class_list":["post-43162","post","type-post","status-publish","format-standard","has-post-thumbnail","hentry","category-cultura","tag-teatro","tag-vacaciones-de-invierno","generate-columns","tablet-grid-50","mobile-grid-100","grid-parent","grid-50"],"jetpack_publicize_connections":[],"jetpack_featured_media_url":"https:\/\/www.hoymercedes.com.ar\/principal\/wp-content\/uploads\/2015\/07\/teatroinfantil.vacacionesdeinvierno.jpg","wps_subtitle":"Para todos los chicos","jetpack_sharing_enabled":true,"_links":{"self":[{"href":"https:\/\/www.hoymercedes.com.ar\/principal\/wp-json\/wp\/v2\/posts\/43162","targetHints":{"allow":["GET"]}}],"collection":[{"href":"https:\/\/www.hoymercedes.com.ar\/principal\/wp-json\/wp\/v2\/posts"}],"about":[{"href":"https:\/\/www.hoymercedes.com.ar\/principal\/wp-json\/wp\/v2\/types\/post"}],"author":[{"embeddable":true,"href":"https:\/\/www.hoymercedes.com.ar\/principal\/wp-json\/wp\/v2\/users\/1"}],"replies":[{"embeddable":true,"href":"https:\/\/www.hoymercedes.com.ar\/principal\/wp-json\/wp\/v2\/comments?post=43162"}],"version-history":[{"count":0,"href":"https:\/\/www.hoymercedes.com.ar\/principal\/wp-json\/wp\/v2\/posts\/43162\/revisions"}],"wp:featuredmedia":[{"embeddable":true,"href":"https:\/\/www.hoymercedes.com.ar\/principal\/wp-json\/wp\/v2\/media\/43163"}],"wp:attachment":[{"href":"https:\/\/www.hoymercedes.com.ar\/principal\/wp-json\/wp\/v2\/media?parent=43162"}],"wp:term":[{"taxonomy":"category","embeddable":true,"href":"https:\/\/www.hoymercedes.com.ar\/principal\/wp-json\/wp\/v2\/categories?post=43162"},{"taxonomy":"post_tag","embeddable":true,"href":"https:\/\/www.hoymercedes.com.ar\/principal\/wp-json\/wp\/v2\/tags?post=43162"}],"curies":[{"name":"wp","href":"https:\/\/api.w.org\/{rel}","templated":true}]}}