{"id":43168,"date":"2015-07-18T16:36:52","date_gmt":"2015-07-18T19:36:52","guid":{"rendered":"http:\/\/www.hoymercedes.com.ar\/principal\/?p=43168"},"modified":"2015-07-20T11:33:13","modified_gmt":"2015-07-20T14:33:13","slug":"pitu-flores-apoya-a-denapole-para-ganarle-al-kirchnerismo-debemos-estar-unidos-y-aca-lo-demostramos","status":"publish","type":"post","link":"https:\/\/www.hoymercedes.com.ar\/principal\/2015\/07\/18\/pitu-flores-apoya-a-denapole-para-ganarle-al-kirchnerismo-debemos-estar-unidos-y-aca-lo-demostramos\/","title":{"rendered":"Pitu Flores apoya a Denapole:  \u201cPara ganarle al kirchnerismo, debemos estar unidos, y ac\u00e1 lo demostramos\u201d"},"content":{"rendered":"<p><a href=\"https:\/\/www.hoymercedes.com.ar\/principal\/wp-content\/uploads\/2015\/07\/Denapole-Flores-Espa\u00f1a-PRO-FrenteRenovador.jpg\"><img loading=\"lazy\" decoding=\"async\" data-attachment-id=\"43169\" data-permalink=\"https:\/\/www.hoymercedes.com.ar\/principal\/2015\/07\/18\/pitu-flores-apoya-a-denapole-para-ganarle-al-kirchnerismo-debemos-estar-unidos-y-aca-lo-demostramos\/denapole-flores-espana-pro-frenterenovador\/#main\" data-orig-file=\"https:\/\/www.hoymercedes.com.ar\/principal\/wp-content\/uploads\/2015\/07\/Denapole-Flores-Espa\u00f1a-PRO-FrenteRenovador.jpg\" data-orig-size=\"620,321\" data-comments-opened=\"1\" data-image-meta=\"{&quot;aperture&quot;:&quot;0&quot;,&quot;credit&quot;:&quot;&quot;,&quot;camera&quot;:&quot;&quot;,&quot;caption&quot;:&quot;&quot;,&quot;created_timestamp&quot;:&quot;0&quot;,&quot;copyright&quot;:&quot;&quot;,&quot;focal_length&quot;:&quot;0&quot;,&quot;iso&quot;:&quot;0&quot;,&quot;shutter_speed&quot;:&quot;0&quot;,&quot;title&quot;:&quot;&quot;,&quot;orientation&quot;:&quot;0&quot;}\" data-image-title=\"Denapole-Flores-Espa\u00f1a-PRO-FrenteRenovador\" data-image-description=\"\" data-image-caption=\"\" data-large-file=\"https:\/\/www.hoymercedes.com.ar\/principal\/wp-content\/uploads\/2015\/07\/Denapole-Flores-Espa\u00f1a-PRO-FrenteRenovador.jpg\" class=\"Img2014 aligncenter wp-image-43169 size-full\" title=\"Pitu Flores, Marcelo Den\u00e1pole, Espa\u00f1a\" src=\"https:\/\/www.hoymercedes.com.ar\/principal\/wp-content\/uploads\/2015\/07\/Denapole-Flores-Espa\u00f1a-PRO-FrenteRenovador.jpg\" alt=\"Denapole-Flores-Espa\u00f1a-PRO-FrenteRenovador\" width=\"620\" height=\"321\" srcset=\"https:\/\/www.hoymercedes.com.ar\/principal\/wp-content\/uploads\/2015\/07\/Denapole-Flores-Espa\u00f1a-PRO-FrenteRenovador.jpg 620w, https:\/\/www.hoymercedes.com.ar\/principal\/wp-content\/uploads\/2015\/07\/Denapole-Flores-Espa\u00f1a-PRO-FrenteRenovador-150x78.jpg 150w, https:\/\/www.hoymercedes.com.ar\/principal\/wp-content\/uploads\/2015\/07\/Denapole-Flores-Espa\u00f1a-PRO-FrenteRenovador-290x150.jpg 290w, https:\/\/www.hoymercedes.com.ar\/principal\/wp-content\/uploads\/2015\/07\/Denapole-Flores-Espa\u00f1a-PRO-FrenteRenovador-50x26.jpg 50w\" sizes=\"auto, (max-width: 620px) 100vw, 620px\" \/><\/a><\/p>\n<p><em><strong>El ex referente Macrista en nuestra ciudad, Eduardo \u201cPitu\u201d Flores, decididamente apoy\u00f3 la pre candidatura de Marcelo Den\u00e1pole del Frente Renovador. \u201cDen\u00e1pole encarna el cambio, pero el Cambio Justo en Mercedes\u201d. Jorge Espa\u00f1a, asegur\u00f3 que \u201cel kirchnerismo puede hacer un desastre en la ciudad\u201d. En tanto, Marcelo Den\u00e1pole, con la mesura que lo caracteriza, habl\u00f3 sobre las coincidencias program\u00e1ticas, sobre todo en educaci\u00f3n con el ex referente del PRO.<\/strong><\/em><\/p>\n<p>Durante la ma\u00f1ana de este viernes, el hasta hace poco tiempo, uno de los m\u00e1s importantes referentes del PRO en Mercedes y uno de los potenciales pre candidatos para las PASO, \u201cPitu\u201d Flores, brind\u00f3 una conferencia de prensa para informar su apoyo a la pre candidatura de Marcelo Den\u00e1pole a intendente por el Frente Renovador.<\/p>\n<p>A muchos les cay\u00f3 como una sorpresa, dado que fue la comidilla en bares y lugares d\u00f3nde se habla mucho de pol\u00edtica, pero la noticia del apoyo de Flores al pre candidato del Frente Renovador, se conoci\u00f3 el d\u00eda en que Carlos Selva dio a conocer la n\u00f3mina \u00edntegra que la fuerza presentar\u00e1 para las elecciones que se dasarrollar\u00e1n en el mes de agosto, y que tendr\u00e1n su correlato y definici\u00f3n, en el mes de octubre. All\u00ed, se conoci\u00f3 la pre candidatura de Jorge Espa\u00f1a a Consejero Escolar, hombre de Flores en el PRO.<\/p>\n<p>Excelente la jugada llevada adelante por Carlos Selva y Marcelo Den\u00e1pole, qui\u00e9nes idearon junto a Flores esta posibilidad. Teniendo en cuenta que en las PASO, varios candidatos del Frente Cambiemos (PRO-UCR) quedar\u00e1n en el camino, y que los mercedinos utilizan las elecciones del mes de octubre como una especie de ballotage, de \u00e9sta manera, Den\u00e1pole podr\u00eda llegar a obtener muchos sufragios que en las PASO fueron hacia otros candidatos de ese Frente.<\/p>\n<p>En la conferencia de prensa, brindada por el presidente de la Agrupaci\u00f3n, Eduardo \u201cPitu\u201d Flores, el precandidato a intendente del Frente Renovador, Marcelo Den\u00e1pole, y el pre candidato a consejero escolar, Jorge Espa\u00f1a, en el local partidario del primero, de calle 24 entre 29 y 31<\/p>\n<p>Flores coment\u00f3 porqu\u00e9 no le dieron el apoyo desde el PRO como pre candidato para las PASO: \u201cno me dieron la lista por una sanci\u00f3n pol\u00edtica del PRO por haber cuestionado el no acuerdo del PRO con Sergio Massa\u201d coment\u00f3 y agreg\u00f3 que \u201cquiero demostrar que se le gana al kirchnerismo, siempre y cuando la oposici\u00f3n se junte\u201d dijo en otra parte de la conferencia de prensa.<\/p>\n<p>\u201cEn nuestro espacio pol\u00edtico acordamos dar el apoyo directo a Marcelo Den\u00e1pole como pre candidato a intendente del Frente Renovador\u201d expres\u00f3 \u201cPitu\u201d Flores y se\u00f1al\u00f3 que \u201cMarcelo Den\u00e1pole encarna el cambio en Mercedes, el Cambio Justo\u201d y coment\u00f3 que \u201cfue el primero en solidarizarse conmigo\u201d, asegur\u00f3, sin medias tintas.<\/p>\n<p>En tanto, Jorge Espa\u00f1a, integrante del espacio de Flores y pre candidato a Consejero Escolar del FR, fue parte de la mesa y se\u00f1al\u00f3 que \u201cla oposici\u00f3n debe estar unida frente al kirchnerismo\u201d y agreg\u00f3 que\u00a0 \u201cel kirchnerismo puede hacer un desastre en la ciudad\u201d.<\/p>\n<p>Por su parte, el ingeniero Marcelo Den\u00e1pole, agradeci\u00f3 el apoyo expresado por el sector, y se\u00f1al\u00f3 que \u201chay importantes coincidencias program\u00e1ticas con Flores, sobre todo en educaci\u00f3n\u201d, recordando que Jorge Espa\u00f1a, est\u00e1 formando parte de la lista del FR en la ciudad como pre candidato a consejero escolar.<\/p>\n","protected":false},"excerpt":{"rendered":"<p>El ex referente Macrista en nuestra ciudad, Eduardo \u201cPitu\u201d Flores, decididamente apoy\u00f3 la pre candidatura de Marcelo Den\u00e1pole del Frente &#8230; <a title=\"Pitu Flores apoya a Denapole:  \u201cPara ganarle al kirchnerismo, debemos estar unidos, y ac\u00e1 lo demostramos\u201d\" class=\"read-more\" href=\"https:\/\/www.hoymercedes.com.ar\/principal\/2015\/07\/18\/pitu-flores-apoya-a-denapole-para-ganarle-al-kirchnerismo-debemos-estar-unidos-y-aca-lo-demostramos\/\" aria-label=\"Leer m\u00e1s sobre Pitu Flores apoya a Denapole:  \u201cPara ganarle al kirchnerismo, debemos estar unidos, y ac\u00e1 lo demostramos\u201d\">Leer m\u00e1s<\/a><\/p>\n","protected":false},"author":1,"featured_media":43169,"comment_status":"open","ping_status":"open","sticky":false,"template":"","format":"standard","meta":{"_monsterinsights_skip_tracking":false,"_monsterinsights_sitenote_active":false,"_monsterinsights_sitenote_note":"","_monsterinsights_sitenote_category":0,"jetpack_post_was_ever_published":false,"_jetpack_newsletter_access":"","_jetpack_dont_email_post_to_subs":false,"_jetpack_newsletter_tier_id":0,"_jetpack_memberships_contains_paywalled_content":false,"_jetpack_memberships_contains_paid_content":false,"footnotes":"","jetpack_publicize_message":"","jetpack_publicize_feature_enabled":true,"jetpack_social_post_already_shared":true,"jetpack_social_options":{"image_generator_settings":{"template":"highway","default_image_id":0,"font":"","enabled":false},"version":2},"_wpas_customize_per_network":false},"categories":[5],"tags":[436,6275,7632],"class_list":["post-43168","post","type-post","status-publish","format-standard","has-post-thumbnail","hentry","category-politica","tag-marcelo-denapole","tag-pitu-flores","tag-pro-y-frente-renovador-mercedes","generate-columns","tablet-grid-50","mobile-grid-100","grid-parent","grid-50"],"jetpack_publicize_connections":[],"jetpack_featured_media_url":"https:\/\/www.hoymercedes.com.ar\/principal\/wp-content\/uploads\/2015\/07\/Denapole-Flores-Espa\u00f1a-PRO-FrenteRenovador.jpg","wps_subtitle":"Acuerdo pol\u00edtico - Elecciones 2015","jetpack_sharing_enabled":true,"jetpack-related-posts":[{"id":44373,"url":"https:\/\/www.hoymercedes.com.ar\/principal\/2015\/09\/03\/pitu-flores-fuertes-criticas-y-campana-con-frente-renovador\/","url_meta":{"origin":43168,"position":0},"title":"Pitu Flores: fuertes cr\u00edticas y campa\u00f1a con Frente Renovador","author":"hoymercedes","date":"3 septiembre, 2015","format":false,"excerpt":"Eduardo \u201cPitu\u201d Flores, que supo moverse con fuerza en el espacio del PRO en Mercedes y en la Provincia desde hace un tiempo manifest\u00f3 su distanciamiento del partido que conduce Mauricio Macri para acompa\u00f1ar la candidatura de Marcelo Denapole. Ahora, a la decisi\u00f3n, le suma el cierre de los espacios\u2026","rel":"","context":"En \u00abPol\u00edtica\u00bb","block_context":{"text":"Pol\u00edtica","link":"https:\/\/www.hoymercedes.com.ar\/principal\/category\/politica\/"},"img":{"alt_text":"","src":"https:\/\/i0.wp.com\/www.hoymercedes.com.ar\/principal\/wp-content\/uploads\/2015\/09\/pituflores.jpg?resize=350%2C200&ssl=1","width":350,"height":200,"srcset":"https:\/\/i0.wp.com\/www.hoymercedes.com.ar\/principal\/wp-content\/uploads\/2015\/09\/pituflores.jpg?resize=350%2C200&ssl=1 1x, https:\/\/i0.wp.com\/www.hoymercedes.com.ar\/principal\/wp-content\/uploads\/2015\/09\/pituflores.jpg?resize=525%2C300&ssl=1 1.5x"},"classes":[]},{"id":124403,"url":"https:\/\/www.hoymercedes.com.ar\/principal\/2021\/02\/05\/marcelo-denapole-dejo-la-direccion-de-produccion\/","url_meta":{"origin":43168,"position":1},"title":"Marcelo Den\u00e1pole dej\u00f3 la Direcci\u00f3n de Producci\u00f3n","author":"hoymercedes","date":"5 febrero, 2021","format":false,"excerpt":"Con la jubilaci\u00f3n docente en su poder, Marcelo Den\u00e1pole decidi\u00f3 tambi\u00e9n dejar la funci\u00f3n p\u00fablica en el Municipio de Mercedes. Casi 20 a\u00f1os trabaj\u00f3 en la comuna con cargos en el Ejecutivo y en el Legislativo. No obstante, anticip\u00f3 que no dejar\u00e1 la vida pol\u00edtica ni su tarea como Ingeniero\u2026","rel":"","context":"En \u00abPol\u00edtica\u00bb","block_context":{"text":"Pol\u00edtica","link":"https:\/\/www.hoymercedes.com.ar\/principal\/category\/politica\/"},"img":{"alt_text":"","src":"https:\/\/i0.wp.com\/www.hoymercedes.com.ar\/principal\/wp-content\/uploads\/2015\/07\/MarceloDenapole.jpg?resize=350%2C200&ssl=1","width":350,"height":200,"srcset":"https:\/\/i0.wp.com\/www.hoymercedes.com.ar\/principal\/wp-content\/uploads\/2015\/07\/MarceloDenapole.jpg?resize=350%2C200&ssl=1 1x, https:\/\/i0.wp.com\/www.hoymercedes.com.ar\/principal\/wp-content\/uploads\/2015\/07\/MarceloDenapole.jpg?resize=525%2C300&ssl=1 1.5x"},"classes":[]},{"id":45169,"url":"https:\/\/www.hoymercedes.com.ar\/principal\/2015\/10\/07\/pitu-flores-mucha-gente-de-buena-madera-se-fue-del-pro-por-el-caso-niembro\/","url_meta":{"origin":43168,"position":2},"title":"Pitu Flores: \u00abMucha gente de buena madera se fue del PRO por el caso Niembro\u00bb","author":"hoymercedes","date":"7 octubre, 2015","format":false,"excerpt":"El abogado y ex referente macrista Eduardo \u2018Pitu\u2019 Flores asegur\u00f3 que \u201cmucha gente de buena madera se fue el PRO\u201d luego del esc\u00e1ndalo que estall\u00f3 con el periodista Fernando Niembro, quien debi\u00f3 renunciar a su candidatura a diputado nacional por la alianza Cambiemos envuelto en sospechas de corrupci\u00f3n. \u201cVos no\u2026","rel":"","context":"En \u00abPol\u00edtica\u00bb","block_context":{"text":"Pol\u00edtica","link":"https:\/\/www.hoymercedes.com.ar\/principal\/category\/politica\/"},"img":{"alt_text":"","src":"https:\/\/i0.wp.com\/www.hoymercedes.com.ar\/principal\/wp-content\/uploads\/2015\/10\/pituflores2.jpg?resize=350%2C200&ssl=1","width":350,"height":200},"classes":[]},{"id":42886,"url":"https:\/\/www.hoymercedes.com.ar\/principal\/2015\/07\/05\/denapole-desde-el-frente-renovador-acelera-la-campana-a-la-intendente\/","url_meta":{"origin":43168,"position":3},"title":"Denapole, desde el Frente Renovador, acelera la campa\u00f1a a la intendente","author":"hoymercedes","date":"5 julio, 2015","format":false,"excerpt":"Se lanz\u00f3 la campa\u00f1a en las calles del Frente Renovador. Marcelo Den\u00e1pole y su lista de concejales y consejeros escolares, fueron parte de las mesas de divulgaci\u00f3n pol\u00edtica y mantuvieron contactos con los mercedinos haci\u00e9ndole llegar las propuestas. Tanto el precandidato a intendente, como Carlos Milhomme, explicaron por qu\u00e9 son\u2026","rel":"","context":"En \u00abPol\u00edtica\u00bb","block_context":{"text":"Pol\u00edtica","link":"https:\/\/www.hoymercedes.com.ar\/principal\/category\/politica\/"},"img":{"alt_text":"","src":"https:\/\/i0.wp.com\/www.hoymercedes.com.ar\/principal\/wp-content\/uploads\/2015\/07\/Denapole-Campa%C3%B1a.jpg?resize=350%2C200&ssl=1","width":350,"height":200,"srcset":"https:\/\/i0.wp.com\/www.hoymercedes.com.ar\/principal\/wp-content\/uploads\/2015\/07\/Denapole-Campa%C3%B1a.jpg?resize=350%2C200&ssl=1 1x, https:\/\/i0.wp.com\/www.hoymercedes.com.ar\/principal\/wp-content\/uploads\/2015\/07\/Denapole-Campa%C3%B1a.jpg?resize=525%2C300&ssl=1 1.5x"},"classes":[]},{"id":43181,"url":"https:\/\/www.hoymercedes.com.ar\/principal\/2015\/07\/19\/marcelo-denapole-respondio-a-todo-en-el-primer-debate-de-candidatos\/","url_meta":{"origin":43168,"position":4},"title":"Marcelo Den\u00e1pole respondi\u00f3 a todo en el primer debate de candidatos","author":"hoymercedes","date":"19 julio, 2015","format":false,"excerpt":"Se llev\u00f3 a cabo un importante encuentro por la democracia y el intercambio de ideas en el Colegio San Antonio con la participaci\u00f3n delos pre candidatos a intendente de nuestra ciudad y entre ellos se destac\u00f3 el referente del Frente Renovador Marcelo Den\u00e1pole. En la participaci\u00f3n el candidato a intendente\u2026","rel":"","context":"En \u00abPol\u00edtica\u00bb","block_context":{"text":"Pol\u00edtica","link":"https:\/\/www.hoymercedes.com.ar\/principal\/category\/politica\/"},"img":{"alt_text":"","src":"https:\/\/i0.wp.com\/www.hoymercedes.com.ar\/principal\/wp-content\/uploads\/2015\/07\/Denapole-Marcelo.jpg?resize=350%2C200&ssl=1","width":350,"height":200,"srcset":"https:\/\/i0.wp.com\/www.hoymercedes.com.ar\/principal\/wp-content\/uploads\/2015\/07\/Denapole-Marcelo.jpg?resize=350%2C200&ssl=1 1x, https:\/\/i0.wp.com\/www.hoymercedes.com.ar\/principal\/wp-content\/uploads\/2015\/07\/Denapole-Marcelo.jpg?resize=525%2C300&ssl=1 1.5x"},"classes":[]},{"id":103258,"url":"https:\/\/www.hoymercedes.com.ar\/principal\/2019\/12\/02\/acto-de-egreso-de-las-secundaria-de-la-unidad-n-5\/","url_meta":{"origin":43168,"position":5},"title":"Acto de egreso de las secundaria de la Unidad N\u00b0 5","author":"hoymercedes","date":"2 diciembre, 2019","format":false,"excerpt":"Este viernes 29 se realiz\u00f3 el acto de egreso de 42 alumnos del\u00a0Centro Educativo Nivel Secundario N\u00ba 452\u00a0(ex Escuela Secundaria N\u00ba 2) en su modalidad adultos, siendo toda la ceremonia muy emotiva. Luego de la instancia protocolar de cambio de banderas\u00a0e himno, fue el turno de las palabras de despedidas\u2026","rel":"","context":"En \u00abEducaci\u00f3n\u00bb","block_context":{"text":"Educaci\u00f3n","link":"https:\/\/www.hoymercedes.com.ar\/principal\/category\/educacion\/"},"img":{"alt_text":"","src":"https:\/\/i0.wp.com\/www.hoymercedes.com.ar\/principal\/wp-content\/uploads\/2019\/12\/egreso-u51.jpg?resize=350%2C200&ssl=1","width":350,"height":200,"srcset":"https:\/\/i0.wp.com\/www.hoymercedes.com.ar\/principal\/wp-content\/uploads\/2019\/12\/egreso-u51.jpg?resize=350%2C200&ssl=1 1x, https:\/\/i0.wp.com\/www.hoymercedes.com.ar\/principal\/wp-content\/uploads\/2019\/12\/egreso-u51.jpg?resize=525%2C300&ssl=1 1.5x, https:\/\/i0.wp.com\/www.hoymercedes.com.ar\/principal\/wp-content\/uploads\/2019\/12\/egreso-u51.jpg?resize=700%2C400&ssl=1 2x"},"classes":[]}],"_links":{"self":[{"href":"https:\/\/www.hoymercedes.com.ar\/principal\/wp-json\/wp\/v2\/posts\/43168","targetHints":{"allow":["GET"]}}],"collection":[{"href":"https:\/\/www.hoymercedes.com.ar\/principal\/wp-json\/wp\/v2\/posts"}],"about":[{"href":"https:\/\/www.hoymercedes.com.ar\/principal\/wp-json\/wp\/v2\/types\/post"}],"author":[{"embeddable":true,"href":"https:\/\/www.hoymercedes.com.ar\/principal\/wp-json\/wp\/v2\/users\/1"}],"replies":[{"embeddable":true,"href":"https:\/\/www.hoymercedes.com.ar\/principal\/wp-json\/wp\/v2\/comments?post=43168"}],"version-history":[{"count":0,"href":"https:\/\/www.hoymercedes.com.ar\/principal\/wp-json\/wp\/v2\/posts\/43168\/revisions"}],"wp:featuredmedia":[{"embeddable":true,"href":"https:\/\/www.hoymercedes.com.ar\/principal\/wp-json\/wp\/v2\/media\/43169"}],"wp:attachment":[{"href":"https:\/\/www.hoymercedes.com.ar\/principal\/wp-json\/wp\/v2\/media?parent=43168"}],"wp:term":[{"taxonomy":"category","embeddable":true,"href":"https:\/\/www.hoymercedes.com.ar\/principal\/wp-json\/wp\/v2\/categories?post=43168"},{"taxonomy":"post_tag","embeddable":true,"href":"https:\/\/www.hoymercedes.com.ar\/principal\/wp-json\/wp\/v2\/tags?post=43168"}],"curies":[{"name":"wp","href":"https:\/\/api.w.org\/{rel}","templated":true}]}}