{"id":43181,"date":"2015-07-19T17:46:31","date_gmt":"2015-07-19T20:46:31","guid":{"rendered":"http:\/\/www.hoymercedes.com.ar\/principal\/?p=43181"},"modified":"2015-07-20T11:33:23","modified_gmt":"2015-07-20T14:33:23","slug":"marcelo-denapole-respondio-a-todo-en-el-primer-debate-de-candidatos","status":"publish","type":"post","link":"https:\/\/www.hoymercedes.com.ar\/principal\/2015\/07\/19\/marcelo-denapole-respondio-a-todo-en-el-primer-debate-de-candidatos\/","title":{"rendered":"Marcelo Den\u00e1pole respondi\u00f3 a todo en el primer debate de candidatos"},"content":{"rendered":"<p><a href=\"https:\/\/www.hoymercedes.com.ar\/principal\/wp-content\/uploads\/2015\/07\/Denapole-Marcelo.jpg\"><img loading=\"lazy\" decoding=\"async\" data-attachment-id=\"43182\" data-permalink=\"https:\/\/www.hoymercedes.com.ar\/principal\/2015\/07\/19\/marcelo-denapole-respondio-a-todo-en-el-primer-debate-de-candidatos\/denapole-marcelo-3\/#main\" data-orig-file=\"https:\/\/www.hoymercedes.com.ar\/principal\/wp-content\/uploads\/2015\/07\/Denapole-Marcelo.jpg\" data-orig-size=\"620,412\" data-comments-opened=\"1\" data-image-meta=\"{&quot;aperture&quot;:&quot;4.2&quot;,&quot;credit&quot;:&quot;&quot;,&quot;camera&quot;:&quot;NIKON D3200&quot;,&quot;caption&quot;:&quot;&quot;,&quot;created_timestamp&quot;:&quot;1436819769&quot;,&quot;copyright&quot;:&quot;&quot;,&quot;focal_length&quot;:&quot;30&quot;,&quot;iso&quot;:&quot;1800&quot;,&quot;shutter_speed&quot;:&quot;0.016666666666667&quot;,&quot;title&quot;:&quot;&quot;,&quot;orientation&quot;:&quot;0&quot;}\" data-image-title=\"Denapole-Marcelo\" data-image-description=\"\" data-image-caption=\"\" data-large-file=\"https:\/\/www.hoymercedes.com.ar\/principal\/wp-content\/uploads\/2015\/07\/Denapole-Marcelo.jpg\" class=\"Img2014 aligncenter wp-image-43182 size-full\" title=\"Marcelo Den\u00e1pole, Frente Renovador, candidato a intendente mercedes\" src=\"https:\/\/www.hoymercedes.com.ar\/principal\/wp-content\/uploads\/2015\/07\/Denapole-Marcelo.jpg\" alt=\"Denapole-Marcelo\" width=\"620\" height=\"412\" srcset=\"https:\/\/www.hoymercedes.com.ar\/principal\/wp-content\/uploads\/2015\/07\/Denapole-Marcelo.jpg 620w, https:\/\/www.hoymercedes.com.ar\/principal\/wp-content\/uploads\/2015\/07\/Denapole-Marcelo-150x100.jpg 150w, https:\/\/www.hoymercedes.com.ar\/principal\/wp-content\/uploads\/2015\/07\/Denapole-Marcelo-290x193.jpg 290w, https:\/\/www.hoymercedes.com.ar\/principal\/wp-content\/uploads\/2015\/07\/Denapole-Marcelo-50x33.jpg 50w\" sizes=\"auto, (max-width: 620px) 100vw, 620px\" \/><\/a><br \/>\n<em><strong>Se llev\u00f3 a cabo un importante encuentro por la democracia y el intercambio de ideas en el Colegio San Antonio con la participaci\u00f3n delos pre candidatos a intendente de nuestra ciudad y entre ellos se destac\u00f3 el referente del Frente Renovador Marcelo Den\u00e1pole.<\/strong><\/em><\/p>\n<p>En la participaci\u00f3n el candidato a intendente y presidente del Concejo Deliberante, Marcelo Den\u00e1pole, se destac\u00f3 por emitir claros conceptos e ideas, mostrando su firmeza respecto a las preocupaciones locales que se plantearon en la mesa de di\u00e1logo.<\/p>\n<p>\u201cTodo en la vida es un espejo. Un espejo donde cuando se da violencia, se recibe violencia. Yo estuve en algunos lugares donde realmente los j\u00f3venes han sido v\u00edctimas de la violencia, y creo que en muchos casos tiene que ver con la convivencia y el amor al odio\u201d afirm\u00f3 y sosteniendo que: \u201cdebemos ser muy conscientes de cu\u00e1les son nuestros derechos, pero tambi\u00e9n nuestras obligaciones. Escuchar a los j\u00f3venes y las actividades en conjunto, creo que son las dos cuestiones fundamentales con las que veamos en el otro, el ser que est\u00e1 al lado m\u00edo. Yo, entiendo, nos realizamos en el otro. Ser en conjunto, creo que es fundamental para la sociedad, ser parte y entenderlo as\u00ed\u201d afirm\u00f3.<br \/>\nLlegado el momento se habl\u00f3 tambi\u00e9n de un tema candente como es la seguridad, sosteniendo que: \u201cDesde el punto de vista de la seguridad, yo creo que es un problema de jurisdicci\u00f3n conjunta entre la Naci\u00f3n, la Provincia y el Municipio. El municipio est\u00e1 trabajando mucho, hay fuerzas que se han creado desde lo comunal, ahora viene la polic\u00eda local, tenemos la polic\u00eda provincial, y la polic\u00eda federal. Desde este punto de vista lo que queremos hacer, es profundizarnos en la metodolog\u00eda tecnol\u00f3gica, en la prevenci\u00f3n del delito. La salida a la calle en forma preventiva de lo que pueda hacer el personal policial, va a ser una misi\u00f3n muy importante, pero por sobre todo, las mejoras en las condiciones sociales, y el trabajo como gran ordenador social, creo va a ser lo que va a disminuir los niveles de inseguridad en Mercedes\u201d narr\u00f3 el candidato mostrando su visi\u00f3n global, entendiendo que no es s\u00f3lo una cuesti\u00f3n instrumental, sino, compleja donde se incluyen los cruces institucionales, morales y la sociedad en su conjunto, con inclusi\u00f3n, respeto y educaci\u00f3n, sin caer en faltas promesas y tomando \u201cel toro por las astas\u201d.<br \/>\nDen\u00e1pole aprovech\u00f3 para mostrar un \u00e1rea donde la ciudad cambi\u00f3 su fisonom\u00eda, siendo un antes y despu\u00e9s de la gesti\u00f3n Selva y sobre la cual se profundizar\u00e1n los aspectos positivos, buscando las mejoras que el contexto requiera: \u201cTurismo era solamente un escritorio, desde donde se daban las principales ideas de turismo. Nosotros logramos que el Turismo en Mercedes se haya incrementado much\u00edsimo, sabemos c\u00f3mo hacerlo. Creo que es fundamental la conexi\u00f3n con Tom\u00e1s Jofr\u00e9. Eso va a ser cuando tengamos un tren, no una \u201ctrochita\u201d, que podamos llegar a una Trocha tambi\u00e9n que sea de todos. Una Estaci\u00f3n que sea de todos y no de una agrupaci\u00f3n pol\u00edtica. Y debemos tambi\u00e9n tener la posibilidad de seguir desarrollando otros empleos desde el punto de vista tur\u00edstico como fuente de empleo para Mercedes con los productos tradicionales como el durazno, el salame, las tortas fritas y las artesan\u00edas. Creo que es fundamental el aporte de Turismo para construir y reconstruir nuestro Mercedes, para el trabajo de nuestros mercedinos, para los visitantes, para todos\u201d, afirm\u00f3 el presidente del Concejo y candidato del Frente Renovador.<br \/>\nDen\u00e1pole no perdi\u00f3 la oportunidad de comentar su visi\u00f3n sobre c\u00f3mo se da la intervenci\u00f3n del Estado Nacional a nivel local, afirmando que: \u201cEs fundamental que no vengan los planes con nombres y apellidos, de que le cierren las puertas a quienes son electos por el pueblo, y se bajen a trav\u00e9s de una agrupaci\u00f3n pol\u00edtica. Esto es fundamental para que se siga funcionando como Rep\u00fablica. Por supuesto que trabajar\u00eda como he trabajado con gente que piensa distinto, y creo que ha sido prueba toda mi historia pol\u00edtica de amplitud, de dialogo, y de consenso. Por eso no tengo que prometerlo, porque ya lo he hecho durante toda mi historia pol\u00edtica\u201d sostuvo ante los presentes y la mesa de pre candidatos.<\/p>\n<h2>Alumnos y Den\u00e1pole<\/h2>\n<p>En el auditorio hab\u00eda muchos estudiantes que tuvieron la oportunidad de estar frente a frente con los candidatos, escucharlos, verlos interactuar y efectuarle consultas de su inter\u00e9s.<\/p>\n<p>Den\u00e1pole ante las consultas de los educandos coment\u00f3 que: \u201cCoincido plenamente con que el 21 de Septiembre es de ustedes, creo que el tema es acompa\u00f1arlos y tratar de que la Seguridad de cada uno de ustedes, es lo fundamental. Lo que tambi\u00e9n es fundamental, y lo que tambi\u00e9n debemos trabajar, es que ac\u00e1 somos todos iguales, no tiene que haber un grupo de privilegiados que sean siempre los que marquen el 21 de Septiembre, si no que seamos todos iguales, insisto. Creo que es fundamental que nos consideremos pares, que hagamos actividades que de alguna forma permitan involucrarnos, interactuar, acciones comunes donde tengamos la posibilidad de seguir acompa\u00f1ando como lo venimos haciendo, y quiero destacar en esto, el papel de las autoridades, sobre todo este colegio tambi\u00e9n, y su pleno compromiso en cada 21 de Septiembre. La Primavera es hermosa, la edad que tienen ustedes es hermosa, y que viva la vida, y sigamos trabajando en conjunto\u201d le coment\u00f3 Marcelo Den\u00e1pole a los chicos.<\/p>\n<p>Otro de los j\u00f3venes participantes le dijo a Den\u00e1pole: \u201cHay varias pol\u00edticas que se cuestionan sobre su partido, uno podr\u00eda pensar que vot\u00e1ndolo a usted, quiz\u00e1s el actual intendente tenga continuidad. Qu\u00e9 es lo que usted propone, \u00bfO lo que va a cambiar si es el pr\u00f3ximo intendente?\u201d le pregunt\u00f3 el joven del auditorio a lo cual Den\u00e1pole le respondi\u00f3: \u201cTe digo sinceramente, soy la continuidad de todo aquello que hemos establecido como cosas fundamentales dentro de este gobierno. No soy Selva, tengo un estilo totalmente distinto de manejo, sobre todo con la tem\u00e1tica desde lo organizativo. No creo que esta situaci\u00f3n que estas comentando, sea la que pueda definir mis actuaciones pol\u00edticas. Muchas veces uno tiene que hacerse cargo de un barco en la pl\u00e1cida mar, y tambi\u00e9n en la flor de las tormentas. Creo que es el momento de sacar al tigre que uno tiene adentro, y todo lo que ha sabido aprender, para aplicarlos sobre una comunidad. Nosotros en este momento, creo que se vienen tiempos muy dif\u00edciles. Van a venir momentos complejos a atender y que son no para grandes estrellas pol\u00edticas, sino para gente que est\u00e9 trabajando y que sepa hacer las cosas. Y sobre todo que tenga autoridad, respeto, y humildad con la gente. Es fundamental estos valores que pienso aplicar en mi futura gesti\u00f3n pol\u00edtica\u201d, sostuvo el candidato del Frente Renovador en el primer debate global con miras a las elecciones del 9 de agosto.<\/p>\n","protected":false},"excerpt":{"rendered":"<p>Se llev\u00f3 a cabo un importante encuentro por la democracia y el intercambio de ideas en el Colegio San Antonio &#8230; <a title=\"Marcelo Den\u00e1pole respondi\u00f3 a todo en el primer debate de candidatos\" class=\"read-more\" href=\"https:\/\/www.hoymercedes.com.ar\/principal\/2015\/07\/19\/marcelo-denapole-respondio-a-todo-en-el-primer-debate-de-candidatos\/\" aria-label=\"Leer m\u00e1s sobre Marcelo Den\u00e1pole respondi\u00f3 a todo en el primer debate de candidatos\">Leer m\u00e1s<\/a><\/p>\n","protected":false},"author":1,"featured_media":43182,"comment_status":"open","ping_status":"open","sticky":false,"template":"","format":"standard","meta":{"_monsterinsights_skip_tracking":false,"_monsterinsights_sitenote_active":false,"_monsterinsights_sitenote_note":"","_monsterinsights_sitenote_category":0,"jetpack_post_was_ever_published":false,"_jetpack_newsletter_access":"","_jetpack_dont_email_post_to_subs":false,"_jetpack_newsletter_tier_id":0,"_jetpack_memberships_contains_paywalled_content":false,"_jetpack_memberships_contains_paid_content":false,"footnotes":"","jetpack_publicize_message":"","jetpack_publicize_feature_enabled":true,"jetpack_social_post_already_shared":true,"jetpack_social_options":{"image_generator_settings":{"template":"highway","default_image_id":0,"font":"","enabled":false},"version":2},"_wpas_customize_per_network":false},"categories":[5],"tags":[7637,3537,436],"class_list":["post-43181","post","type-post","status-publish","format-standard","has-post-thumbnail","hentry","category-politica","tag-candidato-a-intendente-mercedes","tag-frente-renovador","tag-marcelo-denapole","generate-columns","tablet-grid-50","mobile-grid-100","grid-parent","grid-50"],"jetpack_publicize_connections":[],"jetpack_featured_media_url":"https:\/\/www.hoymercedes.com.ar\/principal\/wp-content\/uploads\/2015\/07\/Denapole-Marcelo.jpg","wps_subtitle":"En Colegio San Antonio","jetpack_sharing_enabled":true,"jetpack-related-posts":[{"id":124403,"url":"https:\/\/www.hoymercedes.com.ar\/principal\/2021\/02\/05\/marcelo-denapole-dejo-la-direccion-de-produccion\/","url_meta":{"origin":43181,"position":0},"title":"Marcelo Den\u00e1pole dej\u00f3 la Direcci\u00f3n de Producci\u00f3n","author":"hoymercedes","date":"5 febrero, 2021","format":false,"excerpt":"Con la jubilaci\u00f3n docente en su poder, Marcelo Den\u00e1pole decidi\u00f3 tambi\u00e9n dejar la funci\u00f3n p\u00fablica en el Municipio de Mercedes. Casi 20 a\u00f1os trabaj\u00f3 en la comuna con cargos en el Ejecutivo y en el Legislativo. No obstante, anticip\u00f3 que no dejar\u00e1 la vida pol\u00edtica ni su tarea como Ingeniero\u2026","rel":"","context":"En \u00abPol\u00edtica\u00bb","block_context":{"text":"Pol\u00edtica","link":"https:\/\/www.hoymercedes.com.ar\/principal\/category\/politica\/"},"img":{"alt_text":"","src":"https:\/\/i0.wp.com\/www.hoymercedes.com.ar\/principal\/wp-content\/uploads\/2015\/07\/MarceloDenapole.jpg?resize=350%2C200&ssl=1","width":350,"height":200,"srcset":"https:\/\/i0.wp.com\/www.hoymercedes.com.ar\/principal\/wp-content\/uploads\/2015\/07\/MarceloDenapole.jpg?resize=350%2C200&ssl=1 1x, https:\/\/i0.wp.com\/www.hoymercedes.com.ar\/principal\/wp-content\/uploads\/2015\/07\/MarceloDenapole.jpg?resize=525%2C300&ssl=1 1.5x"},"classes":[]},{"id":43168,"url":"https:\/\/www.hoymercedes.com.ar\/principal\/2015\/07\/18\/pitu-flores-apoya-a-denapole-para-ganarle-al-kirchnerismo-debemos-estar-unidos-y-aca-lo-demostramos\/","url_meta":{"origin":43181,"position":1},"title":"Pitu Flores apoya a Denapole:  \u201cPara ganarle al kirchnerismo, debemos estar unidos, y ac\u00e1 lo demostramos\u201d","author":"hoymercedes","date":"18 julio, 2015","format":false,"excerpt":"El ex referente Macrista en nuestra ciudad, Eduardo \u201cPitu\u201d Flores, decididamente apoy\u00f3 la pre candidatura de Marcelo Den\u00e1pole del Frente Renovador. \u201cDen\u00e1pole encarna el cambio, pero el Cambio Justo en Mercedes\u201d. Jorge Espa\u00f1a, asegur\u00f3 que \u201cel kirchnerismo puede hacer un desastre en la ciudad\u201d. En tanto, Marcelo Den\u00e1pole, con la\u2026","rel":"","context":"En \u00abPol\u00edtica\u00bb","block_context":{"text":"Pol\u00edtica","link":"https:\/\/www.hoymercedes.com.ar\/principal\/category\/politica\/"},"img":{"alt_text":"","src":"https:\/\/i0.wp.com\/www.hoymercedes.com.ar\/principal\/wp-content\/uploads\/2015\/07\/Denapole-Flores-Espa%C3%B1a-PRO-FrenteRenovador.jpg?resize=350%2C200&ssl=1","width":350,"height":200,"srcset":"https:\/\/i0.wp.com\/www.hoymercedes.com.ar\/principal\/wp-content\/uploads\/2015\/07\/Denapole-Flores-Espa%C3%B1a-PRO-FrenteRenovador.jpg?resize=350%2C200&ssl=1 1x, https:\/\/i0.wp.com\/www.hoymercedes.com.ar\/principal\/wp-content\/uploads\/2015\/07\/Denapole-Flores-Espa%C3%B1a-PRO-FrenteRenovador.jpg?resize=525%2C300&ssl=1 1.5x"},"classes":[]},{"id":43566,"url":"https:\/\/www.hoymercedes.com.ar\/principal\/2015\/08\/02\/denapole-y-el-frente-renovador-cerraran-su-campana-el-proximo-jueves\/","url_meta":{"origin":43181,"position":2},"title":"Denapole y el Frente Renovador cerrar\u00e1n su campa\u00f1a el pr\u00f3ximo jueves","author":"hoymercedes","date":"2 agosto, 2015","format":false,"excerpt":"Este jueves, el Frente Renovador va a cerrar su campa\u00f1a electoral de cara a las PASO, a las 20 horas en el club Estudiantes, y aseguran, ser\u00e1 multitudinario. Con seguridad habr\u00e1 invitados especiales, discursos, y todo lo necesario para pasar un buen momento \u201ctodos juntos\u201d. El precandidato en primer t\u00e9rmino\u2026","rel":"","context":"En \u00abCiudad\u00bb","block_context":{"text":"Ciudad","link":"https:\/\/www.hoymercedes.com.ar\/principal\/category\/ciudad\/"},"img":{"alt_text":"","src":"https:\/\/i0.wp.com\/www.hoymercedes.com.ar\/principal\/wp-content\/uploads\/2015\/08\/selva-denapole.jpg?resize=350%2C200&ssl=1","width":350,"height":200,"srcset":"https:\/\/i0.wp.com\/www.hoymercedes.com.ar\/principal\/wp-content\/uploads\/2015\/08\/selva-denapole.jpg?resize=350%2C200&ssl=1 1x, https:\/\/i0.wp.com\/www.hoymercedes.com.ar\/principal\/wp-content\/uploads\/2015\/08\/selva-denapole.jpg?resize=525%2C300&ssl=1 1.5x"},"classes":[]},{"id":45566,"url":"https:\/\/www.hoymercedes.com.ar\/principal\/2015\/10\/25\/ya-votaron-los-principales-candidatos-del-frente-renovador\/","url_meta":{"origin":43181,"position":3},"title":"Ya votaron los principales candidatos del Frente Renovador","author":"hoymercedes","date":"25 octubre, 2015","format":false,"excerpt":"Con una gran puntualidad, votaron ya los principales candidatos del Frente Renovador en la ciudad de Mercedes. El intendente Carlos Selva, a su vez candidato a diputado nacional, lleg\u00f3 unos minutos antes de la hora establecida al Colegio Industrial, lugar de votaci\u00f3n. Por delante, ten\u00eda una cola de gente muy\u2026","rel":"","context":"En \u00abPol\u00edtica\u00bb","block_context":{"text":"Pol\u00edtica","link":"https:\/\/www.hoymercedes.com.ar\/principal\/category\/politica\/"},"img":{"alt_text":"","src":"https:\/\/i0.wp.com\/www.hoymercedes.com.ar\/principal\/wp-content\/uploads\/2015\/10\/denapole-voto2015.jpg?resize=350%2C200&ssl=1","width":350,"height":200,"srcset":"https:\/\/i0.wp.com\/www.hoymercedes.com.ar\/principal\/wp-content\/uploads\/2015\/10\/denapole-voto2015.jpg?resize=350%2C200&ssl=1 1x, https:\/\/i0.wp.com\/www.hoymercedes.com.ar\/principal\/wp-content\/uploads\/2015\/10\/denapole-voto2015.jpg?resize=525%2C300&ssl=1 1.5x"},"classes":[]},{"id":42505,"url":"https:\/\/www.hoymercedes.com.ar\/principal\/2015\/06\/20\/lista-frente-renovador-encabeza-marcelo-denapole-y-carlos-milhomme-primer-concejal\/","url_meta":{"origin":43181,"position":4},"title":"Lista Frente Renovador: Encabeza Marcelo Denapole y Carlos Milhomme primer concejal","author":"hoymercedes","date":"20 junio, 2015","format":false,"excerpt":"El gran misterio se devel\u00f3 en \u00e9ste espacio pol\u00edtico. Marcelo Den\u00e1pole ser\u00e1 candidato a intendente por el selvismo. Carlos Selva, por su parte, ir\u00e1 por una diputaci\u00f3n provincial. A Den\u00e1pole lo acompa\u00f1ar\u00e1 Milhomme. A nivel nacional ir\u00e1n con la boleta de Sergio Massa. La lista qued\u00f3 conformada de la siguiente\u2026","rel":"","context":"En \u00abPol\u00edtica\u00bb","block_context":{"text":"Pol\u00edtica","link":"https:\/\/www.hoymercedes.com.ar\/principal\/category\/politica\/"},"img":{"alt_text":"","src":"https:\/\/i0.wp.com\/www.hoymercedes.com.ar\/principal\/wp-content\/uploads\/2015\/01\/denapole.jpg?resize=350%2C200&ssl=1","width":350,"height":200,"srcset":"https:\/\/i0.wp.com\/www.hoymercedes.com.ar\/principal\/wp-content\/uploads\/2015\/01\/denapole.jpg?resize=350%2C200&ssl=1 1x, https:\/\/i0.wp.com\/www.hoymercedes.com.ar\/principal\/wp-content\/uploads\/2015\/01\/denapole.jpg?resize=525%2C300&ssl=1 1.5x"},"classes":[]},{"id":45385,"url":"https:\/\/www.hoymercedes.com.ar\/principal\/2015\/10\/18\/marcelo-denapole-presento-su-plan-de-gobierno-una-mercedes-pujante\/","url_meta":{"origin":43181,"position":5},"title":"Marcelo Denapole present\u00f3 su \u201cPlan de Gobierno UNA Mercedes pujante\u201d","author":"hoymercedes","date":"18 octubre, 2015","format":false,"excerpt":"Marcelo Denapole, acompa\u00f1ado del intendente Carlos Selva y candidatos al Concejo Deliberante, llev\u00f3 adelante la presentaci\u00f3n de su plan de gobierno \u201cUNA Mercedes pujante \u2013 2015-2019\u201d con miras a las elecciones del pr\u00f3ximo 25 y en el marco del d\u00eda de la lealtad peronista. Marcelo Denapole, Carlos Selva, Carlos Milhomme,\u2026","rel":"","context":"En \u00abPol\u00edtica\u00bb","block_context":{"text":"Pol\u00edtica","link":"https:\/\/www.hoymercedes.com.ar\/principal\/category\/politica\/"},"img":{"alt_text":"","src":"https:\/\/i0.wp.com\/www.hoymercedes.com.ar\/principal\/wp-content\/uploads\/2015\/10\/plandegobierno-denapole.jpg?resize=350%2C200&ssl=1","width":350,"height":200,"srcset":"https:\/\/i0.wp.com\/www.hoymercedes.com.ar\/principal\/wp-content\/uploads\/2015\/10\/plandegobierno-denapole.jpg?resize=350%2C200&ssl=1 1x, https:\/\/i0.wp.com\/www.hoymercedes.com.ar\/principal\/wp-content\/uploads\/2015\/10\/plandegobierno-denapole.jpg?resize=525%2C300&ssl=1 1.5x"},"classes":[]}],"_links":{"self":[{"href":"https:\/\/www.hoymercedes.com.ar\/principal\/wp-json\/wp\/v2\/posts\/43181","targetHints":{"allow":["GET"]}}],"collection":[{"href":"https:\/\/www.hoymercedes.com.ar\/principal\/wp-json\/wp\/v2\/posts"}],"about":[{"href":"https:\/\/www.hoymercedes.com.ar\/principal\/wp-json\/wp\/v2\/types\/post"}],"author":[{"embeddable":true,"href":"https:\/\/www.hoymercedes.com.ar\/principal\/wp-json\/wp\/v2\/users\/1"}],"replies":[{"embeddable":true,"href":"https:\/\/www.hoymercedes.com.ar\/principal\/wp-json\/wp\/v2\/comments?post=43181"}],"version-history":[{"count":0,"href":"https:\/\/www.hoymercedes.com.ar\/principal\/wp-json\/wp\/v2\/posts\/43181\/revisions"}],"wp:featuredmedia":[{"embeddable":true,"href":"https:\/\/www.hoymercedes.com.ar\/principal\/wp-json\/wp\/v2\/media\/43182"}],"wp:attachment":[{"href":"https:\/\/www.hoymercedes.com.ar\/principal\/wp-json\/wp\/v2\/media?parent=43181"}],"wp:term":[{"taxonomy":"category","embeddable":true,"href":"https:\/\/www.hoymercedes.com.ar\/principal\/wp-json\/wp\/v2\/categories?post=43181"},{"taxonomy":"post_tag","embeddable":true,"href":"https:\/\/www.hoymercedes.com.ar\/principal\/wp-json\/wp\/v2\/tags?post=43181"}],"curies":[{"name":"wp","href":"https:\/\/api.w.org\/{rel}","templated":true}]}}