{"id":43186,"date":"2015-07-19T18:07:54","date_gmt":"2015-07-19T21:07:54","guid":{"rendered":"http:\/\/www.hoymercedes.com.ar\/principal\/?p=43186"},"modified":"2015-07-19T18:07:54","modified_gmt":"2015-07-19T21:07:54","slug":"junto-a-juan-maria-traverso-lanza-ustarroz-foro-de-seguridad-vial","status":"publish","type":"post","link":"https:\/\/www.hoymercedes.com.ar\/principal\/2015\/07\/19\/junto-a-juan-maria-traverso-lanza-ustarroz-foro-de-seguridad-vial\/","title":{"rendered":"Junto a Juan Mar\u00eda Traverso lanza Ustarroz \u00abForo de Seguridad Vial\u00bb"},"content":{"rendered":"<p>&nbsp;<\/p>\n<p><em><strong>El &#8216;Flaco&#8217; Juan Mar\u00eda Traverso, multicampe\u00f3n del Turismo Carretera y Turismo Competici\u00f3n 2000 y uno de los m\u00e1ximos \u00eddolos que ha dado el automovilismo nacional, ser\u00e1 el invitado especial en el Foro de Seguridad Vial que lanzar\u00e1 el lunes el presidente del bloque de concejales y precandidato a intendente del Frente Mercedino para la Victoria, Juan Ignacio Ustarroz.<\/strong><\/em><\/p>\n<p>El encuentro, en el que tambi\u00e9n habr\u00e1 distintos especialistas en la materia y los equipos t\u00e9cnicos del FMpV, se llevar\u00e1 a cabo el lunes desde las 18 en la Sociedad Espa\u00f1ola (28 entre 15 y 17).<\/p>\n<p>\u00abEl tema del tr\u00e1nsito y la seguridad vial tambi\u00e9n es una de las preocupaciones salientes de todos los vecinos y, adem\u00e1s de los especialistas en el tema, tendremos como invitado al &#8216;Flaco&#8217; Traverso, que desde su retiro como piloto profesional se ha interiorizado especialmente en el \u00e1rea y nos dar\u00e1 una charla seguramente muy fruct\u00edfera\u00bb, explic\u00f3 Ustarroz.<\/p>\n<p>En el marco de los Foros de Participaci\u00f3n Ciudadana lanzados hace varias semanas, el Frente Mercedino ya ha propiciado debates de Planificaci\u00f3n y Servicios P\u00fablicos, Seguridad, Educaci\u00f3n, Cultura, Deporte y Salud y Producci\u00f3n y Empleo.<\/p>\n<p>\u00abLa idea es generar espacios de reflexi\u00f3n para incorporar la opini\u00f3n de los vecinos, abrir un debate serio y hacer un diagn\u00f3stico preciso en cada \u00e1rea para decidir las acciones. Como solemos decir: el lema es escuchar, planificar y hacer -manifest\u00f3 Ustarroz-. Esa es la l\u00f3gica de nuestro objetivo, el bien com\u00fan, la construcci\u00f3n colectiva de una ciudad mejor, sintetizada en &#8216;Primero Mercedes'\u00bb.<\/p>\n<p>En el caso espec\u00edfico de la seguridad vial, desde el Frente Mercedino se vienen realizando distintas acciones como un proyecto para la puesta en valor de los accesos a la ciudad, charlas en el Concejo Deliberante con especialistas y proyectos vinculados a la materia.<\/p>\n","protected":false},"excerpt":{"rendered":"<p>&nbsp; El &#8216;Flaco&#8217; Juan Mar\u00eda Traverso, multicampe\u00f3n del Turismo Carretera y Turismo Competici\u00f3n 2000 y uno de los m\u00e1ximos \u00eddolos &#8230; <a title=\"Junto a Juan Mar\u00eda Traverso lanza Ustarroz \u00abForo de Seguridad Vial\u00bb\" class=\"read-more\" href=\"https:\/\/www.hoymercedes.com.ar\/principal\/2015\/07\/19\/junto-a-juan-maria-traverso-lanza-ustarroz-foro-de-seguridad-vial\/\" aria-label=\"Leer m\u00e1s sobre Junto a Juan Mar\u00eda Traverso lanza Ustarroz \u00abForo de Seguridad Vial\u00bb\">Leer m\u00e1s<\/a><\/p>\n","protected":false},"author":1,"featured_media":43187,"comment_status":"open","ping_status":"open","sticky":false,"template":"","format":"standard","meta":{"_monsterinsights_skip_tracking":false,"_monsterinsights_sitenote_active":false,"_monsterinsights_sitenote_note":"","_monsterinsights_sitenote_category":0,"jetpack_post_was_ever_published":false,"_jetpack_newsletter_access":"","_jetpack_dont_email_post_to_subs":false,"_jetpack_newsletter_tier_id":0,"_jetpack_memberships_contains_paywalled_content":false,"_jetpack_memberships_contains_paid_content":false,"footnotes":"","jetpack_publicize_message":"","jetpack_publicize_feature_enabled":true,"jetpack_social_post_already_shared":true,"jetpack_social_options":{"image_generator_settings":{"template":"highway","default_image_id":0,"font":"","enabled":false},"version":2},"_wpas_customize_per_network":false},"categories":[5],"tags":[7638,965,424],"class_list":["post-43186","post","type-post","status-publish","format-standard","has-post-thumbnail","hentry","category-politica","tag-foro-seguridad-vial","tag-juan-maria-traverso","tag-ustarroz","generate-columns","tablet-grid-50","mobile-grid-100","grid-parent","grid-50"],"jetpack_publicize_connections":[],"jetpack_featured_media_url":"https:\/\/www.hoymercedes.com.ar\/principal\/wp-content\/uploads\/2015\/07\/JuanMariaTraverso.jpg","wps_subtitle":"Elecciones 2015","jetpack_sharing_enabled":true,"jetpack-related-posts":[{"id":5283,"url":"https:\/\/www.hoymercedes.com.ar\/principal\/2011\/06\/28\/juan-maria-traverso-estara-en-mercedes\/","url_meta":{"origin":43186,"position":0},"title":"Juan Mar\u00eda Traverso estar\u00e1 en Mercedes","author":"hoymercedes","date":"28 junio, 2011","format":false,"excerpt":"El afamado corredor de autos Juan Mar\u00eda Traverso estar\u00e1 en Mercedes. El M\u00faltiple Campe\u00f3n Juan Mar\u00eda Traverso llegar\u00e1 a Mercedes enmarcado en su Campa\u00f1a de Seguridad Vial, para brindar una Charla dentro del programa de la Agencia Nacional de Seguridad Vial. El encuentro tendr\u00e1 lugar el jueves 30 de junio\u2026","rel":"","context":"En \u00abSociedad\u00bb","block_context":{"text":"Sociedad","link":"https:\/\/www.hoymercedes.com.ar\/principal\/category\/sociedad\/"},"img":{"alt_text":"","src":"","width":0,"height":0},"classes":[]},{"id":5335,"url":"https:\/\/www.hoymercedes.com.ar\/principal\/2011\/07\/01\/juan-maria-traverso-estuvo-en-mercedes-y-hablo-sobre-seguridad-vial\/","url_meta":{"origin":43186,"position":1},"title":"Juan Mar\u00eda Traverso estuvo en Mercedes y habl\u00f3 sobre seguridad vial","author":"hoymercedes","date":"1 julio, 2011","format":false,"excerpt":"El m\u00faltiple campe\u00f3n del automovilismo nacional, Juan mar\u00eda Traverso, ahora fuera de toda competencia dedicado a la tarea de divulgaci\u00f3n sobre prevenci\u00f3n de accidentes que se lleva a cabo desde la Agencia Nacional de Seguridad Vial sostuvo en nuestra ciudad durante un acto organizado por el Frente Mercedino para la\u2026","rel":"","context":"En \u00abOpini\u00f3n\u00bb","block_context":{"text":"Opini\u00f3n","link":"https:\/\/www.hoymercedes.com.ar\/principal\/category\/opinion\/"},"img":{"alt_text":"","src":"https:\/\/i0.wp.com\/www.hoymercedes.com.ar\/principal\/wp-content\/uploads\/2011\/07\/TraversoUstarroz.jpg?resize=350%2C200","width":350,"height":200,"srcset":"https:\/\/i0.wp.com\/www.hoymercedes.com.ar\/principal\/wp-content\/uploads\/2011\/07\/TraversoUstarroz.jpg?resize=350%2C200 1x, https:\/\/i0.wp.com\/www.hoymercedes.com.ar\/principal\/wp-content\/uploads\/2011\/07\/TraversoUstarroz.jpg?resize=525%2C300 1.5x"},"classes":[]},{"id":34756,"url":"https:\/\/www.hoymercedes.com.ar\/principal\/2014\/07\/30\/invita-fmpv-a-charla-sobre-seguridad-vial-en-el-h-c-d\/","url_meta":{"origin":43186,"position":2},"title":"Invita FMpV a charla sobre seguridad vial en el H.C.D","author":"hoymercedes","date":"30 julio, 2014","format":false,"excerpt":"El Director de Estad\u00edstica del Observatorio Vial, licenciado Pablo Rojas, dar\u00e1 este jueves 31 una charla sobre tr\u00e1nsito y seguridad vial en el recinto del Honorable Concejo Deliberante, a partir de las 18, a la que fueron invitados funcionarios, instituciones, comerciantes, especialistas locales en el tema y vecinos. La llegada\u2026","rel":"","context":"En \u00abPol\u00edtica\u00bb","block_context":{"text":"Pol\u00edtica","link":"https:\/\/www.hoymercedes.com.ar\/principal\/category\/politica\/"},"img":{"alt_text":"","src":"","width":0,"height":0},"classes":[]},{"id":43630,"url":"https:\/\/www.hoymercedes.com.ar\/principal\/2015\/08\/04\/con-la-presencia-del-director-del-garrahan-ustarroz-lanza-el-foro-participativo-de-salud\/","url_meta":{"origin":43186,"position":3},"title":"Con la presencia del director del Garrahan, Ustarroz lanza el foro participativo de salud","author":"hoymercedes","date":"4 agosto, 2015","format":false,"excerpt":"\u00a0 El presidente del bloque de concejales y precandidato a intendente del Frente Mercedino para la Victoria, Juan Ignacio Ustarroz, lanzar\u00e1 meste\u00a0martes el Foro de Participaci\u00f3n Ciudadana de Salud con la presencia de importantes invitados, entre ellos el director del prestigioso hospital pedi\u00e1trico Garrahan, Marcelo Sconiparo. El encuentro ser\u00e1 a\u2026","rel":"","context":"En \u00abPol\u00edtica\u00bb","block_context":{"text":"Pol\u00edtica","link":"https:\/\/www.hoymercedes.com.ar\/principal\/category\/politica\/"},"img":{"alt_text":"","src":"https:\/\/i0.wp.com\/www.hoymercedes.com.ar\/principal\/wp-content\/uploads\/2015\/04\/mercedes-hospitalgarrahan.jpg?resize=350%2C200&ssl=1","width":350,"height":200,"srcset":"https:\/\/i0.wp.com\/www.hoymercedes.com.ar\/principal\/wp-content\/uploads\/2015\/04\/mercedes-hospitalgarrahan.jpg?resize=350%2C200&ssl=1 1x, https:\/\/i0.wp.com\/www.hoymercedes.com.ar\/principal\/wp-content\/uploads\/2015\/04\/mercedes-hospitalgarrahan.jpg?resize=525%2C300&ssl=1 1.5x"},"classes":[]},{"id":101866,"url":"https:\/\/www.hoymercedes.com.ar\/principal\/2019\/10\/28\/municipio-suma-equipamiento-para-agentes-de-transito-sumar-control-y-seguridad-vial\/","url_meta":{"origin":43186,"position":4},"title":"Municipio suma equipamiento para agentes de tr\u00e1nsito, sumar control y seguridad vial","author":"hoymercedes","date":"28 octubre, 2019","format":false,"excerpt":"La Municipalidad de Mercedes contin\u00faa con la inversi\u00f3n y el crecimiento de las diferentes \u00e1reas de la ciudad. De esta manera, frente al Palacio Municipal el intendente Juan Ignacio Ustarroz junto a la Secretaria de Seguridad Municipal, la Dra. Josefina Kelly presentaron nuevo equipamiento y herramientas para el \u00e1rea de\u2026","rel":"","context":"En \u00abMunicipio\u00bb","block_context":{"text":"Municipio","link":"https:\/\/www.hoymercedes.com.ar\/principal\/category\/municipio\/"},"img":{"alt_text":"","src":"https:\/\/i0.wp.com\/www.hoymercedes.com.ar\/principal\/wp-content\/uploads\/2019\/10\/Bicis-AgentesdeTr%C3%A1nsito.jpg?resize=350%2C200&ssl=1","width":350,"height":200,"srcset":"https:\/\/i0.wp.com\/www.hoymercedes.com.ar\/principal\/wp-content\/uploads\/2019\/10\/Bicis-AgentesdeTr%C3%A1nsito.jpg?resize=350%2C200&ssl=1 1x, https:\/\/i0.wp.com\/www.hoymercedes.com.ar\/principal\/wp-content\/uploads\/2019\/10\/Bicis-AgentesdeTr%C3%A1nsito.jpg?resize=525%2C300&ssl=1 1.5x, https:\/\/i0.wp.com\/www.hoymercedes.com.ar\/principal\/wp-content\/uploads\/2019\/10\/Bicis-AgentesdeTr%C3%A1nsito.jpg?resize=700%2C400&ssl=1 2x, https:\/\/i0.wp.com\/www.hoymercedes.com.ar\/principal\/wp-content\/uploads\/2019\/10\/Bicis-AgentesdeTr%C3%A1nsito.jpg?resize=1050%2C600&ssl=1 3x"},"classes":[]},{"id":177867,"url":"https:\/\/www.hoymercedes.com.ar\/principal\/2024\/08\/11\/jovenes-protagonistas-de-la-final-de-las-olimpiadas-de-seguridad-vial\/","url_meta":{"origin":43186,"position":5},"title":"J\u00f3venes protagonistas de la final de las Olimpiadas de Seguridad Vial","author":"hoymercedes","date":"11 agosto, 2024","format":false,"excerpt":"En el Teatro Argentino \u201cJulio C\u00e9sar Gioscio\u201d se llev\u00f3 adelante la final de las olimpiadas en educaci\u00f3n para la seguridad vial. Participaron de la misma las escuelas N\u00b011 de Altamira, la Escuela de Educaci\u00f3n T\u00e9cnica y el Colegio San Luis Gonzaga. Felicitaciones El intendente\u00a0Juan Ignacio Ustarroz\u00a0felicit\u00f3 \u201ca los chicos, a\u2026","rel":"","context":"En \u00abEducaci\u00f3n\u00bb","block_context":{"text":"Educaci\u00f3n","link":"https:\/\/www.hoymercedes.com.ar\/principal\/category\/educacion\/"},"img":{"alt_text":"J\u00f3venes protagonistas de la final de las Olimpiadas de Seguridad Vial","src":"https:\/\/i0.wp.com\/www.hoymercedes.com.ar\/principal\/wp-content\/uploads\/2024\/08\/4-scaled.jpg?resize=350%2C200&ssl=1","width":350,"height":200,"srcset":"https:\/\/i0.wp.com\/www.hoymercedes.com.ar\/principal\/wp-content\/uploads\/2024\/08\/4-scaled.jpg?resize=350%2C200&ssl=1 1x, https:\/\/i0.wp.com\/www.hoymercedes.com.ar\/principal\/wp-content\/uploads\/2024\/08\/4-scaled.jpg?resize=525%2C300&ssl=1 1.5x, https:\/\/i0.wp.com\/www.hoymercedes.com.ar\/principal\/wp-content\/uploads\/2024\/08\/4-scaled.jpg?resize=700%2C400&ssl=1 2x, https:\/\/i0.wp.com\/www.hoymercedes.com.ar\/principal\/wp-content\/uploads\/2024\/08\/4-scaled.jpg?resize=1050%2C600&ssl=1 3x, https:\/\/i0.wp.com\/www.hoymercedes.com.ar\/principal\/wp-content\/uploads\/2024\/08\/4-scaled.jpg?resize=1400%2C800&ssl=1 4x"},"classes":[]}],"_links":{"self":[{"href":"https:\/\/www.hoymercedes.com.ar\/principal\/wp-json\/wp\/v2\/posts\/43186","targetHints":{"allow":["GET"]}}],"collection":[{"href":"https:\/\/www.hoymercedes.com.ar\/principal\/wp-json\/wp\/v2\/posts"}],"about":[{"href":"https:\/\/www.hoymercedes.com.ar\/principal\/wp-json\/wp\/v2\/types\/post"}],"author":[{"embeddable":true,"href":"https:\/\/www.hoymercedes.com.ar\/principal\/wp-json\/wp\/v2\/users\/1"}],"replies":[{"embeddable":true,"href":"https:\/\/www.hoymercedes.com.ar\/principal\/wp-json\/wp\/v2\/comments?post=43186"}],"version-history":[{"count":0,"href":"https:\/\/www.hoymercedes.com.ar\/principal\/wp-json\/wp\/v2\/posts\/43186\/revisions"}],"wp:featuredmedia":[{"embeddable":true,"href":"https:\/\/www.hoymercedes.com.ar\/principal\/wp-json\/wp\/v2\/media\/43187"}],"wp:attachment":[{"href":"https:\/\/www.hoymercedes.com.ar\/principal\/wp-json\/wp\/v2\/media?parent=43186"}],"wp:term":[{"taxonomy":"category","embeddable":true,"href":"https:\/\/www.hoymercedes.com.ar\/principal\/wp-json\/wp\/v2\/categories?post=43186"},{"taxonomy":"post_tag","embeddable":true,"href":"https:\/\/www.hoymercedes.com.ar\/principal\/wp-json\/wp\/v2\/tags?post=43186"}],"curies":[{"name":"wp","href":"https:\/\/api.w.org\/{rel}","templated":true}]}}