{"id":4319,"date":"2011-05-17T03:40:02","date_gmt":"2011-05-17T03:40:02","guid":{"rendered":"http:\/\/www.hoymercedes.com.ar\/principal\/?p=4319"},"modified":"2011-05-17T03:48:45","modified_gmt":"2011-05-17T03:48:45","slug":"marcelo-melo-duda-que-el-frente-mercedino-sea-oficialista-asociandolos-al-gioscismo","status":"publish","type":"post","link":"https:\/\/www.hoymercedes.com.ar\/principal\/2011\/05\/17\/marcelo-melo-duda-que-el-frente-mercedino-sea-oficialista-asociandolos-al-gioscismo\/","title":{"rendered":"Marcelo Melo duda que el Frente Mercedino sea oficialista asoci\u00e1ndolos al gioscismo"},"content":{"rendered":"<figure id=\"attachment_4321\" aria-describedby=\"caption-attachment-4321\" style=\"width: 290px\" class=\"wp-caption alignleft\"><a href=\"https:\/\/www.hoymercedes.com.ar\/principal\/wp-content\/uploads\/2011\/05\/MarceloMelo.jpg\"><img loading=\"lazy\" decoding=\"async\" data-attachment-id=\"4321\" data-permalink=\"https:\/\/www.hoymercedes.com.ar\/principal\/2011\/05\/17\/marcelo-melo-duda-que-el-frente-mercedino-sea-oficialista-asociandolos-al-gioscismo\/marcelomelo\/#main\" data-orig-file=\"https:\/\/www.hoymercedes.com.ar\/principal\/wp-content\/uploads\/2011\/05\/MarceloMelo.jpg\" data-orig-size=\"300,225\" data-comments-opened=\"1\" data-image-meta=\"{&quot;aperture&quot;:&quot;0&quot;,&quot;credit&quot;:&quot;&quot;,&quot;camera&quot;:&quot;&quot;,&quot;caption&quot;:&quot;&quot;,&quot;created_timestamp&quot;:&quot;0&quot;,&quot;copyright&quot;:&quot;&quot;,&quot;focal_length&quot;:&quot;0&quot;,&quot;iso&quot;:&quot;0&quot;,&quot;shutter_speed&quot;:&quot;0&quot;,&quot;title&quot;:&quot;&quot;}\" data-image-title=\"Marcelo Melo\" data-image-description=\"&lt;p&gt;Marcelo Melo&lt;\/p&gt;\n\" data-image-caption=\"&lt;p&gt;Marcelo Melo&lt;\/p&gt;\n\" data-large-file=\"https:\/\/www.hoymercedes.com.ar\/principal\/wp-content\/uploads\/2011\/05\/MarceloMelo.jpg\" class=\"size-full wp-image-4321\" title=\"Marcelo Melo\" src=\"https:\/\/www.hoymercedes.com.ar\/principal\/wp-content\/uploads\/2011\/05\/MarceloMelo.jpg\" alt=\"Marcelo Melo\" width=\"300\" height=\"225\" \/><\/a><figcaption id=\"caption-attachment-4321\" class=\"wp-caption-text\">Marcelo Melo<\/figcaption><\/figure>\n<p>El funcionario de la administraci\u00f3n Selva, del \u00e1rea de Turismo, y presidente del Partido de la Victoria local, Marcelo Melo, asegur\u00f3 que se muestra conforme con el grado de movilizaci\u00f3n que se est\u00e1 dando en el movimiento peronista local.<\/p>\n<p>Melo sostuvo que: <em>\u201cYa estamos trabajando muy fuertemente en un gran paraguas que es la Corriente de la Militancia, en donde confluimos el Movimiento Evita, Kolina, el Frente de la Educaci\u00f3n para la Victoria, el Partido de la Victoria, para que Carlos Selva tenga una herramienta m\u00e1s para imponerse en las elecciones venideras de agosto, y un fuerte apoyo a su gesti\u00f3n \u2013la m\u00e1s transformadora de todas, sin lugar a dudas\u2014.\u201d<\/em><\/p>\n<p>Consultado sobre la Corriente, asegur\u00f3: <em>\u201cya ven\u00edamos trabajando en conjunto, es m\u00e1s, para el d\u00eda del militante, del a\u00f1o pasado, ya hab\u00edamos estado participando de un gran acto en una carpa montada junto a la Casa de Gobierno. La Corriente es qui\u00e9n organiz\u00f3 el \u00faltimo gran acto en que Cristina, nuestra presidenta, particip\u00f3. Es el espacio en el que se unen, adem\u00e1s de los partidos antes mencionados, dirigentes de la talla de Daniel Filmus, Rossi, Taiana, P\u00e9rsico, entre otros. No tenemos ninguna duda ni en Mercedes, ni en la provincia ni en Naci\u00f3n, nuestros candidatos son Selva, Scioli y Cristina, que son el reaseguro de crecimiento en los tres estamentos. No hay otra opci\u00f3n\u201d.<\/em><\/p>\n<p>Cuando se le pregunt\u00f3 sobre la situaci\u00f3n que se vive en Mercedes con el Kirchnerismo, Melo asever\u00f3 que cuando La C\u00e1mpora apareci\u00f3, lo alegr\u00f3 tal irrupci\u00f3n porque crey\u00f3 ver una bocanada de aire fresco y de movilizaci\u00f3n partidaria. <em>\u201cAlgo nuevo que nos iba a hacer bien a todos y que usando bien los contactos, pod\u00eda ser muy beneficioso para los mercedinos. Pero con el correr de los d\u00edas y mientras van haciendo camino, veo que no era lo esperado. Un grupo que no respeta lo institucional, no tienen en cuenta el mandato popular y hasta dudo por momentos que sean del mismo oficialismo. Pasaron la ambulancia hasta por lo m\u00e1s rancio de la sociedad local. Hoy est\u00e1n junto a un Bereterbide, a un nieto de Gioscio, a Basavilvaso \u2013que no se lo conoce, pero es el menemismo recalcitrante&#8211;, a Cerulli, y a Bani. S\u00f3lo les falta sumarlo a Cornet y tienen al entorno de Gioscio a pleno\u201d<\/em>, sentenci\u00f3.<\/p>\n<p>En relaci\u00f3n a lo que vendr\u00e1 el funcionario dijo que son buenos tiempos para el oficialismo. \u201cLas encuestas tanto nacionales como provinciales o locales nos acompa\u00f1an. Cristina ya est\u00e1 rondando el 50%. Scioli se impone de manera contundente y Carlos Selva no tendr\u00e1 mayores inconvenientes en imponerse en la pr\u00f3xima contienda electoral. Ac\u00e1 a\u00fan se tiene la duda de c\u00f3mo se va a perfilar todo. Qu\u00e9 har\u00e1 el radicalismo en esta suerte de alianza entre Alfonsin y De Narv\u00e1ez. Si los de La C\u00e1mpora est\u00e1n dentro del proyecto, deber\u00edan participar en las primarias obligatorias enfrent\u00e1ndonos al oficialismo y a qui\u00e9n se posicione como candidato de Sergio Massa. Pero realmente dudo que as\u00ed sea. No creo se animen. Pero estar\u00eda muy bueno medir fuerzas entre los sectores afines al Kirchnerismo. Por lo tanto, adelantar c\u00f3mo ir\u00e1 arm\u00e1ndose el mapa pol\u00edtico actual, es casi impredecible. Lo que estoy seguro, es que Selva, Scioli y Cristina volver\u00e1n a ser gobierno nuevamente por la gran cantidad de beneficios, obras y amplitud pol\u00edtica desarrollada como nunca antes pudo verse ni en la ciudad, ni en la provincia ni en naci\u00f3n\u201d.<\/p>\n<p><strong>-\u00bfNo se animar\u00e1n?<\/strong><\/p>\n<p>No creo que se animen. Pero la interna, o la primaria, es el paso l\u00f3gico de la disputa en el mismo partido o frente electoral. Salvo, que realmente no sean oficialismo.<\/p>\n<p><strong>-\u00bfTan seguro est\u00e1n que esos ser\u00e1n los resultados?<\/strong><\/p>\n<p>\u201cEs intuici\u00f3n pura. Nunca se puede estar seguro en un 100% en pol\u00edtica. Pero no hay nada que haga prever que no sea as\u00ed. Las encuestas por un lado lo dan a Carlos Selva imponi\u00e9ndose de manera holgada en Mercedes, y a Scioli y Cristina haciendo lo propio. Hoy el intendente contin\u00faa gestionando, trabajando por los mercedinos y no sali\u00f3 a\u00fan en campa\u00f1a, por lo que cuando eso suceda y comience a enumerar la gran cantidad de obras y beneficios que trajo a los mercedinos, los n\u00fameros, con seguridad, le ser\u00e1n m\u00e1s favorables a\u00fan de lo que le son hoy. La gente ya sabe qui\u00e9n es Selva y no necesita salir a decir cu\u00e1l es su nombre ni qui\u00e9n es. Pero en campa\u00f1a, es una verdadera topadora. No tiene que demostrarle a nadie que es Peronista y Kirchnerista. Estuvo siempre. Hasta en los momentos en que muchos que hoy se dicen kirchneristas estaban cortando rutas. Lo recuerdo perfectamente, fue ah\u00ed cuando yo me sum\u00e9. No me lo cont\u00f3 nadie. Alcanza con recordar como estaba la ciudad antes de Selva y con Selva. Ser\u00e1, creo yo, la elecci\u00f3n m\u00e1s contundente del intendente.<\/p>\n<p><strong>-Sin embargo, la oposici\u00f3n lo critica mucho al actual intendente.<\/strong><\/p>\n<p>\u00bfDesde d\u00f3nde? Ben\u00edtez que encarna al PRO ya estuvo en el poder y pide cosas que ellos mismos no hicieron cuando estaban en la Municipalidad. Cerulli, Perazzo, Bani, Basavilvasso, ni hablar. Alcanza s\u00f3lo con recordar c\u00f3mo estaba el turismo en Mercedes antes de Selva y con Selva. La fiesta del Salame era para unos pocos en el Polideportivo que hoy, costar\u00eda la tarjeta unos 100 pesos. La del Durazno en la 29, con el tr\u00edo San Javier como invitado casi permanente.<\/p>\n<p>Con Carlos Selva, la fiesta del Salame se posicion\u00f3 como una de las m\u00e1s importantes del pa\u00eds. La del Durazno es una fiesta a la que todo el mundo quiere ir y participar y Tom\u00e1s Jofr\u00e9 hoy es un polo gastron\u00f3mico totalmente desarrollado que aporta importantes divisas a la ciudad y en el que estamos trabajando muy fuertemente para organizarlo mejor, y no perder de vista que en el pueblo vive gente con su idiosincrasia que no hay que cambi\u00e1rsela. Siendo reconocido en todos lados. Hoy cuando viajamos, a los mercedinos nos reconocen por el buen salame quintero y por Tom\u00e1s Jofr\u00e9. Todos los eventos tomaron gran relevancia a partir de Selva intendente. Y ni hablar de la cantidad de obras, escuelas y progresos desde lo pol\u00edtico, social, deportivo y cultural que desde el 2003 a la fecha, se avanz\u00f3 \u00bfQui\u00e9n va a querer volver atr\u00e1s?<\/p>\n<p>&nbsp;<\/p>\n<p>&nbsp;<\/p>\n","protected":false},"excerpt":{"rendered":"<p>El funcionario de la administraci\u00f3n Selva, del \u00e1rea de Turismo, y presidente del Partido de la Victoria local, Marcelo Melo, &#8230; <a title=\"Marcelo Melo duda que el Frente Mercedino sea oficialista asoci\u00e1ndolos al gioscismo\" class=\"read-more\" href=\"https:\/\/www.hoymercedes.com.ar\/principal\/2011\/05\/17\/marcelo-melo-duda-que-el-frente-mercedino-sea-oficialista-asociandolos-al-gioscismo\/\" aria-label=\"Leer m\u00e1s sobre Marcelo Melo duda que el Frente Mercedino sea oficialista asoci\u00e1ndolos al gioscismo\">Leer m\u00e1s<\/a><\/p>\n","protected":false},"author":1,"featured_media":0,"comment_status":"open","ping_status":"open","sticky":false,"template":"","format":"standard","meta":{"_monsterinsights_skip_tracking":false,"_monsterinsights_sitenote_active":false,"_monsterinsights_sitenote_note":"","_monsterinsights_sitenote_category":0,"jetpack_post_was_ever_published":false,"_jetpack_newsletter_access":"","_jetpack_dont_email_post_to_subs":false,"_jetpack_newsletter_tier_id":0,"_jetpack_memberships_contains_paywalled_content":false,"_jetpack_memberships_contains_paid_content":false,"footnotes":"","jetpack_publicize_message":"","jetpack_publicize_feature_enabled":true,"jetpack_social_post_already_shared":false,"jetpack_social_options":{"image_generator_settings":{"template":"highway","default_image_id":0,"font":"","enabled":false},"version":2},"_wpas_customize_per_network":false},"categories":[5],"tags":[379,403],"class_list":["post-4319","post","type-post","status-publish","format-standard","hentry","category-politica","tag-frente-mercedino-para-la-victoria","tag-marcelo-melo","generate-columns","tablet-grid-50","mobile-grid-100","grid-parent","grid-50"],"jetpack_publicize_connections":[],"jetpack_featured_media_url":"","wps_subtitle":"","jetpack_sharing_enabled":true,"_links":{"self":[{"href":"https:\/\/www.hoymercedes.com.ar\/principal\/wp-json\/wp\/v2\/posts\/4319","targetHints":{"allow":["GET"]}}],"collection":[{"href":"https:\/\/www.hoymercedes.com.ar\/principal\/wp-json\/wp\/v2\/posts"}],"about":[{"href":"https:\/\/www.hoymercedes.com.ar\/principal\/wp-json\/wp\/v2\/types\/post"}],"author":[{"embeddable":true,"href":"https:\/\/www.hoymercedes.com.ar\/principal\/wp-json\/wp\/v2\/users\/1"}],"replies":[{"embeddable":true,"href":"https:\/\/www.hoymercedes.com.ar\/principal\/wp-json\/wp\/v2\/comments?post=4319"}],"version-history":[{"count":0,"href":"https:\/\/www.hoymercedes.com.ar\/principal\/wp-json\/wp\/v2\/posts\/4319\/revisions"}],"wp:attachment":[{"href":"https:\/\/www.hoymercedes.com.ar\/principal\/wp-json\/wp\/v2\/media?parent=4319"}],"wp:term":[{"taxonomy":"category","embeddable":true,"href":"https:\/\/www.hoymercedes.com.ar\/principal\/wp-json\/wp\/v2\/categories?post=4319"},{"taxonomy":"post_tag","embeddable":true,"href":"https:\/\/www.hoymercedes.com.ar\/principal\/wp-json\/wp\/v2\/tags?post=4319"}],"curies":[{"name":"wp","href":"https:\/\/api.w.org\/{rel}","templated":true}]}}