{"id":43195,"date":"2015-07-20T09:04:20","date_gmt":"2015-07-20T12:04:20","guid":{"rendered":"http:\/\/www.hoymercedes.com.ar\/principal\/?p=43195"},"modified":"2015-07-20T09:04:20","modified_gmt":"2015-07-20T12:04:20","slug":"jose-cestari-nuevamente-con-la-cupula-del-pro-provincial","status":"publish","type":"post","link":"https:\/\/www.hoymercedes.com.ar\/principal\/2015\/07\/20\/jose-cestari-nuevamente-con-la-cupula-del-pro-provincial\/","title":{"rendered":"Jos\u00e9 Cestari nuevamente con la c\u00fapula del PRO provincial"},"content":{"rendered":"<p><a href=\"https:\/\/www.hoymercedes.com.ar\/principal\/wp-content\/uploads\/2015\/07\/JoseCestari-MariaEugeniaVidal.jpg\"><img loading=\"lazy\" decoding=\"async\" data-attachment-id=\"43196\" data-permalink=\"https:\/\/www.hoymercedes.com.ar\/principal\/2015\/07\/20\/jose-cestari-nuevamente-con-la-cupula-del-pro-provincial\/josecestari-mariaeugeniavidal\/#main\" data-orig-file=\"https:\/\/www.hoymercedes.com.ar\/principal\/wp-content\/uploads\/2015\/07\/JoseCestari-MariaEugeniaVidal.jpg\" data-orig-size=\"620,593\" data-comments-opened=\"1\" data-image-meta=\"{&quot;aperture&quot;:&quot;0&quot;,&quot;credit&quot;:&quot;&quot;,&quot;camera&quot;:&quot;&quot;,&quot;caption&quot;:&quot;&quot;,&quot;created_timestamp&quot;:&quot;0&quot;,&quot;copyright&quot;:&quot;&quot;,&quot;focal_length&quot;:&quot;0&quot;,&quot;iso&quot;:&quot;0&quot;,&quot;shutter_speed&quot;:&quot;0&quot;,&quot;title&quot;:&quot;&quot;,&quot;orientation&quot;:&quot;0&quot;}\" data-image-title=\"JoseCestari-MariaEugeniaVidal\" data-image-description=\"\" data-image-caption=\"\" data-large-file=\"https:\/\/www.hoymercedes.com.ar\/principal\/wp-content\/uploads\/2015\/07\/JoseCestari-MariaEugeniaVidal.jpg\" class=\"Img2014 aligncenter wp-image-43196 size-full\" title=\"Jos\u00e9 Cestari y Eugenia Vidal\" src=\"https:\/\/www.hoymercedes.com.ar\/principal\/wp-content\/uploads\/2015\/07\/JoseCestari-MariaEugeniaVidal.jpg\" alt=\"JoseCestari-MariaEugeniaVidal\" width=\"620\" height=\"593\" srcset=\"https:\/\/www.hoymercedes.com.ar\/principal\/wp-content\/uploads\/2015\/07\/JoseCestari-MariaEugeniaVidal.jpg 620w, https:\/\/www.hoymercedes.com.ar\/principal\/wp-content\/uploads\/2015\/07\/JoseCestari-MariaEugeniaVidal-150x143.jpg 150w, https:\/\/www.hoymercedes.com.ar\/principal\/wp-content\/uploads\/2015\/07\/JoseCestari-MariaEugeniaVidal-290x277.jpg 290w, https:\/\/www.hoymercedes.com.ar\/principal\/wp-content\/uploads\/2015\/07\/JoseCestari-MariaEugeniaVidal-50x48.jpg 50w\" sizes=\"auto, (max-width: 620px) 100vw, 620px\" \/><\/a><\/p>\n<p><em><strong>El pre candidato a intendente por el Frente Cambiemos, Jos\u00e9 Cestari, contin\u00faa con su fuerte v\u00ednculo con el PRO provincial en el marco de su campa\u00f1a por la intendencia y la que Mar\u00eda Eugenia Vidal lleva a cabo por la gobernaci\u00f3n de Buenos Aires.<\/strong><\/em><\/p>\n<p>El mi\u00e9rcoles 15 de julio, el concejal Jos\u00e9 Cestari, fue invitado para participar de la visita de Mauricio Macri y Mar\u00eda Eugenia Vidal a Pilar.<\/p>\n<p>El Precandidato a Intendente estuvo dialogando con Mar\u00eda Eugenia Vidal, ella expres\u00f3 al grupo que acompa\u00f1\u00f3 al licenciado \u00ab<em>Sigan escuchando a los vecinos para que el equipo de Jos\u00e9 pueda lograr un cambio para mejorar la calidad de vida de los mercedinos\u00bb.<\/em><\/p>\n<p>La campa\u00f1a de Cestari contin\u00faa con miras a la interna del Frente Podemos que lo tendr\u00e1 como uno de los protagonistas del pr\u00f3ximo 9 de agosto buscando la intendencia en la general de octubre.<\/p>\n","protected":false},"excerpt":{"rendered":"<p>El pre candidato a intendente por el Frente Cambiemos, Jos\u00e9 Cestari, contin\u00faa con su fuerte v\u00ednculo con el PRO provincial &#8230; <a title=\"Jos\u00e9 Cestari nuevamente con la c\u00fapula del PRO provincial\" class=\"read-more\" href=\"https:\/\/www.hoymercedes.com.ar\/principal\/2015\/07\/20\/jose-cestari-nuevamente-con-la-cupula-del-pro-provincial\/\" aria-label=\"Leer m\u00e1s sobre Jos\u00e9 Cestari nuevamente con la c\u00fapula del PRO provincial\">Leer m\u00e1s<\/a><\/p>\n","protected":false},"author":1,"featured_media":43196,"comment_status":"open","ping_status":"open","sticky":false,"template":"","format":"standard","meta":{"_monsterinsights_skip_tracking":false,"_monsterinsights_sitenote_active":false,"_monsterinsights_sitenote_note":"","_monsterinsights_sitenote_category":0,"jetpack_post_was_ever_published":false,"_jetpack_newsletter_access":"","_jetpack_dont_email_post_to_subs":false,"_jetpack_newsletter_tier_id":0,"_jetpack_memberships_contains_paywalled_content":false,"_jetpack_memberships_contains_paid_content":false,"footnotes":"","jetpack_publicize_message":"","jetpack_publicize_feature_enabled":true,"jetpack_social_post_already_shared":true,"jetpack_social_options":{"image_generator_settings":{"template":"highway","default_image_id":0,"font":"","enabled":false},"version":2},"_wpas_customize_per_network":false},"categories":[5],"tags":[6147,321],"class_list":["post-43195","post","type-post","status-publish","format-standard","has-post-thumbnail","hentry","category-politica","tag-eugenia-vidal","tag-jose-cestari","generate-columns","tablet-grid-50","mobile-grid-100","grid-parent","grid-50"],"jetpack_publicize_connections":[],"jetpack_featured_media_url":"https:\/\/www.hoymercedes.com.ar\/principal\/wp-content\/uploads\/2015\/07\/JoseCestari-MariaEugeniaVidal.jpg","wps_subtitle":"El candidato local en Pilar","jetpack_sharing_enabled":true,"jetpack-related-posts":[{"id":38389,"url":"https:\/\/www.hoymercedes.com.ar\/principal\/2014\/12\/12\/cestari-despidio-el-ano-junto-a-maria-eugenia-vidal-en-san-fernando\/","url_meta":{"origin":43195,"position":0},"title":"Cestari despidi\u00f3 el a\u00f1o junto a Mar\u00eda Eugenia Vidal en San Fernando","author":"hoymercedes","date":"12 diciembre, 2014","format":false,"excerpt":"El jueves 11 de diciembre, en horas de la noche, el Pro de San Fernando organiz\u00f3 una cena de despedida de a\u00f1o, a la que concurrieron los principales referentes o precandidatos a intendentes del Frente que est\u00e1 construyendo el Partido de Mauricio Macri con otras fuerzas pol\u00edticas nacionales, provinciales y\u2026","rel":"","context":"En \u00abSociedad\u00bb","block_context":{"text":"Sociedad","link":"https:\/\/www.hoymercedes.com.ar\/principal\/category\/sociedad\/"},"img":{"alt_text":"Jos\u00e9 Cestari, Mar\u00eda Eugenia VIdal","src":"https:\/\/i0.wp.com\/www.hoymercedes.com.ar\/principal\/wp-content\/uploads\/2014\/12\/Cestari-Vidal.jpg?resize=350%2C200","width":350,"height":200,"srcset":"https:\/\/i0.wp.com\/www.hoymercedes.com.ar\/principal\/wp-content\/uploads\/2014\/12\/Cestari-Vidal.jpg?resize=350%2C200 1x, https:\/\/i0.wp.com\/www.hoymercedes.com.ar\/principal\/wp-content\/uploads\/2014\/12\/Cestari-Vidal.jpg?resize=525%2C300 1.5x"},"classes":[]},{"id":42657,"url":"https:\/\/www.hoymercedes.com.ar\/principal\/2015\/06\/28\/cestari-junto-al-pro-provincial-y-presentacion-de-candidatos-locales\/","url_meta":{"origin":43195,"position":1},"title":"Cestari junto al PRO Provincial y presentaci\u00f3n de candidatos locales","author":"hoymercedes","date":"28 junio, 2015","format":false,"excerpt":"El candidato a intendente por el MIC-PRO, Jos\u00e9 Cestari, llevar\u00e1 a cabo el pr\u00f3ximo mi\u00e9rcoles la presentaci\u00f3n de candidatos de su espacio que participar\u00e1n de la interna del \"Frente Cambiemos\". A su vez fue parte de una joranda de capacitaci\u00f3n en Vicente L\u00f3pez junto a parte de la plana mayor\u2026","rel":"","context":"En \u00abPol\u00edtica\u00bb","block_context":{"text":"Pol\u00edtica","link":"https:\/\/www.hoymercedes.com.ar\/principal\/category\/politica\/"},"img":{"alt_text":"","src":"https:\/\/i0.wp.com\/www.hoymercedes.com.ar\/principal\/wp-content\/uploads\/2015\/06\/cestari-vidal.jpg?resize=350%2C200&ssl=1","width":350,"height":200,"srcset":"https:\/\/i0.wp.com\/www.hoymercedes.com.ar\/principal\/wp-content\/uploads\/2015\/06\/cestari-vidal.jpg?resize=350%2C200&ssl=1 1x, https:\/\/i0.wp.com\/www.hoymercedes.com.ar\/principal\/wp-content\/uploads\/2015\/06\/cestari-vidal.jpg?resize=525%2C300&ssl=1 1.5x"},"classes":[]},{"id":36489,"url":"https:\/\/www.hoymercedes.com.ar\/principal\/2014\/09\/29\/mic-en-encuentro-del-pro-en-pilar-junto-a-eugenia-vidal\/","url_meta":{"origin":43195,"position":2},"title":"MIC en encuentro del PRO en Pilar junto a Eugenia Vidal","author":"hoymercedes","date":"29 septiembre, 2014","format":false,"excerpt":"MIC Mercedes estuvo en Pilar en actividades partidarias provinciales. El s\u00e1bado 27 de septiembre, el concejal vecinalista de Pilar Nicol\u00e1s Ducote, invit\u00f3 al MIC a la apertura de un local Pro en ese Distrito. Asistieron al evento, referentes de muchos lugares. Asimismo entre las personalidades destacadas estuvieron presentes,\u00a0 el presidente\u2026","rel":"","context":"En \u00abPol\u00edtica\u00bb","block_context":{"text":"Pol\u00edtica","link":"https:\/\/www.hoymercedes.com.ar\/principal\/category\/politica\/"},"img":{"alt_text":"cestari-vidal-mic","src":"https:\/\/i0.wp.com\/www.hoymercedes.com.ar\/principal\/wp-content\/uploads\/2014\/09\/cestari-vidal-mic.jpg?resize=350%2C200","width":350,"height":200,"srcset":"https:\/\/i0.wp.com\/www.hoymercedes.com.ar\/principal\/wp-content\/uploads\/2014\/09\/cestari-vidal-mic.jpg?resize=350%2C200 1x, https:\/\/i0.wp.com\/www.hoymercedes.com.ar\/principal\/wp-content\/uploads\/2014\/09\/cestari-vidal-mic.jpg?resize=525%2C300 1.5x"},"classes":[]},{"id":106114,"url":"https:\/\/www.hoymercedes.com.ar\/principal\/2020\/02\/11\/obras-en-calle-10-se-ha-hecho-un-trabajo-espectacular-por-parte-del-gobierno-de-vidal\/","url_meta":{"origin":43195,"position":3},"title":"Obras en calle 10: \u201cSe ha hecho un trabajo espectacular por parte del gobierno de Vidal\u201d","author":"hoymercedes","date":"11 febrero, 2020","format":false,"excerpt":"A sesenta d\u00edas de haber terminado el gobierno de Mar\u00eda Eugenia Vidal, los concejales de Juntos por el Cambio se hicieron presentes en la terminada calle 10, obra que inici\u00f3 en junio pasado el gobierno provincial y que termin\u00f3 promediando el mes de diciembre. Los concejales Facundo Mozzone, Jos\u00e9 Mar\u00eda\u2026","rel":"","context":"En \u00abPol\u00edtica\u00bb","block_context":{"text":"Pol\u00edtica","link":"https:\/\/www.hoymercedes.com.ar\/principal\/category\/politica\/"},"img":{"alt_text":"","src":"https:\/\/i0.wp.com\/www.hoymercedes.com.ar\/principal\/wp-content\/uploads\/2020\/02\/11-calle-10-1.jpeg?resize=350%2C200&ssl=1","width":350,"height":200,"srcset":"https:\/\/i0.wp.com\/www.hoymercedes.com.ar\/principal\/wp-content\/uploads\/2020\/02\/11-calle-10-1.jpeg?resize=350%2C200&ssl=1 1x, https:\/\/i0.wp.com\/www.hoymercedes.com.ar\/principal\/wp-content\/uploads\/2020\/02\/11-calle-10-1.jpeg?resize=525%2C300&ssl=1 1.5x, https:\/\/i0.wp.com\/www.hoymercedes.com.ar\/principal\/wp-content\/uploads\/2020\/02\/11-calle-10-1.jpeg?resize=700%2C400&ssl=1 2x"},"classes":[]},{"id":36614,"url":"https:\/\/www.hoymercedes.com.ar\/principal\/2014\/10\/02\/pro-no-hubo-foto-de-los-tres-candidatos-locales-y-vidal-alento-lista-unica-o-paso\/","url_meta":{"origin":43195,"position":4},"title":"PRO: no hubo foto de los tres candidatos locales y Vidal alent\u00f3 lista \u00fanica o PASO","author":"hoymercedes","date":"2 octubre, 2014","format":false,"excerpt":"Al menos mientras se dialog\u00f3 con la prensa y los vecinos en el radio c\u00e9ntrico no se logro la ansiada foto de Mar\u00eda Eugenia Vidal, Jos\u00e9 Cestari, Pitu Flores y Juan Carlos Benitez, m\u00e1s all\u00e1 que los tres candidatos y ediles mercedinos estaban presentes. Vidal al respecto fogone\u00f3 la lista\u2026","rel":"","context":"En \u00abPol\u00edtica\u00bb","block_context":{"text":"Pol\u00edtica","link":"https:\/\/www.hoymercedes.com.ar\/principal\/category\/politica\/"},"img":{"alt_text":"promercedes","src":"https:\/\/i0.wp.com\/www.hoymercedes.com.ar\/principal\/wp-content\/uploads\/2014\/10\/promercedes.jpg?resize=350%2C200","width":350,"height":200,"srcset":"https:\/\/i0.wp.com\/www.hoymercedes.com.ar\/principal\/wp-content\/uploads\/2014\/10\/promercedes.jpg?resize=350%2C200 1x, https:\/\/i0.wp.com\/www.hoymercedes.com.ar\/principal\/wp-content\/uploads\/2014\/10\/promercedes.jpg?resize=525%2C300 1.5x"},"classes":[]},{"id":36177,"url":"https:\/\/www.hoymercedes.com.ar\/principal\/2014\/09\/18\/mic-sigue-trabajando-fuerte-con-el-g25-del-pro-de-mauricio-macri\/","url_meta":{"origin":43195,"position":5},"title":"MIC sigue trabajando fuerte con el G25 del PRO de Mauricio Macri","author":"hoymercedes","date":"18 septiembre, 2014","format":false,"excerpt":"Una importante delegaci\u00f3n del MIC, encabezada por los concejales Jos\u00e9 Cestari y Juan Carlos Badano, asisti\u00f3 al mi\u00e9rcoles a la charla \u2013 debate \u201cLa Argentina que queremos es posible. Hag\u00e1mosla realidad juntos\u201d en la que se pudo conversar sobre pol\u00edticas de seguridad, justicia, educaci\u00f3n, econom\u00eda con Mar\u00eda Eugenia Vidal y\u2026","rel":"","context":"En \u00abPol\u00edtica\u00bb","block_context":{"text":"Pol\u00edtica","link":"https:\/\/www.hoymercedes.com.ar\/principal\/category\/politica\/"},"img":{"alt_text":"Cestari-Badano-VIdal","src":"https:\/\/i0.wp.com\/www.hoymercedes.com.ar\/principal\/wp-content\/uploads\/2014\/09\/Cestari-Badano-VIdal.jpg?resize=350%2C200","width":350,"height":200,"srcset":"https:\/\/i0.wp.com\/www.hoymercedes.com.ar\/principal\/wp-content\/uploads\/2014\/09\/Cestari-Badano-VIdal.jpg?resize=350%2C200 1x, https:\/\/i0.wp.com\/www.hoymercedes.com.ar\/principal\/wp-content\/uploads\/2014\/09\/Cestari-Badano-VIdal.jpg?resize=525%2C300 1.5x"},"classes":[]}],"_links":{"self":[{"href":"https:\/\/www.hoymercedes.com.ar\/principal\/wp-json\/wp\/v2\/posts\/43195","targetHints":{"allow":["GET"]}}],"collection":[{"href":"https:\/\/www.hoymercedes.com.ar\/principal\/wp-json\/wp\/v2\/posts"}],"about":[{"href":"https:\/\/www.hoymercedes.com.ar\/principal\/wp-json\/wp\/v2\/types\/post"}],"author":[{"embeddable":true,"href":"https:\/\/www.hoymercedes.com.ar\/principal\/wp-json\/wp\/v2\/users\/1"}],"replies":[{"embeddable":true,"href":"https:\/\/www.hoymercedes.com.ar\/principal\/wp-json\/wp\/v2\/comments?post=43195"}],"version-history":[{"count":0,"href":"https:\/\/www.hoymercedes.com.ar\/principal\/wp-json\/wp\/v2\/posts\/43195\/revisions"}],"wp:featuredmedia":[{"embeddable":true,"href":"https:\/\/www.hoymercedes.com.ar\/principal\/wp-json\/wp\/v2\/media\/43196"}],"wp:attachment":[{"href":"https:\/\/www.hoymercedes.com.ar\/principal\/wp-json\/wp\/v2\/media?parent=43195"}],"wp:term":[{"taxonomy":"category","embeddable":true,"href":"https:\/\/www.hoymercedes.com.ar\/principal\/wp-json\/wp\/v2\/categories?post=43195"},{"taxonomy":"post_tag","embeddable":true,"href":"https:\/\/www.hoymercedes.com.ar\/principal\/wp-json\/wp\/v2\/tags?post=43195"}],"curies":[{"name":"wp","href":"https:\/\/api.w.org\/{rel}","templated":true}]}}