{"id":43256,"date":"2015-07-21T13:49:15","date_gmt":"2015-07-21T16:49:15","guid":{"rendered":"http:\/\/www.hoymercedes.com.ar\/principal\/?p=43256"},"modified":"2015-07-22T00:07:44","modified_gmt":"2015-07-22T03:07:44","slug":"43256","status":"publish","type":"post","link":"https:\/\/www.hoymercedes.com.ar\/principal\/2015\/07\/21\/43256\/","title":{"rendered":"Ministro Ricardo Casal y Juan Ustarroz entregaron escrituras a familias de mercedes"},"content":{"rendered":"<p><a href=\"https:\/\/www.hoymercedes.com.ar\/principal\/wp-content\/uploads\/2015\/07\/ustarroz-casal-21.07.2015.jpg\"><img loading=\"lazy\" decoding=\"async\" data-attachment-id=\"43257\" data-permalink=\"https:\/\/www.hoymercedes.com.ar\/principal\/2015\/07\/21\/43256\/ustarroz-casal-21-07-2015\/#main\" data-orig-file=\"https:\/\/www.hoymercedes.com.ar\/principal\/wp-content\/uploads\/2015\/07\/ustarroz-casal-21.07.2015.jpg\" data-orig-size=\"620,413\" data-comments-opened=\"1\" data-image-meta=\"{&quot;aperture&quot;:&quot;0&quot;,&quot;credit&quot;:&quot;SEBASTIAN_AMBROSSIO&quot;,&quot;camera&quot;:&quot;&quot;,&quot;caption&quot;:&quot;&quot;,&quot;created_timestamp&quot;:&quot;0&quot;,&quot;copyright&quot;:&quot;Sebastian Ambrossio_&quot;,&quot;focal_length&quot;:&quot;0&quot;,&quot;iso&quot;:&quot;0&quot;,&quot;shutter_speed&quot;:&quot;0&quot;,&quot;title&quot;:&quot;&quot;,&quot;orientation&quot;:&quot;0&quot;}\" data-image-title=\"ustarroz-casal-21.07.2015\" data-image-description=\"\" data-image-caption=\"\" data-large-file=\"https:\/\/www.hoymercedes.com.ar\/principal\/wp-content\/uploads\/2015\/07\/ustarroz-casal-21.07.2015.jpg\" class=\"Img2014 aligncenter wp-image-43257 size-full\" title=\"Juan Ustarroz, Ministro Casal, entrega escrituras mercedes \" src=\"https:\/\/www.hoymercedes.com.ar\/principal\/wp-content\/uploads\/2015\/07\/ustarroz-casal-21.07.2015.jpg\" alt=\"ustarroz-casal-21.07.2015\" width=\"620\" height=\"413\" srcset=\"https:\/\/www.hoymercedes.com.ar\/principal\/wp-content\/uploads\/2015\/07\/ustarroz-casal-21.07.2015.jpg 620w, https:\/\/www.hoymercedes.com.ar\/principal\/wp-content\/uploads\/2015\/07\/ustarroz-casal-21.07.2015-150x100.jpg 150w, https:\/\/www.hoymercedes.com.ar\/principal\/wp-content\/uploads\/2015\/07\/ustarroz-casal-21.07.2015-290x193.jpg 290w, https:\/\/www.hoymercedes.com.ar\/principal\/wp-content\/uploads\/2015\/07\/ustarroz-casal-21.07.2015-50x33.jpg 50w\" sizes=\"auto, (max-width: 620px) 100vw, 620px\" \/><\/a><\/p>\n<p>&nbsp;<\/p>\n<p><em><strong>El ministro de Justicia de la provincia de Buenos Aires, Ricardo Casal, y el presidente del bloque de concejales y precandidato a intendente del Frente Mercedino para la Victoria, Juan Ignacio Ustarroz, destacaron hoy \u201cla dignidad y la seguridad\u201d que representa tener una vivienda, al entregar esta ma\u00f1ana unas 50 escrituras a vecinos de nuestra ciudad en el marco del programa Familia Propietaria.<\/strong><\/em><\/p>\n<p>\u201cLa entrega de estas escrituras no es solo la materializaci\u00f3n de un sue\u00f1o \u2013dijo Ustarroz-, sino tambi\u00e9n la oportunidad de acceder a cr\u00e9ditos como el del programa PROCREAR. Nos pone muy contentos poder participar de este acto y contribuir a darles dignidad, mayor seguridad y m\u00e1s calidad de vida a los vecinos de nuestra ciudad\u201d.<\/p>\n<p>A su turno, Casal \u2013quien trajo un saludo del gobernador bonaerense y precandidato a presidente del FpV, Daniel Scioli-, expres\u00f3 su agradecimiento \u201cpor la paciencia\u201d.<\/p>\n<p>\u201cHay vecinos que esperan hace muchos a\u00f1os este momento y nos da mucha alegr\u00eda poder cumplirles este derecho, que es suyo\u201d, enfatiz\u00f3 y record\u00f3 que en los \u00faltimos siete a\u00f1os se hicieron aproximadamente 250 mil escrituras.<\/p>\n<p>Con Ustarroz y Casal particip\u00f3 del acto Mart\u00edn Berterretche, representante de la Escriban\u00eda General de Gobierno. Entre los presentes este martes a la ma\u00f1ana en la C\u00e1mara Econ\u00f3mica Mercedina (CEM) estaban tambi\u00e9n precandidatos a concejales por el Frente Mercedino como Carlos \u2018Cacho\u2019 Garro y Fernando Florella.<img loading=\"lazy\" decoding=\"async\" data-attachment-id=\"43258\" data-permalink=\"https:\/\/www.hoymercedes.com.ar\/principal\/2015\/07\/21\/43256\/ustarroz-casal-21-07-2015-ii\/#main\" data-orig-file=\"https:\/\/www.hoymercedes.com.ar\/principal\/wp-content\/uploads\/2015\/07\/ustarroz-casal-21.07.2015-II.jpg\" data-orig-size=\"620,413\" data-comments-opened=\"1\" data-image-meta=\"{&quot;aperture&quot;:&quot;0&quot;,&quot;credit&quot;:&quot;SEBASTIAN_AMBROSSIO&quot;,&quot;camera&quot;:&quot;&quot;,&quot;caption&quot;:&quot;&quot;,&quot;created_timestamp&quot;:&quot;0&quot;,&quot;copyright&quot;:&quot;Sebastian Ambrossio_&quot;,&quot;focal_length&quot;:&quot;0&quot;,&quot;iso&quot;:&quot;0&quot;,&quot;shutter_speed&quot;:&quot;0&quot;,&quot;title&quot;:&quot;&quot;,&quot;orientation&quot;:&quot;0&quot;}\" data-image-title=\"ustarroz-casal-21.07.2015-II\" data-image-description=\"\" data-image-caption=\"\" data-large-file=\"https:\/\/www.hoymercedes.com.ar\/principal\/wp-content\/uploads\/2015\/07\/ustarroz-casal-21.07.2015-II.jpg\" class=\"Img2014 aligncenter wp-image-43258 size-full\" title=\"Juan Ustarroz, Ministro Casal, entrega escrituras mercedes \" src=\"https:\/\/www.hoymercedes.com.ar\/principal\/wp-content\/uploads\/2015\/07\/ustarroz-casal-21.07.2015-II.jpg\" alt=\"ustarroz-casal-21.07.2015-II\" width=\"620\" height=\"413\" srcset=\"https:\/\/www.hoymercedes.com.ar\/principal\/wp-content\/uploads\/2015\/07\/ustarroz-casal-21.07.2015-II.jpg 620w, https:\/\/www.hoymercedes.com.ar\/principal\/wp-content\/uploads\/2015\/07\/ustarroz-casal-21.07.2015-II-150x100.jpg 150w, https:\/\/www.hoymercedes.com.ar\/principal\/wp-content\/uploads\/2015\/07\/ustarroz-casal-21.07.2015-II-290x193.jpg 290w, https:\/\/www.hoymercedes.com.ar\/principal\/wp-content\/uploads\/2015\/07\/ustarroz-casal-21.07.2015-II-50x33.jpg 50w\" sizes=\"auto, (max-width: 620px) 100vw, 620px\" \/><\/p>\n<p>Juani resalt\u00f3 adem\u00e1s \u201cel trabajo permanente\u201d que se hace desde el Frente Mercedino para la Victoria \u201ctanto con el gobierno nacional como con el provincial\u201d; y agradeci\u00f3 \u201cla predisposici\u00f3n\u201d de la Presidenta, Cristina Fern\u00e1ndez de Kirchner, y el gobernador bonaerense, Daniel Scioli, \u201cpara dar respuestas a las inquietudes de los mercedinos\u201d.<\/p>\n<p>\u201cLa articulaci\u00f3n con Naci\u00f3n y Provincia, en la que intervienen tanto \u2018Wado\u2019 de Pedro (secretario general de la Presidencia) como Alberto Espa\u00f1a (diputado provincial), se refleja en obras para todos los vecinos de Mercedes. Como el Centro de Formaci\u00f3n Laboral n\u00famero 1, que ser\u00e1 un modelo de referencia para toda la regi\u00f3n, o como todo el trabajo de remodelaci\u00f3n que se est\u00e1 haciendo en el predio de la Trocha\u201d, expres\u00f3.<\/p>\n<p>Ustarroz tambi\u00e9n enumer\u00f3 \u201cla pol\u00edtica p\u00fablica de Seguridad, que nos permitir\u00e1 tener 100 nuevos polic\u00edas municipales; la inversi\u00f3n para la renovaci\u00f3n total del hospital Blas Lorenzo Dubarry; la obra para la construcci\u00f3n del colector cloacal que beneficiar\u00e1 a los vecinos de la zona Sur de la ciudad; la incorporaci\u00f3n de cientos de mercedinos a la ley de moratoria previsional por la cual pudieron acceder al derecho de la jubilaci\u00f3n; o el proyecto que se viene desarrollando para el complejo penitenciario en Agote\u201d.<\/p>\n<p>\u201cNo hay proyecto de ciudad sin proyecto de pa\u00eds \u2013concluy\u00f3 el candidato a intendente-, y lo que nosotros queremos es seguir por este camino de inclusi\u00f3n, de igualdad, de ampliaci\u00f3n de derechos y de soberan\u00eda que se encarna tanto en el gobierno nacional, con la Presidenta, y en la provincia de Buenos Aires con Daniel Scioli\u201d.<\/p>\n<p>Casal, finalmente, destac\u00f3 el valor de la escrituraci\u00f3n de terrenos y viviendas \u201cpara la construcci\u00f3n del tejido social a trav\u00e9s del n\u00facleo que representa la familia\u201d.<\/p>\n<p>\u201cEsto es seguridad y tranquilidad no solo para ustedes, sino tambi\u00e9n para sus hijos, para sus nietos. Es cimentar el n\u00facleo familiar, es una apuesta a futuro \u2013complet\u00f3-. Por eso vuelvo a agradecerles la paciencia y tambi\u00e9n le agradezco a Juani su esfuerzo permanente para trabajar en conjunto y construir entre todos una ciudad mejor\u201d.<\/p>\n","protected":false},"excerpt":{"rendered":"<p>&nbsp; El ministro de Justicia de la provincia de Buenos Aires, Ricardo Casal, y el presidente del bloque de concejales &#8230; <a title=\"Ministro Ricardo Casal y Juan Ustarroz entregaron escrituras a familias de mercedes\" class=\"read-more\" href=\"https:\/\/www.hoymercedes.com.ar\/principal\/2015\/07\/21\/43256\/\" aria-label=\"Leer m\u00e1s sobre Ministro Ricardo Casal y Juan Ustarroz entregaron escrituras a familias de mercedes\">Leer m\u00e1s<\/a><\/p>\n","protected":false},"author":1,"featured_media":43258,"comment_status":"open","ping_status":"open","sticky":false,"template":"","format":"standard","meta":{"_monsterinsights_skip_tracking":false,"_monsterinsights_sitenote_active":false,"_monsterinsights_sitenote_note":"","_monsterinsights_sitenote_category":0,"jetpack_post_was_ever_published":false,"_jetpack_newsletter_access":"","_jetpack_dont_email_post_to_subs":false,"_jetpack_newsletter_tier_id":0,"_jetpack_memberships_contains_paywalled_content":false,"_jetpack_memberships_contains_paid_content":false,"footnotes":"","jetpack_publicize_message":"","jetpack_publicize_feature_enabled":true,"jetpack_social_post_already_shared":true,"jetpack_social_options":{"image_generator_settings":{"template":"highway","default_image_id":0,"font":"","enabled":false},"version":2},"_wpas_customize_per_network":false},"categories":[8],"tags":[7653,585,7652],"class_list":["post-43256","post","type-post","status-publish","format-standard","has-post-thumbnail","hentry","category-sociedad","tag-entrega-escrituras-mercedes","tag-juan-ustarroz","tag-ministro-casal","generate-columns","tablet-grid-50","mobile-grid-100","grid-parent","grid-50"],"jetpack_publicize_connections":[],"jetpack_featured_media_url":"https:\/\/www.hoymercedes.com.ar\/principal\/wp-content\/uploads\/2015\/07\/ustarroz-casal-21.07.2015-II.jpg","wps_subtitle":"En C\u00e1mara Econ\u00f3mica Mercedina ","jetpack_sharing_enabled":true,"_links":{"self":[{"href":"https:\/\/www.hoymercedes.com.ar\/principal\/wp-json\/wp\/v2\/posts\/43256","targetHints":{"allow":["GET"]}}],"collection":[{"href":"https:\/\/www.hoymercedes.com.ar\/principal\/wp-json\/wp\/v2\/posts"}],"about":[{"href":"https:\/\/www.hoymercedes.com.ar\/principal\/wp-json\/wp\/v2\/types\/post"}],"author":[{"embeddable":true,"href":"https:\/\/www.hoymercedes.com.ar\/principal\/wp-json\/wp\/v2\/users\/1"}],"replies":[{"embeddable":true,"href":"https:\/\/www.hoymercedes.com.ar\/principal\/wp-json\/wp\/v2\/comments?post=43256"}],"version-history":[{"count":0,"href":"https:\/\/www.hoymercedes.com.ar\/principal\/wp-json\/wp\/v2\/posts\/43256\/revisions"}],"wp:featuredmedia":[{"embeddable":true,"href":"https:\/\/www.hoymercedes.com.ar\/principal\/wp-json\/wp\/v2\/media\/43258"}],"wp:attachment":[{"href":"https:\/\/www.hoymercedes.com.ar\/principal\/wp-json\/wp\/v2\/media?parent=43256"}],"wp:term":[{"taxonomy":"category","embeddable":true,"href":"https:\/\/www.hoymercedes.com.ar\/principal\/wp-json\/wp\/v2\/categories?post=43256"},{"taxonomy":"post_tag","embeddable":true,"href":"https:\/\/www.hoymercedes.com.ar\/principal\/wp-json\/wp\/v2\/tags?post=43256"}],"curies":[{"name":"wp","href":"https:\/\/api.w.org\/{rel}","templated":true}]}}