{"id":43275,"date":"2015-07-22T14:07:13","date_gmt":"2015-07-22T17:07:13","guid":{"rendered":"http:\/\/www.hoymercedes.com.ar\/principal\/?p=43275"},"modified":"2015-07-23T22:07:14","modified_gmt":"2015-07-24T01:07:14","slug":"omar-duclos-en-mercedes-brindo-su-apoyo-a-luis-colao-en-el-frente-progresista","status":"publish","type":"post","link":"https:\/\/www.hoymercedes.com.ar\/principal\/2015\/07\/22\/omar-duclos-en-mercedes-brindo-su-apoyo-a-luis-colao-en-el-frente-progresista\/","title":{"rendered":"Omar Duclos en Mercedes brind\u00f3 su apoyo a Lu\u00eds Colao en el Frente Progresista"},"content":{"rendered":"<p><a href=\"https:\/\/www.hoymercedes.com.ar\/principal\/wp-content\/uploads\/2015\/07\/colao-duclos.jpg\"><img loading=\"lazy\" decoding=\"async\" data-attachment-id=\"43276\" data-permalink=\"https:\/\/www.hoymercedes.com.ar\/principal\/2015\/07\/22\/omar-duclos-en-mercedes-brindo-su-apoyo-a-luis-colao-en-el-frente-progresista\/colao-duclos-2\/#main\" data-orig-file=\"https:\/\/www.hoymercedes.com.ar\/principal\/wp-content\/uploads\/2015\/07\/colao-duclos.jpg\" data-orig-size=\"620,372\" data-comments-opened=\"1\" data-image-meta=\"{&quot;aperture&quot;:&quot;0&quot;,&quot;credit&quot;:&quot;&quot;,&quot;camera&quot;:&quot;&quot;,&quot;caption&quot;:&quot;&quot;,&quot;created_timestamp&quot;:&quot;0&quot;,&quot;copyright&quot;:&quot;&quot;,&quot;focal_length&quot;:&quot;0&quot;,&quot;iso&quot;:&quot;0&quot;,&quot;shutter_speed&quot;:&quot;0&quot;,&quot;title&quot;:&quot;&quot;,&quot;orientation&quot;:&quot;0&quot;}\" data-image-title=\"colao-duclos\" data-image-description=\"\" data-image-caption=\"\" data-large-file=\"https:\/\/www.hoymercedes.com.ar\/principal\/wp-content\/uploads\/2015\/07\/colao-duclos.jpg\" class=\"Img2014 aligncenter wp-image-43276 size-full\" title=\"Omar Duclos, Luis Colao\" src=\"https:\/\/www.hoymercedes.com.ar\/principal\/wp-content\/uploads\/2015\/07\/colao-duclos.jpg\" alt=\"colao-duclos\" width=\"620\" height=\"372\" srcset=\"https:\/\/www.hoymercedes.com.ar\/principal\/wp-content\/uploads\/2015\/07\/colao-duclos.jpg 620w, https:\/\/www.hoymercedes.com.ar\/principal\/wp-content\/uploads\/2015\/07\/colao-duclos-150x90.jpg 150w, https:\/\/www.hoymercedes.com.ar\/principal\/wp-content\/uploads\/2015\/07\/colao-duclos-290x174.jpg 290w, https:\/\/www.hoymercedes.com.ar\/principal\/wp-content\/uploads\/2015\/07\/colao-duclos-50x30.jpg 50w\" sizes=\"auto, (max-width: 620px) 100vw, 620px\" \/><\/a><\/p>\n<p><em><strong>El Diputado Nacional Omar Duclos volvi\u00f3 a visitar Mercedes y en esta ocasi\u00f3n no s\u00f3lo para difundir las candidaturas de Margarita Stolbizer a la Presidencia de la Naci\u00f3n y de su figura a la C\u00e1mara de Diputados sino tambi\u00e9n para brindarle apoyo al candidato local por la intendencia el martillero p\u00fablico Lu\u00eds Colao. El encuentro fue en el local partidario del \u201cFrente Progresista\u201d en calle 16<\/strong><\/em>.<\/p>\n<p><em>\u201cNosotros tenemos gente que conoce la provincia, que no necesita un gps para llegar de Mercedes a Suipacha, gente que ha luchado, como Omar, por las rutas nacionales, provinciales, temas de gesti\u00f3n, acompa\u00f1\u00e1ndonos siempre a los mercedinos por eso para nosotros es un honor tenerlo con la tranquilidad y la certeza que muy bien va a representar nuestra provincia\u201d<\/em> expuso en las palabras preliminares el candidato Lu\u00eds Colao.<\/p>\n<p><em>\u201cEs gran placer estar nuevamente en mercedes y un orgullo que Luis y el resto de los compa\u00f1eros no est\u00e9 representando en el espacio Progresistas\u201d afirm\u00f3 y coment\u00f3 que: \u201ces importante que se normalice el funcionamiento de las instituciones, el estado de la rep\u00fablica. Son las instituciones el \u00e1mbito para construir una sociedad m\u00e1s igualitaria. Necesitamos un desarrollo econ\u00f3mico y social con un Estado presente garantizando la igualdad de oportunidades. Creemos en un Estado fuerte en capacidades\u201d remarcando que: \u201cel gobierno tambi\u00e9n reclama un Estado fuerte, pero, lo hace en forma corrupta y clientelar, nosotros creemos que tiene que ser en su capacidad de transparencia y con posibilidad de garantizar buenos servicios para construir un proyecto de vida digna en instrumentos claves como educaci\u00f3n y salud\u201d<\/em> afirm\u00f3.<\/p>\n<p>Duclos tambi\u00e9n coment\u00f3 que: \u201c<em>hoy estamos con una gran brecha en la sociedad, algunos pueden lograr mejor educaci\u00f3n y otros no y van quedando rezagados y dif\u00edcilmente sin buena educaci\u00f3n logre un buen trabajo y as\u00ed ascender socialmente. Del mismo modo que la salud. No es posible que el que no tenga una cobertura deba tener condicionante. Un Estado presente y garantizando las condiciones b\u00e1sicas de dignidad y motor del desarrollo sustentable es lo que apuntamos\u201d<\/em>, afirm\u00f3.<\/p>\n<p><em>\u201clas encuestas a veces responden a determinados intereses. Hoy hay todo una estrategia de mucho grupo de poder interesado en generar una polarizaci\u00f3n, vemos que hay impermeabilidad y recepci\u00f3n a nuestro mensaje, plante\u00e1ndole a la sociedad en no solo sacar al que gobierna sino que aprovechemos la campa\u00f1a para definir bien las cosas, no se trata de votar a quien aparezca con un puntito m\u00e1s en la encuesta para reemplazar, sino, pensemos en qu\u00e9 nos ofrecen, que es lo nuevo para construir\u201d, <\/em>coment\u00f3 tras evaluar que la polarizaci\u00f3n es algo enga\u00f1oso e impuesto por los grandes medios.<\/p>\n<p>Respecto al gobernador coment\u00f3: \u201c<em>tiene problemas en la educaci\u00f3n, en la salud, infraestructura, seguridad, en todos lados. Dif\u00edcilmente qui\u00e9n fundi\u00f3 un kiosco pueda administrar un supermercado. Es muy dif\u00edcil que un mal gobernador pueda ser un buen presidente\u201d <\/em>remarc\u00f3.<\/p>\n<p>Lu\u00eds Colao, por su parte, coment\u00f3: \u201c<em>A trav\u00e9s de la trasparencia, de la eficacia, con buenos proyectos, donde hagas sentir a los mercedinos que son parte se puede mejorar. Nosotros hemos propuesto que nuestra gesti\u00f3n realiza las compras en forma de subasta inversa, presentando todas las compras de la municipalidad para que todos puedan ver cada paso, v\u00eda internet, desde la orden de compra al n\u00famero de cheque\u201d afirm\u00f3 y coment\u00f3: \u201cMercedes merece y necesita una reforma fiscal porque no podemos cobrar las mismas tasas con los mismos argumentos de hace cien a\u00f1os atr\u00e1s\u201d coment\u00f3 remarcando que: \u201chay que racionalizar el gasto, mejorar las partidas, realizar la reforma impositiva y as\u00ed empezaremos a tener m\u00e1s recursos para hacer una ciudad sustentable\u201d, afirm\u00f3 entre otras varias definiciones el pre candidato a intendente, qui\u00e9n tambi\u00e9n expuso sobre la necesidad de mejorar el turismo con un tratamiento integral, que contemple el parque, el centro, Tom\u00e1s Jofr\u00e9\u201d <\/em>realizando un aprovechamiento de la <em>\u201cMarca Mercedes que hoy no est\u00e1 siendo aprovechada\u201d.<\/em><\/p>\n<p>El cierre del encuentro fue con el Diputado Ducl\u00f3s recordando que el \u201cFrente Progresista\u201d como pre candidata a presidente va Margarita Stolbizer, que a la gobernaci\u00f3n Jaime Linares y a la intendencia de Mercedes Lu\u00eds Colao.<\/p>\n<p>&nbsp;<\/p>\n","protected":false},"excerpt":{"rendered":"<p>El Diputado Nacional Omar Duclos volvi\u00f3 a visitar Mercedes y en esta ocasi\u00f3n no s\u00f3lo para difundir las candidaturas de &#8230; <a title=\"Omar Duclos en Mercedes brind\u00f3 su apoyo a Lu\u00eds Colao en el Frente Progresista\" class=\"read-more\" href=\"https:\/\/www.hoymercedes.com.ar\/principal\/2015\/07\/22\/omar-duclos-en-mercedes-brindo-su-apoyo-a-luis-colao-en-el-frente-progresista\/\" aria-label=\"Leer m\u00e1s sobre Omar Duclos en Mercedes brind\u00f3 su apoyo a Lu\u00eds Colao en el Frente Progresista\">Leer m\u00e1s<\/a><\/p>\n","protected":false},"author":1,"featured_media":43276,"comment_status":"open","ping_status":"open","sticky":false,"template":"","format":"standard","meta":{"_monsterinsights_skip_tracking":false,"_monsterinsights_sitenote_active":false,"_monsterinsights_sitenote_note":"","_monsterinsights_sitenote_category":0,"jetpack_post_was_ever_published":false,"_jetpack_newsletter_access":"","_jetpack_dont_email_post_to_subs":false,"_jetpack_newsletter_tier_id":0,"_jetpack_memberships_contains_paywalled_content":false,"_jetpack_memberships_contains_paid_content":false,"footnotes":"","jetpack_publicize_message":"","jetpack_publicize_feature_enabled":true,"jetpack_social_post_already_shared":true,"jetpack_social_options":{"image_generator_settings":{"template":"highway","default_image_id":0,"font":"","enabled":false},"version":2},"_wpas_customize_per_network":false},"categories":[5],"tags":[],"class_list":["post-43275","post","type-post","status-publish","format-standard","has-post-thumbnail","hentry","category-politica","generate-columns","tablet-grid-50","mobile-grid-100","grid-parent","grid-50"],"jetpack_publicize_connections":[],"jetpack_featured_media_url":"https:\/\/www.hoymercedes.com.ar\/principal\/wp-content\/uploads\/2015\/07\/colao-duclos.jpg","wps_subtitle":"Apoyo partidario y propuesta electoral","jetpack_sharing_enabled":true,"jetpack-related-posts":[{"id":5847,"url":"https:\/\/www.hoymercedes.com.ar\/principal\/2011\/07\/28\/visito-nuestra-ciudad-el-actual-intendente-de-azul-omar-duclos\/","url_meta":{"origin":43275,"position":0},"title":"Visit\u00f3 nuestra ciudad el actual intendente de Azul Omar Duclos","author":"hoymercedes","date":"28 julio, 2011","format":false,"excerpt":"El jefe comunal de dicho distrito es candidato a diputado Nacional en tercer t\u00e9rmino por el Frente Amplio Progresista que encabezan Hermes Binner, Margarita Stolbizer, V\u00edctor De Genaro y en Mercedes Luis Colao Como parte de lo programado para las elecciones primarias del 14 de agosto, visit\u00f3 ayer nuestra ciudad\u2026","rel":"","context":"En \u00abPol\u00edtica\u00bb","block_context":{"text":"Pol\u00edtica","link":"https:\/\/www.hoymercedes.com.ar\/principal\/category\/politica\/"},"img":{"alt_text":"Colao - Duclos","src":"https:\/\/i0.wp.com\/www.hoymercedes.com.ar\/principal\/wp-content\/uploads\/2011\/07\/colao-duclos.jpg?resize=350%2C200","width":350,"height":200},"classes":[]},{"id":35997,"url":"https:\/\/www.hoymercedes.com.ar\/principal\/2014\/09\/12\/duclos-en-mercedes-el-transportarte-publico-tiene-que-estar-en-la-prioridad-de-la-agenda-publica-de-planificacion-y-ejecucion\/","url_meta":{"origin":43275,"position":1},"title":"Ducl\u00f3s en Mercedes: \u00abEl transportarte publico tiene que estar en la prioridad de la agenda p\u00fablica, de planificaci\u00f3n y ejecuci\u00f3n\u00bb","author":"hoymercedes","date":"12 septiembre, 2014","format":false,"excerpt":"El Diputado Nacional del Partido GEN Omar Ducl\u00f3s estuvo en Mercedes aprovechando el marco de la 40\u00b0 Fiesta Nacional del Salame Quintero ya que es el parte de la Comisi\u00f3n de Turismo de la mencionada c\u00e1mara legislativa. Estuvo acompa\u00f1ado por Jos\u00e9 Ramos, Lu\u00eds Colao y Marcelo Urabayen.\u00a0 En la conferencia\u2026","rel":"","context":"En \u00abPol\u00edtica\u00bb","block_context":{"text":"Pol\u00edtica","link":"https:\/\/www.hoymercedes.com.ar\/principal\/category\/politica\/"},"img":{"alt_text":"Duclos.Mercedes","src":"https:\/\/i0.wp.com\/www.hoymercedes.com.ar\/principal\/wp-content\/uploads\/2014\/09\/Duclos.Mercedes.jpg?resize=350%2C200","width":350,"height":200,"srcset":"https:\/\/i0.wp.com\/www.hoymercedes.com.ar\/principal\/wp-content\/uploads\/2014\/09\/Duclos.Mercedes.jpg?resize=350%2C200 1x, https:\/\/i0.wp.com\/www.hoymercedes.com.ar\/principal\/wp-content\/uploads\/2014\/09\/Duclos.Mercedes.jpg?resize=525%2C300 1.5x"},"classes":[]},{"id":42501,"url":"https:\/\/www.hoymercedes.com.ar\/principal\/2015\/06\/20\/lista-frente-progresista-encabeza-luis-colao-y-marcelo-urabayen-primer-concejal\/","url_meta":{"origin":43275,"position":2},"title":"Lista Frente Progresista: Encabeza Lu\u00eds Colao y Marcelo Urabayen primer concejal","author":"hoymercedes","date":"20 junio, 2015","format":false,"excerpt":"Dentro del Frente Progresista que lleva a Margarita Stolbizer como candidata a presidente nos encontramos con el concejal mandato cumplido Lu\u00eds Colao como cabeza de lista. Los candidatos disputar\u00e1n las PASO en el siguiente orden. Pre candidato a Intendente: Luis Eusebio Colao Pre candidatos a Concejales: 1)- Marcelo Oscar Urabayen\u2026","rel":"","context":"En \u00abPol\u00edtica\u00bb","block_context":{"text":"Pol\u00edtica","link":"https:\/\/www.hoymercedes.com.ar\/principal\/category\/politica\/"},"img":{"alt_text":"Luis Colao","src":"https:\/\/i0.wp.com\/www.hoymercedes.com.ar\/principal\/wp-content\/uploads\/2012\/12\/LuisColao.jpg?resize=350%2C200&ssl=1","width":350,"height":200,"srcset":"https:\/\/i0.wp.com\/www.hoymercedes.com.ar\/principal\/wp-content\/uploads\/2012\/12\/LuisColao.jpg?resize=350%2C200&ssl=1 1x, https:\/\/i0.wp.com\/www.hoymercedes.com.ar\/principal\/wp-content\/uploads\/2012\/12\/LuisColao.jpg?resize=525%2C300&ssl=1 1.5x"},"classes":[]},{"id":5328,"url":"https:\/\/www.hoymercedes.com.ar\/principal\/2011\/07\/01\/se-presento-la-lista-de-candidatos-del-frente-amplio-progresista\/","url_meta":{"origin":43275,"position":3},"title":"Se present\u00f3 la lista de candidatos del Frente Amplio Progresista","author":"hoymercedes","date":"1 julio, 2011","format":false,"excerpt":"Los integrantes del Frente Amplio Progresista de nuestra ciudad que entre otros sectores pol\u00edticos impulsaron el GEN tras romper con la UCR debido a la incorporaci\u00f3n en un Frente del grupo de Francisco De Narv\u00e1ez con quienes los separan seg\u00fan lo expresado \u201cprofundas diferencias ideol\u00f3gicas\u201d, y sectores del campo popular\u2026","rel":"","context":"En \u00abPol\u00edtica\u00bb","block_context":{"text":"Pol\u00edtica","link":"https:\/\/www.hoymercedes.com.ar\/principal\/category\/politica\/"},"img":{"alt_text":"","src":"https:\/\/i0.wp.com\/www.hoymercedes.com.ar\/principal\/wp-content\/uploads\/2011\/07\/frenteprogesistaI.jpg?resize=350%2C200","width":350,"height":200,"srcset":"https:\/\/i0.wp.com\/www.hoymercedes.com.ar\/principal\/wp-content\/uploads\/2011\/07\/frenteprogesistaI.jpg?resize=350%2C200 1x, https:\/\/i0.wp.com\/www.hoymercedes.com.ar\/principal\/wp-content\/uploads\/2011\/07\/frenteprogesistaI.jpg?resize=525%2C300 1.5x"},"classes":[]},{"id":44841,"url":"https:\/\/www.hoymercedes.com.ar\/principal\/2015\/09\/26\/colao-si-vas-en-la-ola-amarilla-de-los-niembro-y-la-corrupcion-no-podes-decir-que-sos-distinto\/","url_meta":{"origin":43275,"position":4},"title":"Colao: \u00abSi vas en la ola amarilla de los Niembro y la corrupci\u00f3n no pod\u00e9s decir que sos distinto\u00bb","author":"hoymercedes","date":"26 septiembre, 2015","format":false,"excerpt":"El ex candidato a intendente por el Frente Progresistas, Luis Colao, asegur\u00f3 que todos los espacios pol\u00edticos que forman parte de la alianza Cambiemos \u201cno pueden decir que son distintos si van en la ola amarilla de los Niembro y la corrupci\u00f3n\u201d Colao hizo referencia de este modo al caso\u2026","rel":"","context":"En \u00abPol\u00edtica\u00bb","block_context":{"text":"Pol\u00edtica","link":"https:\/\/www.hoymercedes.com.ar\/principal\/category\/politica\/"},"img":{"alt_text":"Lu\u00eds Colao","src":"https:\/\/i0.wp.com\/www.hoymercedes.com.ar\/principal\/wp-content\/uploads\/2010\/11\/colao-e1521827775194.jpg?resize=350%2C200&ssl=1","width":350,"height":200},"classes":[]},{"id":5225,"url":"https:\/\/www.hoymercedes.com.ar\/principal\/2011\/06\/25\/el-frente-progresista-cerro-sus-listas\/","url_meta":{"origin":43275,"position":5},"title":"El Frente Progresista cerr\u00f3 sus listas","author":"hoymercedes","date":"25 junio, 2011","format":false,"excerpt":"En la jornada de hoy el Frente Amplio Progresista que en el orden nacional lleva como Candidatos a Pte. y vice a Hermes Binner y Norma Morandini y en la Provincia como candidata a Gobernadora a Margarita Stolbizer, cerr\u00f3 su lista en el orden local, la misma es encabezada como\u2026","rel":"","context":"En \u00abPol\u00edtica\u00bb","block_context":{"text":"Pol\u00edtica","link":"https:\/\/www.hoymercedes.com.ar\/principal\/category\/politica\/"},"img":{"alt_text":"","src":"","width":0,"height":0},"classes":[]}],"_links":{"self":[{"href":"https:\/\/www.hoymercedes.com.ar\/principal\/wp-json\/wp\/v2\/posts\/43275","targetHints":{"allow":["GET"]}}],"collection":[{"href":"https:\/\/www.hoymercedes.com.ar\/principal\/wp-json\/wp\/v2\/posts"}],"about":[{"href":"https:\/\/www.hoymercedes.com.ar\/principal\/wp-json\/wp\/v2\/types\/post"}],"author":[{"embeddable":true,"href":"https:\/\/www.hoymercedes.com.ar\/principal\/wp-json\/wp\/v2\/users\/1"}],"replies":[{"embeddable":true,"href":"https:\/\/www.hoymercedes.com.ar\/principal\/wp-json\/wp\/v2\/comments?post=43275"}],"version-history":[{"count":0,"href":"https:\/\/www.hoymercedes.com.ar\/principal\/wp-json\/wp\/v2\/posts\/43275\/revisions"}],"wp:featuredmedia":[{"embeddable":true,"href":"https:\/\/www.hoymercedes.com.ar\/principal\/wp-json\/wp\/v2\/media\/43276"}],"wp:attachment":[{"href":"https:\/\/www.hoymercedes.com.ar\/principal\/wp-json\/wp\/v2\/media?parent=43275"}],"wp:term":[{"taxonomy":"category","embeddable":true,"href":"https:\/\/www.hoymercedes.com.ar\/principal\/wp-json\/wp\/v2\/categories?post=43275"},{"taxonomy":"post_tag","embeddable":true,"href":"https:\/\/www.hoymercedes.com.ar\/principal\/wp-json\/wp\/v2\/tags?post=43275"}],"curies":[{"name":"wp","href":"https:\/\/api.w.org\/{rel}","templated":true}]}}