{"id":43278,"date":"2015-07-22T14:24:09","date_gmt":"2015-07-22T17:24:09","guid":{"rendered":"http:\/\/www.hoymercedes.com.ar\/principal\/?p=43278"},"modified":"2015-07-23T22:08:20","modified_gmt":"2015-07-24T01:08:20","slug":"cestari-recibio-a-marcela-campagnoli-quien-le-brindo-su-apoyo-en-la-interna-cambiemos","status":"publish","type":"post","link":"https:\/\/www.hoymercedes.com.ar\/principal\/2015\/07\/22\/cestari-recibio-a-marcela-campagnoli-quien-le-brindo-su-apoyo-en-la-interna-cambiemos\/","title":{"rendered":"Cestari recibi\u00f3 a Marcela Campagnoli qui\u00e9n le brind\u00f3 su apoyo en la interna \u201cCambiemos\u201d"},"content":{"rendered":"<p><a href=\"https:\/\/www.hoymercedes.com.ar\/principal\/wp-content\/uploads\/2015\/07\/cestari-campagnoli-lorenzo.jpg\"><img loading=\"lazy\" decoding=\"async\" data-attachment-id=\"43279\" data-permalink=\"https:\/\/www.hoymercedes.com.ar\/principal\/2015\/07\/22\/cestari-recibio-a-marcela-campagnoli-quien-le-brindo-su-apoyo-en-la-interna-cambiemos\/cestari-campagnoli-lorenzo\/#main\" data-orig-file=\"https:\/\/www.hoymercedes.com.ar\/principal\/wp-content\/uploads\/2015\/07\/cestari-campagnoli-lorenzo.jpg\" data-orig-size=\"697,523\" data-comments-opened=\"1\" data-image-meta=\"{&quot;aperture&quot;:&quot;0&quot;,&quot;credit&quot;:&quot;&quot;,&quot;camera&quot;:&quot;&quot;,&quot;caption&quot;:&quot;&quot;,&quot;created_timestamp&quot;:&quot;0&quot;,&quot;copyright&quot;:&quot;&quot;,&quot;focal_length&quot;:&quot;0&quot;,&quot;iso&quot;:&quot;0&quot;,&quot;shutter_speed&quot;:&quot;0&quot;,&quot;title&quot;:&quot;&quot;,&quot;orientation&quot;:&quot;0&quot;}\" data-image-title=\"cestari-campagnoli-lorenzo\" data-image-description=\"\" data-image-caption=\"\" data-large-file=\"https:\/\/www.hoymercedes.com.ar\/principal\/wp-content\/uploads\/2015\/07\/cestari-campagnoli-lorenzo.jpg\" class=\"Img2014 aligncenter wp-image-43279 size-full\" src=\"https:\/\/www.hoymercedes.com.ar\/principal\/wp-content\/uploads\/2015\/07\/cestari-campagnoli-lorenzo.jpg\" alt=\"cestari-campagnoli-lorenzo\" width=\"697\" height=\"523\" srcset=\"https:\/\/www.hoymercedes.com.ar\/principal\/wp-content\/uploads\/2015\/07\/cestari-campagnoli-lorenzo.jpg 697w, https:\/\/www.hoymercedes.com.ar\/principal\/wp-content\/uploads\/2015\/07\/cestari-campagnoli-lorenzo-150x113.jpg 150w, https:\/\/www.hoymercedes.com.ar\/principal\/wp-content\/uploads\/2015\/07\/cestari-campagnoli-lorenzo-630x473.jpg 630w, https:\/\/www.hoymercedes.com.ar\/principal\/wp-content\/uploads\/2015\/07\/cestari-campagnoli-lorenzo-290x218.jpg 290w, https:\/\/www.hoymercedes.com.ar\/principal\/wp-content\/uploads\/2015\/07\/cestari-campagnoli-lorenzo-50x38.jpg 50w\" sizes=\"auto, (max-width: 697px) 100vw, 697px\" \/><\/a><\/p>\n<p><em><strong>El pre candidato por el MIC-PRO en el \u201cFrente Cambiemos\u201d Jos\u00e9 Cestari present\u00f3 en Mercedes a Marcela Campagnoli, hermana del fiscal y pre candidata en primer t\u00e9rmino a diputada nacional por el espacio que lleva a Elisa Carrio como pre candidata a presidente. Recibi\u00f3 el apoyo a su candidatura y dialogaron sobre propuestas de gesti\u00f3n y legislativas.<\/strong><\/em><\/p>\n<p>Cestari coment\u00f3: <em>\u201ccontamos con la presencia de Marcela Campagnoli, con quien hemos compartido espacios juntos, nos conocemos desde hace mucho tiempo y trabajado en temas de la regi\u00f3n\u201d<\/em> d\u00e1ndole la bienvenida.<\/p>\n<p>Tambi\u00e9n estaban presentes Javier Campos que ocupa el tercer lugar en la lista interna que enfrenta desde \u201cCambiemos\u201d a Fernando Niembro por el PRO y Fernando Lorenzo candidato en quinto lugar qui\u00e9n fue coordinador de los equipos t\u00e9cnicos de Elisa Carrio.<\/p>\n<p><strong>Marcela Campagnoli:<\/strong> <em>\u201cnosotros presentamos dos listas porque nos pareci\u00f3 importante diferenciarnos, m\u00e1s all\u00e1 del respeto que puedo tener por Fernando Niembro como persona y periodista, pero entendemos que cuando una encabeza una lista le tiene que dar una impronta. Si habl\u00e1bamos de la crisis de las instituciones, del poder judicial, de c\u00f3mo se ha desarticulado la Rep\u00fablica con sus organismos de control nos parec\u00eda importante con una lista con una apellido, donde saben que soy hermana del fiscal Campagnoli, adem\u00e1s de concejal y otros roles, pero era una manera de encabezar la lista con una impronta de alguien que viene de la justicia y de luchar por la Rep\u00fablica y no por alguien que viene desde el sector del deporte. Adem\u00e1s hab\u00eda cuatro puntos que quer\u00edamos destacar que no est\u00e1n en los puntos de coincidencia de Cambiemos. En la presentaci\u00f3n del programa final hubo una redacci\u00f3n m\u00e1s light, pero, nosotros queremos destacar: recuperar lo robado, que es todo lo que se llev\u00f3 la corrupci\u00f3n con tolerancia cero y que o prescriban los delitos de corrupci\u00f3n recuperando para el Estado lo que se llevaron (\u2026); baja sustantiva de impuesto a clase media y pymes que est\u00e1n ahogadas donde no pueden soportar m\u00e1s la carga tributaria que tienen y queremos grabar la renta financiera que no paga impuesto as\u00ed como grabar el juego que no tiene impuesto por ahora (\u2026) tambi\u00e9n hacer universal la asignaci\u00f3n universal que no lo es y es una propuesta de Carrio y este gobierno tergivers\u00f3, queremos que la cobren todos, el que trabaja, el cuenta propuesta (\u2026) tenemos que terminar con el clientelismo, que el que trabaja tenga prosperidad y el que vive al lado lo vea, que se cree la cultura del trabajo. Queremos llevar \u00e9stos proyectos al congreso\u201d, <\/em>remarc\u00f3 Marcela Campagnoli<\/p>\n<p><em>\u201cQue quede claro en agosto no se elige el presidente, se elige en octubre, tenemos que ser claros en el mensaje que damos. En 2011 Cristina fue por todo, porque las urnas se lo permiti\u00f3\u201d,<\/em> afirm\u00f3 la pre candidata.<\/p>\n<p><strong>Jos\u00e9 Cestari<\/strong> cont\u00f3 de \u00e9sta manera con el apoyo de la lista interna encabezada por Marcela Campagnoli quien visit\u00f3 Mercedes junto a <strong>Fernando Lorenzo y Javier Campos,<\/strong> realizando una postura de fuerte defensa de la figura de Elisa Carrio que ir\u00e1 a interna con Sanz y Macri diciendo que: <em>\u201cCambiemos es realmente una alternativa maravillosa donde se conjugan territorialidad, gesti\u00f3n, coherencia legislativa, es una oportunidad de terminar con el autoritarismo del partido \u00fanico denostando que con el encuentro podemos dar una alternativa al autoritarismo que est\u00e1 viviendo la Argentina. Cambiemos es realmente una oportunidad\u201d.<\/em><\/p>\n<p><strong><em>Cestari<\/em> <\/strong>remarc\u00f3 que: <em>\u201cyo voy a ser intendente el 10 de diciembre, eso lo tengo claro, pero, en caso de que suceda algo que no tengo previsto, no est\u00e1 en mi cabeza y es que pierda la interna, acompa\u00f1ar\u00e9 al que gane\u201d<\/em><\/p>\n<p>&nbsp;<\/p>\n","protected":false},"excerpt":{"rendered":"<p>El pre candidato por el MIC-PRO en el \u201cFrente Cambiemos\u201d Jos\u00e9 Cestari present\u00f3 en Mercedes a Marcela Campagnoli, hermana del &#8230; <a title=\"Cestari recibi\u00f3 a Marcela Campagnoli qui\u00e9n le brind\u00f3 su apoyo en la interna \u201cCambiemos\u201d\" class=\"read-more\" href=\"https:\/\/www.hoymercedes.com.ar\/principal\/2015\/07\/22\/cestari-recibio-a-marcela-campagnoli-quien-le-brindo-su-apoyo-en-la-interna-cambiemos\/\" aria-label=\"Leer m\u00e1s sobre Cestari recibi\u00f3 a Marcela Campagnoli qui\u00e9n le brind\u00f3 su apoyo en la interna \u201cCambiemos\u201d\">Leer m\u00e1s<\/a><\/p>\n","protected":false},"author":1,"featured_media":43279,"comment_status":"open","ping_status":"open","sticky":false,"template":"","format":"standard","meta":{"_monsterinsights_skip_tracking":false,"_monsterinsights_sitenote_active":false,"_monsterinsights_sitenote_note":"","_monsterinsights_sitenote_category":0,"jetpack_post_was_ever_published":false,"_jetpack_newsletter_access":"","_jetpack_dont_email_post_to_subs":false,"_jetpack_newsletter_tier_id":0,"_jetpack_memberships_contains_paywalled_content":false,"_jetpack_memberships_contains_paid_content":false,"footnotes":"","jetpack_publicize_message":"","jetpack_publicize_feature_enabled":true,"jetpack_social_post_already_shared":true,"jetpack_social_options":{"image_generator_settings":{"template":"highway","default_image_id":0,"font":"","enabled":false},"version":2},"_wpas_customize_per_network":false},"categories":[5],"tags":[321,7661],"class_list":["post-43278","post","type-post","status-publish","format-standard","has-post-thumbnail","hentry","category-politica","tag-jose-cestari","tag-marcela-campagnoli","generate-columns","tablet-grid-50","mobile-grid-100","grid-parent","grid-50"],"jetpack_publicize_connections":[],"jetpack_featured_media_url":"https:\/\/www.hoymercedes.com.ar\/principal\/wp-content\/uploads\/2015\/07\/cestari-campagnoli-lorenzo.jpg","wps_subtitle":"Elecciones 2015 - Frente Cambiemos ","jetpack_sharing_enabled":true,"jetpack-related-posts":[{"id":67755,"url":"https:\/\/www.hoymercedes.com.ar\/principal\/2017\/09\/28\/candidatos-a-diputados-por-cambiemos-recorrieron-mercedes\/","url_meta":{"origin":43278,"position":0},"title":"Candidatos a diputados por Cambiemos recorrieron Mercedes","author":"hoymercedes","date":"28 septiembre, 2017","format":false,"excerpt":"En la tarde del mi\u00e9rcoles \u00faltimo, llevaron a la ciudad, cuatro candidatos a Diputados Nacionales por la provincia de Buenos Aires del frente Cambiemos.\u00a0Marcela Campagnoli, Javier Campos Malbran, Ezequiel Langan y Pablo Ansaloni dialogaron con militantes y referentes en el local que ocupa el espacio pol\u00edtico en 14 y 21.\u2026","rel":"","context":"En \u00abPol\u00edtica\u00bb","block_context":{"text":"Pol\u00edtica","link":"https:\/\/www.hoymercedes.com.ar\/principal\/category\/politica\/"},"img":{"alt_text":"","src":"https:\/\/i0.wp.com\/www.hoymercedes.com.ar\/principal\/wp-content\/uploads\/2017\/09\/28-cambiemos-diputados-1.jpg?resize=350%2C200&ssl=1","width":350,"height":200,"srcset":"https:\/\/i0.wp.com\/www.hoymercedes.com.ar\/principal\/wp-content\/uploads\/2017\/09\/28-cambiemos-diputados-1.jpg?resize=350%2C200&ssl=1 1x, https:\/\/i0.wp.com\/www.hoymercedes.com.ar\/principal\/wp-content\/uploads\/2017\/09\/28-cambiemos-diputados-1.jpg?resize=525%2C300&ssl=1 1.5x"},"classes":[]},{"id":135657,"url":"https:\/\/www.hoymercedes.com.ar\/principal\/2021\/08\/21\/marcela-bianco-e-ivana-cestari-finalistas-de-los-premios-feba-cultura\/","url_meta":{"origin":43278,"position":1},"title":"Marcela Bianco e Ivana Cestari finalistas de los premios FEBA Cultura","author":"hoymercedes","date":"21 agosto, 2021","format":false,"excerpt":"La reconocida comerciante de libros incursion\u00f3 en la escritura y particip\u00f3 con el cuento \u201cDesde la Ventana\u201d. En tanto, la cantante folklorista lo hizo con su disco \u201cBohemia\u201d que tiene canciones de su autor\u00eda. Ambas representan a la C\u00e1mara Econ\u00f3mica Mercedina. Los premios se entregar\u00e1n el pr\u00f3ximo 26. En la\u2026","rel":"","context":"En \u00abCultura\u00bb","block_context":{"text":"Cultura","link":"https:\/\/www.hoymercedes.com.ar\/principal\/category\/cultura\/"},"img":{"alt_text":"","src":"https:\/\/i0.wp.com\/www.hoymercedes.com.ar\/principal\/wp-content\/uploads\/2021\/08\/FEBA-cultura.jpg?resize=350%2C200&ssl=1","width":350,"height":200,"srcset":"https:\/\/i0.wp.com\/www.hoymercedes.com.ar\/principal\/wp-content\/uploads\/2021\/08\/FEBA-cultura.jpg?resize=350%2C200&ssl=1 1x, https:\/\/i0.wp.com\/www.hoymercedes.com.ar\/principal\/wp-content\/uploads\/2021\/08\/FEBA-cultura.jpg?resize=525%2C300&ssl=1 1.5x, https:\/\/i0.wp.com\/www.hoymercedes.com.ar\/principal\/wp-content\/uploads\/2021\/08\/FEBA-cultura.jpg?resize=700%2C400&ssl=1 2x"},"classes":[]},{"id":100937,"url":"https:\/\/www.hoymercedes.com.ar\/principal\/2019\/10\/05\/los-diputados-de-coalicion-civica-recorrieron-la-ciudad\/","url_meta":{"origin":43278,"position":2},"title":"Los Diputados de Coalici\u00f3n C\u00edvica recorrieron la ciudad","author":"hoymercedes","date":"5 octubre, 2019","format":false,"excerpt":"Los diputados Marcela Campagnoli, Javier Campos y Lucila Lehmann, junto a la candidata a Intendente por Junto Por el Cambio, Julia De Paola, visitaron la ciudad. Se reunieron con referentes de la Iglesia Evang\u00e9lica local. Promediando la ma\u00f1ana del viernes, se hicieron presentes en la ciudad de Mercedes, referentes de\u2026","rel":"","context":"En \u00abPol\u00edtica\u00bb","block_context":{"text":"Pol\u00edtica","link":"https:\/\/www.hoymercedes.com.ar\/principal\/category\/politica\/"},"img":{"alt_text":"","src":"https:\/\/i0.wp.com\/www.hoymercedes.com.ar\/principal\/wp-content\/uploads\/2019\/10\/Dip-CC-JxCm0.jpg?resize=350%2C200&ssl=1","width":350,"height":200,"srcset":"https:\/\/i0.wp.com\/www.hoymercedes.com.ar\/principal\/wp-content\/uploads\/2019\/10\/Dip-CC-JxCm0.jpg?resize=350%2C200&ssl=1 1x, https:\/\/i0.wp.com\/www.hoymercedes.com.ar\/principal\/wp-content\/uploads\/2019\/10\/Dip-CC-JxCm0.jpg?resize=525%2C300&ssl=1 1.5x, https:\/\/i0.wp.com\/www.hoymercedes.com.ar\/principal\/wp-content\/uploads\/2019\/10\/Dip-CC-JxCm0.jpg?resize=700%2C400&ssl=1 2x"},"classes":[]},{"id":90399,"url":"https:\/\/www.hoymercedes.com.ar\/principal\/2019\/03\/30\/__trashed-7\/","url_meta":{"origin":43278,"position":3},"title":"Nueva reuni\u00f3n de la Coalici\u00f3n C\u00edvica en Mercedes","author":"hoymercedes","date":"30 marzo, 2019","format":false,"excerpt":"Con fuerte respaldo nacional, la Coalici\u00f3n C\u00edvica Mercedina volvi\u00f3 a recibir a los dirigentes de la regi\u00f3n en vistas al trabajo pre electoral. Se hicieron presentes legisladores Nacionales y Provinciales de la CC dentro de Cambiemos. D\u00edas atr\u00e1s, el grupo partidario local que responde a la Diputada Nacional Elisa Carri\u00f3,\u2026","rel":"","context":"En \u00abPol\u00edtica\u00bb","block_context":{"text":"Pol\u00edtica","link":"https:\/\/www.hoymercedes.com.ar\/principal\/category\/politica\/"},"img":{"alt_text":"","src":"https:\/\/i0.wp.com\/www.hoymercedes.com.ar\/principal\/wp-content\/uploads\/2019\/03\/29-coalici%C3%B3n-c%C3%ADvica.jpg?resize=350%2C200&ssl=1","width":350,"height":200,"srcset":"https:\/\/i0.wp.com\/www.hoymercedes.com.ar\/principal\/wp-content\/uploads\/2019\/03\/29-coalici%C3%B3n-c%C3%ADvica.jpg?resize=350%2C200&ssl=1 1x, https:\/\/i0.wp.com\/www.hoymercedes.com.ar\/principal\/wp-content\/uploads\/2019\/03\/29-coalici%C3%B3n-c%C3%ADvica.jpg?resize=525%2C300&ssl=1 1.5x, https:\/\/i0.wp.com\/www.hoymercedes.com.ar\/principal\/wp-content\/uploads\/2019\/03\/29-coalici%C3%B3n-c%C3%ADvica.jpg?resize=700%2C400&ssl=1 2x"},"classes":[]},{"id":2084,"url":"https:\/\/www.hoymercedes.com.ar\/principal\/2011\/02\/09\/coalicion-civica-ari-se-reunieron-los-candidatos-a-intendentes-de-cuatro-distritos\/","url_meta":{"origin":43278,"position":4},"title":"Coalici\u00f3n C\u00edvica Ari: Se reunieron los candidatos a intendentes de cuatro distritos","author":"hoymercedes","date":"9 febrero, 2011","format":false,"excerpt":"Los candidatos a Intendentes por la Coalici\u00f3n C\u00edvica Ari de Mercedes, (Jos\u00e9 Cestari); Lujan (Ra\u00fal Curson);\u00a0 de General Rodr\u00edguez (Mario Deguiz) y de Pilar (Marcela Campagnoli), mantuvieron en nuestra ciudad el segundo encuentro destinado a analizar problem\u00e1ticas comunes a los cuatro distritos con miras a una futura acci\u00f3n de gobierno\u2026","rel":"","context":"En \u00abPol\u00edtica\u00bb","block_context":{"text":"Pol\u00edtica","link":"https:\/\/www.hoymercedes.com.ar\/principal\/category\/politica\/"},"img":{"alt_text":"","src":"https:\/\/i0.wp.com\/www.hoymercedes.com.ar\/principal\/wp-content\/uploads\/2011\/02\/candidatosAri.jpg?resize=350%2C200","width":350,"height":200},"classes":[]},{"id":43693,"url":"https:\/\/www.hoymercedes.com.ar\/principal\/2015\/08\/06\/esteban-bulrich-ministro-de-macri-dio-su-apoyo-a-jose-cestari\/","url_meta":{"origin":43278,"position":5},"title":"Esteban Bulrich, Ministro de Macri, dio su apoyo a Jos\u00e9 Cestari","author":"hoymercedes","date":"6 agosto, 2015","format":false,"excerpt":"Jos\u00e9 Cestari contin\u00faa trabajando en pos de la intendencia y cont\u00f3 nuevamente con el apoyo de funcionarios del gobierno de Mauricio Macri. En esta ocasi\u00f3n fue el Ministro de Educaci\u00f3n, Esteban Bulrich, qui\u00e9n brind\u00f3 una charla a los mercedinos y militantes del MIC-PRO. \"El d\u00eda lunes 3 de agosto visit\u00f3\u2026","rel":"","context":"En \u00abPol\u00edtica\u00bb","block_context":{"text":"Pol\u00edtica","link":"https:\/\/www.hoymercedes.com.ar\/principal\/category\/politica\/"},"img":{"alt_text":"","src":"https:\/\/i0.wp.com\/www.hoymercedes.com.ar\/principal\/wp-content\/uploads\/2015\/08\/bulrich-cestari.jpg?resize=350%2C200&ssl=1","width":350,"height":200,"srcset":"https:\/\/i0.wp.com\/www.hoymercedes.com.ar\/principal\/wp-content\/uploads\/2015\/08\/bulrich-cestari.jpg?resize=350%2C200&ssl=1 1x, https:\/\/i0.wp.com\/www.hoymercedes.com.ar\/principal\/wp-content\/uploads\/2015\/08\/bulrich-cestari.jpg?resize=525%2C300&ssl=1 1.5x"},"classes":[]}],"_links":{"self":[{"href":"https:\/\/www.hoymercedes.com.ar\/principal\/wp-json\/wp\/v2\/posts\/43278","targetHints":{"allow":["GET"]}}],"collection":[{"href":"https:\/\/www.hoymercedes.com.ar\/principal\/wp-json\/wp\/v2\/posts"}],"about":[{"href":"https:\/\/www.hoymercedes.com.ar\/principal\/wp-json\/wp\/v2\/types\/post"}],"author":[{"embeddable":true,"href":"https:\/\/www.hoymercedes.com.ar\/principal\/wp-json\/wp\/v2\/users\/1"}],"replies":[{"embeddable":true,"href":"https:\/\/www.hoymercedes.com.ar\/principal\/wp-json\/wp\/v2\/comments?post=43278"}],"version-history":[{"count":0,"href":"https:\/\/www.hoymercedes.com.ar\/principal\/wp-json\/wp\/v2\/posts\/43278\/revisions"}],"wp:featuredmedia":[{"embeddable":true,"href":"https:\/\/www.hoymercedes.com.ar\/principal\/wp-json\/wp\/v2\/media\/43279"}],"wp:attachment":[{"href":"https:\/\/www.hoymercedes.com.ar\/principal\/wp-json\/wp\/v2\/media?parent=43278"}],"wp:term":[{"taxonomy":"category","embeddable":true,"href":"https:\/\/www.hoymercedes.com.ar\/principal\/wp-json\/wp\/v2\/categories?post=43278"},{"taxonomy":"post_tag","embeddable":true,"href":"https:\/\/www.hoymercedes.com.ar\/principal\/wp-json\/wp\/v2\/tags?post=43278"}],"curies":[{"name":"wp","href":"https:\/\/api.w.org\/{rel}","templated":true}]}}