{"id":43286,"date":"2015-07-22T20:24:25","date_gmt":"2015-07-22T23:24:25","guid":{"rendered":"http:\/\/www.hoymercedes.com.ar\/principal\/?p=43286"},"modified":"2015-07-23T22:06:15","modified_gmt":"2015-07-24T01:06:15","slug":"en-persecucion-desde-alberti-detienen-a-4-mexicanos-en-mercedes","status":"publish","type":"post","link":"https:\/\/www.hoymercedes.com.ar\/principal\/2015\/07\/22\/en-persecucion-desde-alberti-detienen-a-4-mexicanos-en-mercedes\/","title":{"rendered":"En persecuci\u00f3n desde Alberti detienen a 4 mexicanos en Mercedes por intento de robo"},"content":{"rendered":"<p><strong>\u00a0<\/strong><\/p>\n<p><em><strong>Este mi\u00e9rcoles un nuevo hecho policial en la regi\u00f3n puso en alerta a las fuerzas policiales. Se trat\u00f3 de un intento de robo por parte de extranjeros en la localidad de Alberti cuyo desenlace se concret\u00f3 en Mercedes. Intervinieron fuerzas de seguridad de Alberti y Mercedes en un nuevo trabajo en conjunto.<\/strong><\/em><\/p>\n<p>El acontecimiento sucedi\u00f3 durante la ma\u00f1ana de \u00e9ste mi\u00e9rcoles cuando las fuerzas de seguridad son alertadas tras el intento efectuado por 4 ciudadanos de nacionalidad mexicana de intentar robar un autom\u00f3vil en el play\u00f3n de la estaci\u00f3n de servicio \u201cSanta Mar\u00eda\u201d de la localidad de Alberti.<\/p>\n<p>Desde un lugar cercano un operario de un silo observ\u00f3 c\u00f3mo intentaban forzar la cerradura de un \u201cRenault Logan\u201d estacionado en la mencionada playa. A partir de all\u00ed se comunic\u00f3 con la polic\u00eda local y se emprende la b\u00fasqueda de los sospechosos a partir de los datos suministrados por el testigo.<\/p>\n<p>Las fuerzas policiales logran identificarlos y as\u00ed empezar una persecuci\u00f3n en el intento de fuga que emprenden por ruta nacional 5 con direcci\u00f3n a Mercedes.<\/p>\n<p>Una vez sobre nuestra jurisdicci\u00f3n interviene la polic\u00eda vial mercedina logrando detenerlos entre ambas representaciones policiales. El hecho tambi\u00e9n fue posible gracias a la detecci\u00f3n de la patente del veh\u00edculo en el que los mexicanos se movilizaron.<\/p>\n<p>El hecho fue catalogado como robo de veh\u00edculo en grado de tentativa con abandono en la v\u00eda p\u00fablica interviniendo la Unidad Fiscal de Instrucci\u00f3n N\u00ba 3 del Departamento Judicial de Mercede que se encontraba de turno durante el per\u00edodo de feria judicial vigente.<\/p>\n<p>&nbsp;<\/p>\n<p>&nbsp;<\/p>\n<p>&nbsp;<\/p>\n<p>&nbsp;<\/p>\n","protected":false},"excerpt":{"rendered":"<p>\u00a0 Este mi\u00e9rcoles un nuevo hecho policial en la regi\u00f3n puso en alerta a las fuerzas policiales. Se trat\u00f3 de &#8230; <a title=\"En persecuci\u00f3n desde Alberti detienen a 4 mexicanos en Mercedes por intento de robo\" class=\"read-more\" href=\"https:\/\/www.hoymercedes.com.ar\/principal\/2015\/07\/22\/en-persecucion-desde-alberti-detienen-a-4-mexicanos-en-mercedes\/\" aria-label=\"Leer m\u00e1s sobre En persecuci\u00f3n desde Alberti detienen a 4 mexicanos en Mercedes por intento de robo\">Leer m\u00e1s<\/a><\/p>\n","protected":false},"author":1,"featured_media":41186,"comment_status":"open","ping_status":"open","sticky":false,"template":"","format":"standard","meta":{"_monsterinsights_skip_tracking":false,"_monsterinsights_sitenote_active":false,"_monsterinsights_sitenote_note":"","_monsterinsights_sitenote_category":0,"jetpack_post_was_ever_published":false,"_jetpack_newsletter_access":"","_jetpack_dont_email_post_to_subs":false,"_jetpack_newsletter_tier_id":0,"_jetpack_memberships_contains_paywalled_content":false,"_jetpack_memberships_contains_paid_content":false,"footnotes":"","jetpack_publicize_message":"","jetpack_publicize_feature_enabled":true,"jetpack_social_post_already_shared":true,"jetpack_social_options":{"image_generator_settings":{"template":"highway","default_image_id":0,"font":"","enabled":false},"version":2},"_wpas_customize_per_network":false},"categories":[5],"tags":[7663,7662],"class_list":["post-43286","post","type-post","status-publish","format-standard","has-post-thumbnail","hentry","category-politica","tag-detienen-mexicanos-en-mercedes","tag-robo-mexicanos-alberti","generate-columns","tablet-grid-50","mobile-grid-100","grid-parent","grid-50"],"jetpack_publicize_connections":[],"jetpack_featured_media_url":"https:\/\/www.hoymercedes.com.ar\/principal\/wp-content\/uploads\/2015\/04\/DSC_0016.jpg","wps_subtitle":"Intento de robo vehicular","jetpack_sharing_enabled":true,"jetpack-related-posts":[{"id":178762,"url":"https:\/\/www.hoymercedes.com.ar\/principal\/2024\/09\/13\/detienen-a-integrante-de-banda-roba-transformadores\/","url_meta":{"origin":43286,"position":0},"title":"Detienen a integrante de banda roba transformadores","author":"hoymercedes","date":"13 septiembre, 2024","format":false,"excerpt":"Fue en Chivilcoy. Actuaba en toda la zona. La justicia de Mercedes interviene en el caso. Hubo persecuci\u00f3n policial para poder detenerlo ya que al ser detectado el veh\u00edculo buscado intent\u00f3 fugarse. Pruebas La justicia tendr\u00eda pruebas y registros f\u00edlmicos de varias localidades, como ser Suipacha, Bragado, Alberti, Carmen de\u2026","rel":"","context":"En \u00abPolicial\u00bb","block_context":{"text":"Policial","link":"https:\/\/www.hoymercedes.com.ar\/principal\/category\/policial\/"},"img":{"alt_text":"","src":"https:\/\/i0.wp.com\/www.hoymercedes.com.ar\/principal\/wp-content\/uploads\/2024\/09\/robatransformadores-1.png?resize=350%2C200&ssl=1","width":350,"height":200,"srcset":"https:\/\/i0.wp.com\/www.hoymercedes.com.ar\/principal\/wp-content\/uploads\/2024\/09\/robatransformadores-1.png?resize=350%2C200&ssl=1 1x, https:\/\/i0.wp.com\/www.hoymercedes.com.ar\/principal\/wp-content\/uploads\/2024\/09\/robatransformadores-1.png?resize=525%2C300&ssl=1 1.5x, https:\/\/i0.wp.com\/www.hoymercedes.com.ar\/principal\/wp-content\/uploads\/2024\/09\/robatransformadores-1.png?resize=700%2C400&ssl=1 2x, https:\/\/i0.wp.com\/www.hoymercedes.com.ar\/principal\/wp-content\/uploads\/2024\/09\/robatransformadores-1.png?resize=1050%2C600&ssl=1 3x, https:\/\/i0.wp.com\/www.hoymercedes.com.ar\/principal\/wp-content\/uploads\/2024\/09\/robatransformadores-1.png?resize=1400%2C800&ssl=1 4x"},"classes":[]},{"id":186692,"url":"https:\/\/www.hoymercedes.com.ar\/principal\/2025\/08\/02\/linea-de-colectivo-352-conectara-mercedes-alberti\/","url_meta":{"origin":43286,"position":1},"title":"L\u00ednea de colectivo 352 conectar\u00e1 Mercedes &#8211; Alberti","author":"hoymercedes","date":"2 agosto, 2025","format":false,"excerpt":"Desde el lunes 4 de agosto comenzar\u00e1 a funcionar la nueva l\u00ednea de colectivo 352 que unir\u00e1 las localidades de Mercedes, Suipacha, Chivilcoy y Alberti. Luego de una reuni\u00f3n de trabajo junto a representantes de la firma de transporte y los representantes de las ciudades involucradas y autoridades provinciales, se\u2026","rel":"","context":"En \u00abSociedad\u00bb","block_context":{"text":"Sociedad","link":"https:\/\/www.hoymercedes.com.ar\/principal\/category\/sociedad\/"},"img":{"alt_text":"","src":"https:\/\/i0.wp.com\/www.hoymercedes.com.ar\/principal\/wp-content\/uploads\/2025\/08\/image.png?resize=350%2C200&ssl=1","width":350,"height":200},"classes":[]},{"id":149419,"url":"https:\/\/www.hoymercedes.com.ar\/principal\/2022\/06\/13\/softbol-la-escuela-municipal-llego-a-alberti\/","url_meta":{"origin":43286,"position":2},"title":"Softbol: La Escuela Municipal lleg\u00f3 a Alberti\u00a0","author":"hoymercedes","date":"13 junio, 2022","format":false,"excerpt":"Por la liga de Juninense del softbol, los equipos de la Escuela Municipal disputaron sus respectivos encuentros en la localidad de Alberti.\u00a0 Cabe aclarar que Mercedes participa en esta liga con un equipo juvenil y mixto. En cuanto a los resultados, contra los juveniles gan\u00f3 el equipo mercedino por 28\u2026","rel":"","context":"En \u00abDeportes\u00bb","block_context":{"text":"Deportes","link":"https:\/\/www.hoymercedes.com.ar\/principal\/category\/deportes\/"},"img":{"alt_text":"","src":"https:\/\/i0.wp.com\/www.hoymercedes.com.ar\/principal\/wp-content\/uploads\/2022\/06\/softbol-1306.jpeg?resize=350%2C200&ssl=1","width":350,"height":200,"srcset":"https:\/\/i0.wp.com\/www.hoymercedes.com.ar\/principal\/wp-content\/uploads\/2022\/06\/softbol-1306.jpeg?resize=350%2C200&ssl=1 1x, https:\/\/i0.wp.com\/www.hoymercedes.com.ar\/principal\/wp-content\/uploads\/2022\/06\/softbol-1306.jpeg?resize=525%2C300&ssl=1 1.5x, https:\/\/i0.wp.com\/www.hoymercedes.com.ar\/principal\/wp-content\/uploads\/2022\/06\/softbol-1306.jpeg?resize=700%2C400&ssl=1 2x"},"classes":[]},{"id":130242,"url":"https:\/\/www.hoymercedes.com.ar\/principal\/2021\/05\/17\/firman-acuerdo-entre-corredores-viales-y-bomberos-voluntarios-de-mercedes-suipacha-chivilcoy-alberti-y-bragado\/","url_meta":{"origin":43286,"position":3},"title":"Firman acuerdo entre Corredores Viales y Bomberos Voluntarios de Mercedes, Suipacha, Chivilcoy, Alberti y Bragado","author":"hoymercedes","date":"17 mayo, 2021","format":false,"excerpt":"La empresa p\u00fablica, que desde diciembre de 2020, administra m\u00e1s de 500 kil\u00f3metros de la Ruta Nacional 5 entre Luj\u00e1n y Santa Rosa, acord\u00f3 con cinco asociaciones de Bomberos Voluntarios de la regi\u00f3n, desde Mercedes hasta Bragado, para reconocer y retribuir las labores de asistencia y rescateque brindan a lo\u2026","rel":"","context":"En \u00abRegi\u00f3n\u00bb","block_context":{"text":"Regi\u00f3n","link":"https:\/\/www.hoymercedes.com.ar\/principal\/category\/region\/"},"img":{"alt_text":"","src":"https:\/\/i0.wp.com\/www.hoymercedes.com.ar\/principal\/wp-content\/uploads\/2021\/05\/17-corredores-viales-2-e1621279462705.jpg?resize=350%2C200&ssl=1","width":350,"height":200,"srcset":"https:\/\/i0.wp.com\/www.hoymercedes.com.ar\/principal\/wp-content\/uploads\/2021\/05\/17-corredores-viales-2-e1621279462705.jpg?resize=350%2C200&ssl=1 1x, https:\/\/i0.wp.com\/www.hoymercedes.com.ar\/principal\/wp-content\/uploads\/2021\/05\/17-corredores-viales-2-e1621279462705.jpg?resize=525%2C300&ssl=1 1.5x, https:\/\/i0.wp.com\/www.hoymercedes.com.ar\/principal\/wp-content\/uploads\/2021\/05\/17-corredores-viales-2-e1621279462705.jpg?resize=700%2C400&ssl=1 2x"},"classes":[]},{"id":145332,"url":"https:\/\/www.hoymercedes.com.ar\/principal\/2022\/03\/14\/la-escuela-municipal-de-softbol-paso-por-alberti\/","url_meta":{"origin":43286,"position":4},"title":"La Escuela Municipal de Softbol pas\u00f3 por Alberti\u00a0","author":"hoymercedes","date":"14 marzo, 2022","format":false,"excerpt":"Junto a un equipo juvenil, la Escuela Municipal de Softbol particip\u00f3 de un cuadrangular el pasado domingo. Tras la jornada deportiva, finaliz\u00f3 en la tercera colocaci\u00f3n dejando una buen desempe\u00f1o sobre el campo de juego.\u00a0 El pasado domingo se desarroll\u00f3 un cuadrangular de Softbol en la localidad de Alberti, donde\u2026","rel":"","context":"En \u00abDeportes\u00bb","block_context":{"text":"Deportes","link":"https:\/\/www.hoymercedes.com.ar\/principal\/category\/deportes\/"},"img":{"alt_text":"","src":"https:\/\/i0.wp.com\/www.hoymercedes.com.ar\/principal\/wp-content\/uploads\/2022\/03\/dsoftball14.jpeg?resize=350%2C200&ssl=1","width":350,"height":200,"srcset":"https:\/\/i0.wp.com\/www.hoymercedes.com.ar\/principal\/wp-content\/uploads\/2022\/03\/dsoftball14.jpeg?resize=350%2C200&ssl=1 1x, https:\/\/i0.wp.com\/www.hoymercedes.com.ar\/principal\/wp-content\/uploads\/2022\/03\/dsoftball14.jpeg?resize=525%2C300&ssl=1 1.5x, https:\/\/i0.wp.com\/www.hoymercedes.com.ar\/principal\/wp-content\/uploads\/2022\/03\/dsoftball14.jpeg?resize=700%2C400&ssl=1 2x"},"classes":[]},{"id":178324,"url":"https:\/\/www.hoymercedes.com.ar\/principal\/2024\/08\/29\/robos-en-la-red-electrica-perjudica-el-servicio-en-la-zona\/","url_meta":{"origin":43286,"position":5},"title":"Robos en la red el\u00e9ctrica perjudica el servicio en la zona","author":"hoymercedes","date":"29 agosto, 2024","format":false,"excerpt":"Desde la empresa de distribuidora de energ\u00eda el\u00e9ctrica resaltaron su preocupaci\u00f3n por el vandalismo que sufre la red e infrastructura el\u00e9ctrica en la regi\u00f3n, principalmente en inmediaciones de la Ruta Nacional N\u00b05 que perjudica el suministro el\u00e9ctrico en Mercedes, Bragado y Alberti. Esta semana, la distribuidora de energ\u00eda EDEN recibi\u00f3\u2026","rel":"","context":"En \u00abSociedad\u00bb","block_context":{"text":"Sociedad","link":"https:\/\/www.hoymercedes.com.ar\/principal\/category\/sociedad\/"},"img":{"alt_text":"","src":"https:\/\/i0.wp.com\/www.hoymercedes.com.ar\/principal\/wp-content\/uploads\/2024\/08\/image-20.png?resize=350%2C200&ssl=1","width":350,"height":200,"srcset":"https:\/\/i0.wp.com\/www.hoymercedes.com.ar\/principal\/wp-content\/uploads\/2024\/08\/image-20.png?resize=350%2C200&ssl=1 1x, https:\/\/i0.wp.com\/www.hoymercedes.com.ar\/principal\/wp-content\/uploads\/2024\/08\/image-20.png?resize=525%2C300&ssl=1 1.5x, https:\/\/i0.wp.com\/www.hoymercedes.com.ar\/principal\/wp-content\/uploads\/2024\/08\/image-20.png?resize=700%2C400&ssl=1 2x, https:\/\/i0.wp.com\/www.hoymercedes.com.ar\/principal\/wp-content\/uploads\/2024\/08\/image-20.png?resize=1050%2C600&ssl=1 3x"},"classes":[]}],"_links":{"self":[{"href":"https:\/\/www.hoymercedes.com.ar\/principal\/wp-json\/wp\/v2\/posts\/43286","targetHints":{"allow":["GET"]}}],"collection":[{"href":"https:\/\/www.hoymercedes.com.ar\/principal\/wp-json\/wp\/v2\/posts"}],"about":[{"href":"https:\/\/www.hoymercedes.com.ar\/principal\/wp-json\/wp\/v2\/types\/post"}],"author":[{"embeddable":true,"href":"https:\/\/www.hoymercedes.com.ar\/principal\/wp-json\/wp\/v2\/users\/1"}],"replies":[{"embeddable":true,"href":"https:\/\/www.hoymercedes.com.ar\/principal\/wp-json\/wp\/v2\/comments?post=43286"}],"version-history":[{"count":0,"href":"https:\/\/www.hoymercedes.com.ar\/principal\/wp-json\/wp\/v2\/posts\/43286\/revisions"}],"wp:featuredmedia":[{"embeddable":true,"href":"https:\/\/www.hoymercedes.com.ar\/principal\/wp-json\/wp\/v2\/media\/41186"}],"wp:attachment":[{"href":"https:\/\/www.hoymercedes.com.ar\/principal\/wp-json\/wp\/v2\/media?parent=43286"}],"wp:term":[{"taxonomy":"category","embeddable":true,"href":"https:\/\/www.hoymercedes.com.ar\/principal\/wp-json\/wp\/v2\/categories?post=43286"},{"taxonomy":"post_tag","embeddable":true,"href":"https:\/\/www.hoymercedes.com.ar\/principal\/wp-json\/wp\/v2\/tags?post=43286"}],"curies":[{"name":"wp","href":"https:\/\/api.w.org\/{rel}","templated":true}]}}