{"id":43312,"date":"2015-07-23T14:27:23","date_gmt":"2015-07-23T17:27:23","guid":{"rendered":"http:\/\/www.hoymercedes.com.ar\/principal\/?p=43312"},"modified":"2015-07-23T14:27:23","modified_gmt":"2015-07-23T17:27:23","slug":"pablo-perazzo-entrego-desde-provincia-premios-a-jovenes-emprendedores","status":"publish","type":"post","link":"https:\/\/www.hoymercedes.com.ar\/principal\/2015\/07\/23\/pablo-perazzo-entrego-desde-provincia-premios-a-jovenes-emprendedores\/","title":{"rendered":"Pablo Perazzo entreg\u00f3 desde Provincia premios a J\u00f3venes Emprendedores"},"content":{"rendered":"<p dir=\"ltr\"><a href=\"https:\/\/www.hoymercedes.com.ar\/principal\/wp-content\/uploads\/2015\/07\/pabloperazzo.jpg\"><img loading=\"lazy\" decoding=\"async\" data-attachment-id=\"43313\" data-permalink=\"https:\/\/www.hoymercedes.com.ar\/principal\/2015\/07\/23\/pablo-perazzo-entrego-desde-provincia-premios-a-jovenes-emprendedores\/pabloperazzo-2\/#main\" data-orig-file=\"https:\/\/www.hoymercedes.com.ar\/principal\/wp-content\/uploads\/2015\/07\/pabloperazzo.jpg\" data-orig-size=\"620,478\" data-comments-opened=\"1\" data-image-meta=\"{&quot;aperture&quot;:&quot;0&quot;,&quot;credit&quot;:&quot;&quot;,&quot;camera&quot;:&quot;&quot;,&quot;caption&quot;:&quot;&quot;,&quot;created_timestamp&quot;:&quot;0&quot;,&quot;copyright&quot;:&quot;&quot;,&quot;focal_length&quot;:&quot;0&quot;,&quot;iso&quot;:&quot;0&quot;,&quot;shutter_speed&quot;:&quot;0&quot;,&quot;title&quot;:&quot;&quot;,&quot;orientation&quot;:&quot;0&quot;}\" data-image-title=\"pabloperazzo\" data-image-description=\"\" data-image-caption=\"\" data-large-file=\"https:\/\/www.hoymercedes.com.ar\/principal\/wp-content\/uploads\/2015\/07\/pabloperazzo.jpg\" class=\"Img2014 aligncenter wp-image-43313 size-full\" src=\"https:\/\/www.hoymercedes.com.ar\/principal\/wp-content\/uploads\/2015\/07\/pabloperazzo.jpg\" alt=\"pabloperazzo\" width=\"620\" height=\"478\" srcset=\"https:\/\/www.hoymercedes.com.ar\/principal\/wp-content\/uploads\/2015\/07\/pabloperazzo.jpg 620w, https:\/\/www.hoymercedes.com.ar\/principal\/wp-content\/uploads\/2015\/07\/pabloperazzo-150x116.jpg 150w, https:\/\/www.hoymercedes.com.ar\/principal\/wp-content\/uploads\/2015\/07\/pabloperazzo-290x224.jpg 290w, https:\/\/www.hoymercedes.com.ar\/principal\/wp-content\/uploads\/2015\/07\/pabloperazzo-50x39.jpg 50w\" sizes=\"auto, (max-width: 620px) 100vw, 620px\" \/><\/a><\/p>\n<p dir=\"ltr\"><em><strong>El mercedino, gerente general de Fogaba junto a Nicolas Scioli, Carlos Peralta y Rub\u00e9n Geneiro entregaron los premios a los ganadores del \u201cConcurso J\u00f3venes Empresarios de la Provincia de Buenos Aires 2015&#8243;.<\/strong><\/em><\/p>\n<p dir=\"ltr\">El ministerio de la Producci\u00f3n, Ciencia y Tecnolog\u00eda entreg\u00f3 ayer los premios a los ganadores del \u201cConcurso J\u00f3venes Empresarios de la Provincia de Buenos Aires 2015,\u201d que cont\u00f3 con 38 finalistas y fue organizado por la subsecretar\u00eda de la Peque\u00f1a, Mediana y Microempresa, en el marco del Programa Provincial de Apoyo a J\u00f3venes Empresarios.<\/p>\n<p dir=\"ltr\">El subsecretario Pyme, Rub\u00e9n Geneyro se\u00f1al\u00f3 que \u201ccon estas iniciativas el Ministerio se propone fortalecer el entramado de las pymes y emprendedores, un sector muy rico de la Provincia, con gran potencialidad\u201d, y agreg\u00f3 que \u201cel gran objetivo de las pol\u00edticas p\u00fablicas puestas en marcha por el gobernador y precandidato a presidente Daniel Scioli, incluye facilitar el financiamiento de proyectos productivos y de inversi\u00f3n, como hacemos a trav\u00e9s del Programa Fuerza Productiva y del Fondo de Garant\u00edas Buenos Aires (FOGABA)\u201d.<\/p>\n<p dir=\"ltr\">El Concurso, auspiciado por el Banco de la Provincia, el Grupo Banco Provincia y el Fondo de Garant\u00edas de la Provincia de Buenos Aires (FOGABA), distingui\u00f3 a un ganador y tres menciones especiales por proyectos que promueven la generaci\u00f3n de empleo, innovaci\u00f3n y exportaciones. Adem\u00e1s recibieron reconocimientos las instituciones patrocinantes, encargadas de presentar las propuestas al certamen.<\/p>\n<p dir=\"ltr\">Con el primer premio, de 50 mil pesos, fue distinguido Rafael Gordillo de Imega Ingenier\u00eda por la mejora de una m\u00e1quina de dise\u00f1o propio para el armado y desarmado de rieles ferroviarios (tirafondeadora). Se trata de una empresa innovadora de servicios de ingenier\u00eda y fabricaci\u00f3n de bienes de capital de Campana, con 13 empleados y gran potencial exportador.<\/p>\n<p dir=\"ltr\">Las Menciones Especiales Joven Empresario Innovador; Joven Empresario Exportador y Joven Empresario Generador de Empleo, por 30 mil pesos cada una, fueron otorgadas en ese orden a: Pablo de Benedictis, de Good Energy; Juan Pablo Gerbi, de Advenio Software y Gonzalo Perr\u00edn, de Pasticcino (apadrinado por la secretar\u00eda de Producci\u00f3n de la municipalidad de Jun\u00edn).<\/p>\n<p dir=\"ltr\">Nicol\u00e1s Scioli, vicepresidente del Grupo Provincia, tuvo a su cargo el cierre del encuentro realizado en la sede de la Casa de la Provincia de Buenos Aires que cont\u00f3 con la presencia del subsecretario de Relaciones Econ\u00f3micas Internacionales, Carlos Peralta, el presidente de FEBA, Ra\u00fal Lamacchia, y el Gerente General de Fogaba Pablo Perazzo.<\/p>\n<p dir=\"ltr\">El Mercedino manifest\u00f3: \u201cEs un momento que me trae muchos recuerdos de la participaci\u00f3n en los grupos de j\u00f3venes emprendedores all\u00e1 por el 2001, en plena crisis y sin pol\u00edticas activas por parte del gobierno de ese entonces, desde la c\u00e1mara econ\u00f3mica y tambi\u00e9n desde los j\u00f3venes de la uni\u00f3n industrial de la provincia de Buenos Aires trabaj\u00e1bamos fuertemente apoyando a emprendedores para que desarrollen sus ideas, hoy muchos a\u00f1os despu\u00e9s, con un estado que dice presente, ver a estos j\u00f3venes que creen en la provincia y en el pa\u00eds y son ejemplo de los miles de j\u00f3venes comprometidos con la producci\u00f3n y sobretodo con generar trabajo genuino, que en definitiva es el objetivo principal de este proyecto pol\u00edtico, me da mucha alegr\u00eda y me llena de satisfacci\u00f3n.<\/p>\n","protected":false},"excerpt":{"rendered":"<p>El mercedino, gerente general de Fogaba junto a Nicolas Scioli, Carlos Peralta y Rub\u00e9n Geneiro entregaron los premios a los &#8230; <a title=\"Pablo Perazzo entreg\u00f3 desde Provincia premios a J\u00f3venes Emprendedores\" class=\"read-more\" href=\"https:\/\/www.hoymercedes.com.ar\/principal\/2015\/07\/23\/pablo-perazzo-entrego-desde-provincia-premios-a-jovenes-emprendedores\/\" aria-label=\"Leer m\u00e1s sobre Pablo Perazzo entreg\u00f3 desde Provincia premios a J\u00f3venes Emprendedores\">Leer m\u00e1s<\/a><\/p>\n","protected":false},"author":1,"featured_media":43313,"comment_status":"open","ping_status":"open","sticky":false,"template":"","format":"standard","meta":{"_monsterinsights_skip_tracking":false,"_monsterinsights_sitenote_active":false,"_monsterinsights_sitenote_note":"","_monsterinsights_sitenote_category":0,"jetpack_post_was_ever_published":false,"_jetpack_newsletter_access":"","_jetpack_dont_email_post_to_subs":false,"_jetpack_newsletter_tier_id":0,"_jetpack_memberships_contains_paywalled_content":false,"_jetpack_memberships_contains_paid_content":false,"footnotes":"","jetpack_publicize_message":"","jetpack_publicize_feature_enabled":true,"jetpack_social_post_already_shared":true,"jetpack_social_options":{"image_generator_settings":{"template":"highway","default_image_id":0,"font":"","enabled":false},"version":2},"_wpas_customize_per_network":false},"categories":[5],"tags":[1505],"class_list":["post-43312","post","type-post","status-publish","format-standard","has-post-thumbnail","hentry","category-politica","tag-pablo-perazzo","generate-columns","tablet-grid-50","mobile-grid-100","grid-parent","grid-50"],"jetpack_publicize_connections":[],"jetpack_featured_media_url":"https:\/\/www.hoymercedes.com.ar\/principal\/wp-content\/uploads\/2015\/07\/pabloperazzo.jpg","wps_subtitle":"Fogaba","jetpack_sharing_enabled":true,"jetpack-related-posts":[{"id":103149,"url":"https:\/\/www.hoymercedes.com.ar\/principal\/2019\/11\/28\/la-camara-economica-elegida-para-integrar-la-comision-directiva-de-feba\/","url_meta":{"origin":43312,"position":0},"title":"La C\u00e1mara Econ\u00f3mica elegida para integrar la comisi\u00f3n directiva de FEBA","author":"hoymercedes","date":"28 noviembre, 2019","format":false,"excerpt":"En la reuni\u00f3n anual de la Federaci\u00f3n Econ\u00f3mica, la CEM oficializ\u00f3 su ingreso en la entidad que re\u00fane a las c\u00e1maras empresariales de la provincia. En menos de dos meses, la instituci\u00f3n mercedina comenz\u00f3 a integrar los consejos y comisiones directivas de FEBA y CAME. En la jornada del d\u00eda\u2026","rel":"","context":"En \u00abSociedad\u00bb","block_context":{"text":"Sociedad","link":"https:\/\/www.hoymercedes.com.ar\/principal\/category\/sociedad\/"},"img":{"alt_text":"","src":"https:\/\/i0.wp.com\/www.hoymercedes.com.ar\/principal\/wp-content\/uploads\/2019\/11\/2019-FEBA-CEM-800x534.jpg?resize=350%2C200&ssl=1","width":350,"height":200,"srcset":"https:\/\/i0.wp.com\/www.hoymercedes.com.ar\/principal\/wp-content\/uploads\/2019\/11\/2019-FEBA-CEM-800x534.jpg?resize=350%2C200&ssl=1 1x, https:\/\/i0.wp.com\/www.hoymercedes.com.ar\/principal\/wp-content\/uploads\/2019\/11\/2019-FEBA-CEM-800x534.jpg?resize=525%2C300&ssl=1 1.5x, https:\/\/i0.wp.com\/www.hoymercedes.com.ar\/principal\/wp-content\/uploads\/2019\/11\/2019-FEBA-CEM-800x534.jpg?resize=700%2C400&ssl=1 2x"},"classes":[]},{"id":175775,"url":"https:\/\/www.hoymercedes.com.ar\/principal\/2024\/05\/19\/mieles-prumiel-gana-concurso-provincial\/","url_meta":{"origin":43312,"position":1},"title":"Mieles Prumiel gana concurso provincial","author":"hoymercedes","date":"19 mayo, 2024","format":false,"excerpt":"La familia Prunier desde hace un tiempo es productora ap\u00edcola. Uno de sus integrantes, Gast\u00f3n, junto a su pareja Daniela, llevan adelante el proyecto Mieles Prumiel, un producto que por estos d\u00edas gan\u00f3 el Concurso Provincial de la Miel en la categor\u00eda Miel Cristalizada Fraccionada. La entrega de premios se\u2026","rel":"","context":"En \u00abComercial\u00bb","block_context":{"text":"Comercial","link":"https:\/\/www.hoymercedes.com.ar\/principal\/category\/tie-business\/"},"img":{"alt_text":"","src":"https:\/\/i0.wp.com\/www.hoymercedes.com.ar\/principal\/wp-content\/uploads\/2024\/05\/Screenshot_20240519-111938_copy_600x716.png?resize=350%2C200&ssl=1","width":350,"height":200,"srcset":"https:\/\/i0.wp.com\/www.hoymercedes.com.ar\/principal\/wp-content\/uploads\/2024\/05\/Screenshot_20240519-111938_copy_600x716.png?resize=350%2C200&ssl=1 1x, https:\/\/i0.wp.com\/www.hoymercedes.com.ar\/principal\/wp-content\/uploads\/2024\/05\/Screenshot_20240519-111938_copy_600x716.png?resize=525%2C300&ssl=1 1.5x"},"classes":[]},{"id":35721,"url":"https:\/\/www.hoymercedes.com.ar\/principal\/2014\/09\/04\/importante-capacitacion-del-ministerio-de-trabajo-ba-en-c-e-m\/","url_meta":{"origin":43312,"position":2},"title":"Importante capacitaci\u00f3n del Ministerio de Trabajo BA en C.E.M","author":"hoymercedes","date":"4 septiembre, 2014","format":false,"excerpt":"El subsecretario de Empleo de la provincia de Buenos Aires, Luis Antonioli, encabez\u00f3 una jornada de capacitaci\u00f3n e informaci\u00f3n sobre planes de empleo en la sede de la C\u00e1mara Econ\u00f3mica de Mercedes (CEM), con la presencia del delegado Regional interino, Lautaro Pereira, comerciantes, empresarios y emprendedores locales. Durante el encuentro,\u2026","rel":"","context":"En \u00abPol\u00edtica\u00bb","block_context":{"text":"Pol\u00edtica","link":"https:\/\/www.hoymercedes.com.ar\/principal\/category\/politica\/"},"img":{"alt_text":"mintra-cem-capacitaci\u00f3n-I","src":"https:\/\/i0.wp.com\/www.hoymercedes.com.ar\/principal\/wp-content\/uploads\/2014\/09\/mintra-cem-capacitaci%C3%B3n-I.jpg?resize=350%2C200","width":350,"height":200,"srcset":"https:\/\/i0.wp.com\/www.hoymercedes.com.ar\/principal\/wp-content\/uploads\/2014\/09\/mintra-cem-capacitaci%C3%B3n-I.jpg?resize=350%2C200 1x, https:\/\/i0.wp.com\/www.hoymercedes.com.ar\/principal\/wp-content\/uploads\/2014\/09\/mintra-cem-capacitaci%C3%B3n-I.jpg?resize=525%2C300 1.5x"},"classes":[]},{"id":25814,"url":"https:\/\/www.hoymercedes.com.ar\/principal\/2013\/09\/17\/pablo-perazzo-flamante-gerente-general-de-fagaba\/","url_meta":{"origin":43312,"position":3},"title":"Pablo Perazzo flamante Gerente General de FOGABA","author":"hoymercedes","date":"17 septiembre, 2013","format":false,"excerpt":"El integrante de \"Leales a Per\u00f3n\" y miembro del Frente Mercedino ser\u00e1 el nuevo Gerente General del Fondo de Garant\u00edas Buenos Aires. Perazzo estuvo en el PAMI y recientemente en el Ministerio de Justicia de la Naci\u00f3n. Ahora se mover\u00e1 a la gesti\u00f3n provincial. El FOGABA es un fondo de\u2026","rel":"","context":"En \u00abPol\u00edtica\u00bb","block_context":{"text":"Pol\u00edtica","link":"https:\/\/www.hoymercedes.com.ar\/principal\/category\/politica\/"},"img":{"alt_text":"fogaba ","src":"https:\/\/i0.wp.com\/www.hoymercedes.com.ar\/principal\/wp-content\/uploads\/2013\/09\/fagaba.jpg?resize=350%2C200","width":350,"height":200,"srcset":"https:\/\/i0.wp.com\/www.hoymercedes.com.ar\/principal\/wp-content\/uploads\/2013\/09\/fagaba.jpg?resize=350%2C200 1x, https:\/\/i0.wp.com\/www.hoymercedes.com.ar\/principal\/wp-content\/uploads\/2013\/09\/fagaba.jpg?resize=525%2C300 1.5x"},"classes":[]},{"id":2141,"url":"https:\/\/www.hoymercedes.com.ar\/principal\/2011\/02\/12\/primer-concurso-literario-%e2%80%9chistorias-en-cuento%e2%80%9d\/","url_meta":{"origin":43312,"position":4},"title":"Primer Concurso Literario: \u201cHistorias en cuento\u201d","author":"hoymercedes","date":"12 febrero, 2011","format":false,"excerpt":"El\u00a0Instituto de Previsi\u00f3n Social de la Provincia de Buenos Aires,\u00a0invita a participar\u00a0a todos los jubilados y pensionados de la caja previsional, a\u00a0la caja de Jubilaciones, Subsidios y Pensiones del Personal del\u00a0\u00a0Banco Provincia , a la caja de Retiro, Jubilaciones y Pensiones de la\u00a0\u00a0Polic\u00eda\u00a0\u00a0de la provincia de Buenas Aires, y a\u2026","rel":"","context":"En \u00abSociedad\u00bb","block_context":{"text":"Sociedad","link":"https:\/\/www.hoymercedes.com.ar\/principal\/category\/sociedad\/"},"img":{"alt_text":"","src":"","width":0,"height":0},"classes":[]},{"id":3272,"url":"https:\/\/www.hoymercedes.com.ar\/principal\/2011\/04\/06\/primer-concurso-literario-%e2%80%9chistorias-en-cuento%e2%80%9d-2\/","url_meta":{"origin":43312,"position":5},"title":"Primer Concurso Literario: \u201cHistorias en cuento\u201d","author":"hoymercedes","date":"6 abril, 2011","format":false,"excerpt":"El Instituto de Previsi\u00f3n Social de la Provincia de Buenos Aires, invita a participar a todos los jubilados y pensionados de la caja previsional, a la caja de Jubilaciones, Subsidios y Pensiones del Personal del Banco Provincia , a la caja de Retiro, Jubilaciones y Pensiones de la Polic\u00eda de\u2026","rel":"","context":"En \u00abMunicipio\u00bb","block_context":{"text":"Municipio","link":"https:\/\/www.hoymercedes.com.ar\/principal\/category\/municipio\/"},"img":{"alt_text":"","src":"","width":0,"height":0},"classes":[]}],"_links":{"self":[{"href":"https:\/\/www.hoymercedes.com.ar\/principal\/wp-json\/wp\/v2\/posts\/43312","targetHints":{"allow":["GET"]}}],"collection":[{"href":"https:\/\/www.hoymercedes.com.ar\/principal\/wp-json\/wp\/v2\/posts"}],"about":[{"href":"https:\/\/www.hoymercedes.com.ar\/principal\/wp-json\/wp\/v2\/types\/post"}],"author":[{"embeddable":true,"href":"https:\/\/www.hoymercedes.com.ar\/principal\/wp-json\/wp\/v2\/users\/1"}],"replies":[{"embeddable":true,"href":"https:\/\/www.hoymercedes.com.ar\/principal\/wp-json\/wp\/v2\/comments?post=43312"}],"version-history":[{"count":0,"href":"https:\/\/www.hoymercedes.com.ar\/principal\/wp-json\/wp\/v2\/posts\/43312\/revisions"}],"wp:featuredmedia":[{"embeddable":true,"href":"https:\/\/www.hoymercedes.com.ar\/principal\/wp-json\/wp\/v2\/media\/43313"}],"wp:attachment":[{"href":"https:\/\/www.hoymercedes.com.ar\/principal\/wp-json\/wp\/v2\/media?parent=43312"}],"wp:term":[{"taxonomy":"category","embeddable":true,"href":"https:\/\/www.hoymercedes.com.ar\/principal\/wp-json\/wp\/v2\/categories?post=43312"},{"taxonomy":"post_tag","embeddable":true,"href":"https:\/\/www.hoymercedes.com.ar\/principal\/wp-json\/wp\/v2\/tags?post=43312"}],"curies":[{"name":"wp","href":"https:\/\/api.w.org\/{rel}","templated":true}]}}