{"id":43318,"date":"2015-07-23T21:42:43","date_gmt":"2015-07-24T00:42:43","guid":{"rendered":"http:\/\/www.hoymercedes.com.ar\/principal\/?p=43318"},"modified":"2015-07-24T14:11:36","modified_gmt":"2015-07-24T17:11:36","slug":"la-juventud-radical-continua-trabajando-para-que-fal-sea-el-proximo-intendente","status":"publish","type":"post","link":"https:\/\/www.hoymercedes.com.ar\/principal\/2015\/07\/23\/la-juventud-radical-continua-trabajando-para-que-fal-sea-el-proximo-intendente\/","title":{"rendered":"La Juventud Radical contin\u00faa trabajando para que Fal sea el pr\u00f3ximo Intendente"},"content":{"rendered":"<p><a href=\"https:\/\/www.hoymercedes.com.ar\/principal\/wp-content\/uploads\/2015\/07\/juventud-radical.jpg\"><img loading=\"lazy\" decoding=\"async\" data-attachment-id=\"43319\" data-permalink=\"https:\/\/www.hoymercedes.com.ar\/principal\/2015\/07\/23\/la-juventud-radical-continua-trabajando-para-que-fal-sea-el-proximo-intendente\/juventud-radical-2\/#main\" data-orig-file=\"https:\/\/www.hoymercedes.com.ar\/principal\/wp-content\/uploads\/2015\/07\/juventud-radical.jpg\" data-orig-size=\"620,349\" data-comments-opened=\"1\" data-image-meta=\"{&quot;aperture&quot;:&quot;0&quot;,&quot;credit&quot;:&quot;&quot;,&quot;camera&quot;:&quot;&quot;,&quot;caption&quot;:&quot;&quot;,&quot;created_timestamp&quot;:&quot;0&quot;,&quot;copyright&quot;:&quot;&quot;,&quot;focal_length&quot;:&quot;0&quot;,&quot;iso&quot;:&quot;0&quot;,&quot;shutter_speed&quot;:&quot;0&quot;,&quot;title&quot;:&quot;&quot;,&quot;orientation&quot;:&quot;0&quot;}\" data-image-title=\"juventud-radical\" data-image-description=\"\" data-image-caption=\"\" data-large-file=\"https:\/\/www.hoymercedes.com.ar\/principal\/wp-content\/uploads\/2015\/07\/juventud-radical.jpg\" class=\"Img2014 aligncenter wp-image-43319 size-full\" src=\"https:\/\/www.hoymercedes.com.ar\/principal\/wp-content\/uploads\/2015\/07\/juventud-radical.jpg\" alt=\"juventud-radical\" width=\"620\" height=\"349\" srcset=\"https:\/\/www.hoymercedes.com.ar\/principal\/wp-content\/uploads\/2015\/07\/juventud-radical.jpg 620w, https:\/\/www.hoymercedes.com.ar\/principal\/wp-content\/uploads\/2015\/07\/juventud-radical-150x84.jpg 150w, https:\/\/www.hoymercedes.com.ar\/principal\/wp-content\/uploads\/2015\/07\/juventud-radical-290x163.jpg 290w, https:\/\/www.hoymercedes.com.ar\/principal\/wp-content\/uploads\/2015\/07\/juventud-radical-50x28.jpg 50w\" sizes=\"auto, (max-width: 620px) 100vw, 620px\" \/><\/a><\/p>\n<p><em><strong>Lo remarco su presidente, Esteban Biagini, quien integra la lista de candidatos a concejeros escolares en segundo t\u00e9rmino, adem\u00e1s trabajan para la realizaci\u00f3n del acto del pr\u00f3ximo viernes 24 en el Club Quilmes, donde el candidato presentara sus ideas de gobierno.<\/strong><\/em><\/p>\n<p>Biagini manifest\u00f3 que \u201cvenimos trabajando desde hace ya un tiempo en la campa\u00f1a de Lucas Fal, no solo estamos quienes militamos en el radicalismo local, sino que se han sumado muchos j\u00f3venes independientes, que esperan un cambio para la ciudad. Hemos realizado muchas reuniones con chicos de la ciudad y vemos que los j\u00f3venes necesitan espacios propios, empleo, participar activamente de la ciudad, y notamos que en la juventud hay gran capacidad para poder llevar adelante proyectos propios y estamos convencidos de que Lucas es un excelente candidato y es quien puede darle a ese sector de la sociedad todo lo que necesitan, y que antes nombraba.<\/p>\n<p>Adem\u00e1s creemos que es el m\u00e1s capacitado para ser Intendente, no solo pol\u00edticamente y personal, sino que es el \u00fanico que le habla a los j\u00f3venes de proyectos, cre\u00edbles y viables, que se puede desde el municipio, en oposici\u00f3n a otros candidatos que han prometido mucho y poco han hecho, por eso como mensaje a los j\u00f3venes les quisiera decir que nos acompa\u00f1en el 9 de agosto, ya que somos la \u00fanica alternativa real en la ciudad\u201d expresaba el joven candidato a ser concejero escolar.<\/p>\n<p>Tambi\u00e9n se refiri\u00f3 a que desde la JR colaboraran activamente en el acto que se realizar\u00e1 el pr\u00f3ximo viernes 24 en el Club Quilmes, \u201call\u00ed estaremos colaborando y poniendo el cuerpo con el acto, como lo hacemos durante toda la campa\u00f1a de Lucas, vamos a estar en el acto escuchando las ideas de gobierno que Fal le va a presentar a toda la ciudadan\u00eda, as\u00ed que estamos esperanzados de que mucho mercedinos concurran, porque es poco com\u00fan escuchar un candidato que le explique a la sociedad cu\u00e1les son sus ideas para gobernarnos\u201d finaliz\u00f3 Biagini.<\/p>\n<p>&nbsp;<\/p>\n","protected":false},"excerpt":{"rendered":"<p>Lo remarco su presidente, Esteban Biagini, quien integra la lista de candidatos a concejeros escolares en segundo t\u00e9rmino, adem\u00e1s trabajan &#8230; <a title=\"La Juventud Radical contin\u00faa trabajando para que Fal sea el pr\u00f3ximo Intendente\" class=\"read-more\" href=\"https:\/\/www.hoymercedes.com.ar\/principal\/2015\/07\/23\/la-juventud-radical-continua-trabajando-para-que-fal-sea-el-proximo-intendente\/\" aria-label=\"Leer m\u00e1s sobre La Juventud Radical contin\u00faa trabajando para que Fal sea el pr\u00f3ximo Intendente\">Leer m\u00e1s<\/a><\/p>\n","protected":false},"author":1,"featured_media":43319,"comment_status":"open","ping_status":"open","sticky":false,"template":"","format":"standard","meta":{"_monsterinsights_skip_tracking":false,"_monsterinsights_sitenote_active":false,"_monsterinsights_sitenote_note":"","_monsterinsights_sitenote_category":0,"jetpack_post_was_ever_published":false,"_jetpack_newsletter_access":"","_jetpack_dont_email_post_to_subs":false,"_jetpack_newsletter_tier_id":0,"_jetpack_memberships_contains_paywalled_content":false,"_jetpack_memberships_contains_paid_content":false,"footnotes":"","jetpack_publicize_message":"","jetpack_publicize_feature_enabled":true,"jetpack_social_post_already_shared":true,"jetpack_social_options":{"image_generator_settings":{"template":"highway","default_image_id":0,"font":"","enabled":false},"version":2},"_wpas_customize_per_network":false},"categories":[5],"tags":[2008,7045],"class_list":["post-43318","post","type-post","status-publish","format-standard","has-post-thumbnail","hentry","category-politica","tag-lucas-fal","tag-ucr-pro","generate-columns","tablet-grid-50","mobile-grid-100","grid-parent","grid-50"],"jetpack_publicize_connections":[],"jetpack_featured_media_url":"https:\/\/www.hoymercedes.com.ar\/principal\/wp-content\/uploads\/2015\/07\/juventud-radical.jpg","wps_subtitle":"Elecciones 2015","jetpack_sharing_enabled":true,"jetpack-related-posts":[{"id":170469,"url":"https:\/\/www.hoymercedes.com.ar\/principal\/2023\/12\/09\/calle-y-paseo-en-homenaje-a-lucas-fal\/","url_meta":{"origin":43318,"position":0},"title":"Calle y paseo en homenaje a Lucas Fal","author":"hoymercedes","date":"9 diciembre, 2023","format":false,"excerpt":"Durante la ma\u00f1ana de este s\u00e1bado 9 de diciembre, a pocas horas de celebrarse los 40 a\u00f1os de Democracia ininterrumpida en Argentina, en la plaza que est\u00e1 entre las principales estaciones de trenes y que se conoce como Paseo de la Juventud se oficializ\u00f3 la imposici\u00f3n de nombre a la\u2026","rel":"","context":"En \u00abSociedad\u00bb","block_context":{"text":"Sociedad","link":"https:\/\/www.hoymercedes.com.ar\/principal\/category\/sociedad\/"},"img":{"alt_text":"","src":"https:\/\/i0.wp.com\/www.hoymercedes.com.ar\/principal\/wp-content\/uploads\/2023\/12\/pasaje-lucas-fal-1.jpg?resize=350%2C200&ssl=1","width":350,"height":200,"srcset":"https:\/\/i0.wp.com\/www.hoymercedes.com.ar\/principal\/wp-content\/uploads\/2023\/12\/pasaje-lucas-fal-1.jpg?resize=350%2C200&ssl=1 1x, https:\/\/i0.wp.com\/www.hoymercedes.com.ar\/principal\/wp-content\/uploads\/2023\/12\/pasaje-lucas-fal-1.jpg?resize=525%2C300&ssl=1 1.5x, https:\/\/i0.wp.com\/www.hoymercedes.com.ar\/principal\/wp-content\/uploads\/2023\/12\/pasaje-lucas-fal-1.jpg?resize=700%2C400&ssl=1 2x"},"classes":[]},{"id":42371,"url":"https:\/\/www.hoymercedes.com.ar\/principal\/2015\/06\/12\/la-juventud-radical-redobla-sus-esfuerzos-y-brinda-su-total-apoyo-a-la-candidatura-de-lucas-fal\/","url_meta":{"origin":43318,"position":1},"title":"La Juventud Radical redobla sus esfuerzos, y brinda su total apoyo a la candidatura de Lucas Fal","author":"hoymercedes","date":"12 junio, 2015","format":false,"excerpt":"Hace unos a\u00f1os, desde la primera gesti\u00f3n de Oscar Albini como Pte del comit\u00e9 de la UCR, que la Juventud Radical viene trabajando sin parar. Gracias a la apertura y acompa\u00f1amiento del comit\u00e9, es que venimos participando activamente dentro de las decisiones del partido, y trabajando en conjunto para poner\u2026","rel":"","context":"En \u00abCiudad\u00bb","block_context":{"text":"Ciudad","link":"https:\/\/www.hoymercedes.com.ar\/principal\/category\/ciudad\/"},"img":{"alt_text":"","src":"https:\/\/i0.wp.com\/www.hoymercedes.com.ar\/principal\/wp-content\/uploads\/2015\/06\/juventud-radical.jpg?resize=350%2C200&ssl=1","width":350,"height":200,"srcset":"https:\/\/i0.wp.com\/www.hoymercedes.com.ar\/principal\/wp-content\/uploads\/2015\/06\/juventud-radical.jpg?resize=350%2C200&ssl=1 1x, https:\/\/i0.wp.com\/www.hoymercedes.com.ar\/principal\/wp-content\/uploads\/2015\/06\/juventud-radical.jpg?resize=525%2C300&ssl=1 1.5x"},"classes":[]},{"id":149697,"url":"https:\/\/www.hoymercedes.com.ar\/principal\/2022\/06\/22\/proponen-que-el-paseo-de-la-juventud-lleve-el-nombre-de-lucas-fal\/","url_meta":{"origin":43318,"position":2},"title":"Proponen que el Paseo de la Juventud lleve el nombre de Lucas Fal","author":"hoymercedes","date":"22 junio, 2022","format":false,"excerpt":"En un proyecto de ordenanza presentado por el bloque Juntos ante el cuerpo del Concejo Deliberante de Mercedes para ser tratado en las pr\u00f3ximas sesiones, los concejales proponen que la calle 8 entre las calles 29 y 17, donde se preve que funcione el Paseo de la Juventud, lleve el\u2026","rel":"","context":"En \u00abHCD Mercedes\u00bb","block_context":{"text":"HCD Mercedes","link":"https:\/\/www.hoymercedes.com.ar\/principal\/category\/hcd-mercedes\/"},"img":{"alt_text":"","src":"https:\/\/i0.wp.com\/www.hoymercedes.com.ar\/principal\/wp-content\/uploads\/2021\/04\/29-lucas-fal.jpeg?resize=350%2C200&ssl=1","width":350,"height":200},"classes":[]},{"id":131401,"url":"https:\/\/www.hoymercedes.com.ar\/principal\/2021\/06\/07\/la-jr-organiza-nuevo-bingo-virtual-solidario-en-homenaje-a-lucas-fal\/","url_meta":{"origin":43318,"position":3},"title":"La JR organiza nuevo bingo virtual solidario en homenaje a Lucas Fal","author":"hoymercedes","date":"7 junio, 2021","format":false,"excerpt":"Para el viernes 11 de junio, fecha en la que Lucas Fal cumplir\u00eda 45 a\u00f1os, la Juventud Radical organiza un nuevo Bingo Solidario en homenaje al dirigente radical fallecido hace cinco a\u00f1os. Lo recaudado ser\u00e1 destinado al merendero del Barrio Malvinas Argentinas. Los n\u00fameros se pueden comprar solicit\u00e1ndolos a trav\u00e9s\u2026","rel":"","context":"En \u00abSociedad\u00bb","block_context":{"text":"Sociedad","link":"https:\/\/www.hoymercedes.com.ar\/principal\/category\/sociedad\/"},"img":{"alt_text":"","src":"https:\/\/i0.wp.com\/www.hoymercedes.com.ar\/principal\/wp-content\/uploads\/2021\/06\/WhatsApp-Image-2021-06-06-at-17.03.45.jpeg?resize=350%2C200&ssl=1","width":350,"height":200,"srcset":"https:\/\/i0.wp.com\/www.hoymercedes.com.ar\/principal\/wp-content\/uploads\/2021\/06\/WhatsApp-Image-2021-06-06-at-17.03.45.jpeg?resize=350%2C200&ssl=1 1x, https:\/\/i0.wp.com\/www.hoymercedes.com.ar\/principal\/wp-content\/uploads\/2021\/06\/WhatsApp-Image-2021-06-06-at-17.03.45.jpeg?resize=525%2C300&ssl=1 1.5x, https:\/\/i0.wp.com\/www.hoymercedes.com.ar\/principal\/wp-content\/uploads\/2021\/06\/WhatsApp-Image-2021-06-06-at-17.03.45.jpeg?resize=700%2C400&ssl=1 2x"},"classes":[]},{"id":36054,"url":"https:\/\/www.hoymercedes.com.ar\/principal\/2014\/09\/14\/esteban-biagini-desde-la-juventud-de-la-ucr-en-primera-persona\/","url_meta":{"origin":43318,"position":4},"title":"Esteban Biagini, desde la juventud de la UCR, en primera persona","author":"hoymercedes","date":"14 septiembre, 2014","format":false,"excerpt":"Estaban Biagini, flamante presidente de la Uni\u00f3n C\u00edvica Radical de nuestra ciudad, en primera persona, se presenta en sociedad contando un poco de su vida, particularidades y objetivos en el espacio partidario. Estaban Biagini coment\u00f3: Mi nombre es Esteban Biagini, tengo 22 a\u00f1os y soy estudiante. Curso la carrera de\u2026","rel":"","context":"En \u00abPol\u00edtica\u00bb","block_context":{"text":"Pol\u00edtica","link":"https:\/\/www.hoymercedes.com.ar\/principal\/category\/politica\/"},"img":{"alt_text":"EstebanBiaggini","src":"https:\/\/i0.wp.com\/www.hoymercedes.com.ar\/principal\/wp-content\/uploads\/2014\/09\/EstebanBiaggini.jpg?resize=350%2C200","width":350,"height":200,"srcset":"https:\/\/i0.wp.com\/www.hoymercedes.com.ar\/principal\/wp-content\/uploads\/2014\/09\/EstebanBiaggini.jpg?resize=350%2C200 1x, https:\/\/i0.wp.com\/www.hoymercedes.com.ar\/principal\/wp-content\/uploads\/2014\/09\/EstebanBiaggini.jpg?resize=525%2C300 1.5x"},"classes":[]},{"id":129178,"url":"https:\/\/www.hoymercedes.com.ar\/principal\/2021\/04\/29\/la-jr-recuerda-a-lucas-fal-a-5-anos-de-su-fallecimiento\/","url_meta":{"origin":43318,"position":5},"title":"La JR recuerda a Lucas Fal a 5 a\u00f1os de su fallecimiento","author":"hoymercedes","date":"29 abril, 2021","format":false,"excerpt":"Desde la Juventud Radical de Mercedes recordaron al dirigente radical Lucas Fal que falleci\u00f3 hace 5 a\u00f1os. Como gu\u00eda de la l\u00ednea juvenil, evocan al referente pol\u00edtico con las palabras que los inst\u00f3 a seguir en la militancia de la UCR. \"Nuestro recuerdo a Lucas, quien supo ser gu\u00eda y\u2026","rel":"","context":"En \u00abPol\u00edtica\u00bb","block_context":{"text":"Pol\u00edtica","link":"https:\/\/www.hoymercedes.com.ar\/principal\/category\/politica\/"},"img":{"alt_text":"","src":"https:\/\/i0.wp.com\/www.hoymercedes.com.ar\/principal\/wp-content\/uploads\/2021\/04\/29-lucas-fal-JR.jpeg?resize=350%2C200&ssl=1","width":350,"height":200,"srcset":"https:\/\/i0.wp.com\/www.hoymercedes.com.ar\/principal\/wp-content\/uploads\/2021\/04\/29-lucas-fal-JR.jpeg?resize=350%2C200&ssl=1 1x, https:\/\/i0.wp.com\/www.hoymercedes.com.ar\/principal\/wp-content\/uploads\/2021\/04\/29-lucas-fal-JR.jpeg?resize=525%2C300&ssl=1 1.5x, https:\/\/i0.wp.com\/www.hoymercedes.com.ar\/principal\/wp-content\/uploads\/2021\/04\/29-lucas-fal-JR.jpeg?resize=700%2C400&ssl=1 2x, https:\/\/i0.wp.com\/www.hoymercedes.com.ar\/principal\/wp-content\/uploads\/2021\/04\/29-lucas-fal-JR.jpeg?resize=1050%2C600&ssl=1 3x"},"classes":[]}],"_links":{"self":[{"href":"https:\/\/www.hoymercedes.com.ar\/principal\/wp-json\/wp\/v2\/posts\/43318","targetHints":{"allow":["GET"]}}],"collection":[{"href":"https:\/\/www.hoymercedes.com.ar\/principal\/wp-json\/wp\/v2\/posts"}],"about":[{"href":"https:\/\/www.hoymercedes.com.ar\/principal\/wp-json\/wp\/v2\/types\/post"}],"author":[{"embeddable":true,"href":"https:\/\/www.hoymercedes.com.ar\/principal\/wp-json\/wp\/v2\/users\/1"}],"replies":[{"embeddable":true,"href":"https:\/\/www.hoymercedes.com.ar\/principal\/wp-json\/wp\/v2\/comments?post=43318"}],"version-history":[{"count":0,"href":"https:\/\/www.hoymercedes.com.ar\/principal\/wp-json\/wp\/v2\/posts\/43318\/revisions"}],"wp:featuredmedia":[{"embeddable":true,"href":"https:\/\/www.hoymercedes.com.ar\/principal\/wp-json\/wp\/v2\/media\/43319"}],"wp:attachment":[{"href":"https:\/\/www.hoymercedes.com.ar\/principal\/wp-json\/wp\/v2\/media?parent=43318"}],"wp:term":[{"taxonomy":"category","embeddable":true,"href":"https:\/\/www.hoymercedes.com.ar\/principal\/wp-json\/wp\/v2\/categories?post=43318"},{"taxonomy":"post_tag","embeddable":true,"href":"https:\/\/www.hoymercedes.com.ar\/principal\/wp-json\/wp\/v2\/tags?post=43318"}],"curies":[{"name":"wp","href":"https:\/\/api.w.org\/{rel}","templated":true}]}}