{"id":43329,"date":"2015-07-24T14:10:05","date_gmt":"2015-07-24T17:10:05","guid":{"rendered":"http:\/\/www.hoymercedes.com.ar\/principal\/?p=43329"},"modified":"2015-07-26T19:22:42","modified_gmt":"2015-07-26T22:22:42","slug":"juani-y-el-doctor-romero-llevaron-un-perro-de-compania-a-los-abuelos-del-ulises-dandrea","status":"publish","type":"post","link":"https:\/\/www.hoymercedes.com.ar\/principal\/2015\/07\/24\/juani-y-el-doctor-romero-llevaron-un-perro-de-compania-a-los-abuelos-del-ulises-dandrea\/","title":{"rendered":"Juani y el Doctor Romero llevaron un perro de compa\u00f1\u00eda a los abuelos del Ulises D\u2019Andrea"},"content":{"rendered":"<p><a href=\"https:\/\/www.hoymercedes.com.ar\/principal\/wp-content\/uploads\/2015\/07\/perro-guia.jpg\"><img loading=\"lazy\" decoding=\"async\" data-attachment-id=\"43331\" data-permalink=\"https:\/\/www.hoymercedes.com.ar\/principal\/2015\/07\/24\/juani-y-el-doctor-romero-llevaron-un-perro-de-compania-a-los-abuelos-del-ulises-dandrea\/perro-guia\/#main\" data-orig-file=\"https:\/\/www.hoymercedes.com.ar\/principal\/wp-content\/uploads\/2015\/07\/perro-guia.jpg\" data-orig-size=\"620,412\" data-comments-opened=\"1\" data-image-meta=\"{&quot;aperture&quot;:&quot;0&quot;,&quot;credit&quot;:&quot;Moreira Mario Hugo&quot;,&quot;camera&quot;:&quot;&quot;,&quot;caption&quot;:&quot;&quot;,&quot;created_timestamp&quot;:&quot;0&quot;,&quot;copyright&quot;:&quot;Moreira Mario Hugo&quot;,&quot;focal_length&quot;:&quot;0&quot;,&quot;iso&quot;:&quot;0&quot;,&quot;shutter_speed&quot;:&quot;0&quot;,&quot;title&quot;:&quot;&quot;,&quot;orientation&quot;:&quot;0&quot;}\" data-image-title=\"perro-guia\" data-image-description=\"\" data-image-caption=\"\" data-large-file=\"https:\/\/www.hoymercedes.com.ar\/principal\/wp-content\/uploads\/2015\/07\/perro-guia.jpg\" class=\"Img2014 aligncenter wp-image-43331 size-full\" src=\"https:\/\/www.hoymercedes.com.ar\/principal\/wp-content\/uploads\/2015\/07\/perro-guia.jpg\" alt=\"perro-guia\" width=\"620\" height=\"412\" srcset=\"https:\/\/www.hoymercedes.com.ar\/principal\/wp-content\/uploads\/2015\/07\/perro-guia.jpg 620w, https:\/\/www.hoymercedes.com.ar\/principal\/wp-content\/uploads\/2015\/07\/perro-guia-150x100.jpg 150w, https:\/\/www.hoymercedes.com.ar\/principal\/wp-content\/uploads\/2015\/07\/perro-guia-290x193.jpg 290w, https:\/\/www.hoymercedes.com.ar\/principal\/wp-content\/uploads\/2015\/07\/perro-guia-50x33.jpg 50w\" sizes=\"auto, (max-width: 620px) 100vw, 620px\" \/><\/a><\/p>\n<p><em><strong>Los abuelos del Hogar Ulises D\u2019Andrea recibieron este jueves una sorpresa original: un perro de compa\u00f1\u00eda, adiestrado especialmente, y que fue llevado por el prestigioso veterinario Enrique Romero y el presidente del bloque de concejales y precandidato a intendente del Frente Mercedino para la Victoria, Juan Ignacio Ustarroz.<\/strong><\/em><\/p>\n<p>\u201cParecen cosas peque\u00f1as pero son muy grandes \u2013cont\u00f3 Juani-. Es darles a los abuelos de este hogar otro motivo para estar contentos, para vivir mejor\u201d.<\/p>\n<p>La mascota, una hembra llamada Tinta, lleg\u00f3 en el marco del trabajo conjunto que vienen realizando el Frente Mercedino y el doctor Romero a trav\u00e9s del programa Pro-Tenencia responsable de perros y gatos, con el que ya han recorrido much\u00edsimos puntos de la ciudad con castraciones y vacunaci\u00f3n gratuitas.<\/p>\n<p>En el acto del jueves tambi\u00e9n estuvieron presentes el director del hospital Blas Lorenzo Dubarry (del que depende el hogar Ulises D\u2019Andrea); el director de la delegaci\u00f3n local del PAMI y primer precandidato a concejal por el FMpV, Mat\u00edas Dematei; y el equipo de adiestradores de perros del Servicio Penitenciario de la Polic\u00eda Federal Argentina.<\/p>\n<p>Tinta, cont\u00f3 Romero, fue rescatado en la localidad El Chalt\u00e9n: \u201cLo ten\u00eda un hombre junto con otros 50 perros. Fuimos con un psic\u00f3logo de Pro-Tenencia y entendi\u00f3 que lo mejor era entregar las mascotas. Los trajimos a Buenos Aires, Gendarmer\u00eda los custodi\u00f3 y finalmente los ubicamos a todos\u201d.<\/p>\n<p>\u201cCuatro, entre ellos Tinta, fueron ubicados en un programa del Servicio Penitenciario que se cre\u00f3 hace cinco a\u00f1os y en que son los propios internos los que adiestran a los perros para ayudar a personas con discapacidad\u201d, agreg\u00f3 el prestigioso veterinario.<\/p>\n<p>La mascota, explic\u00f3 Romero, \u201cest\u00e1 adiestrada para relacionarse con la gente desde el cari\u00f1o, desde la posibilidad de ayudarlos, desde la solidaridad\u201d. Y agreg\u00f3: \u201cEste perro fue adiestrado con personas privadas de la libertad que lograron conectarse con lo m\u00e1s lindo, que te despiertan los mejores sentimientos y eso puede transmitirse\u201d.<\/p>\n<p>Para Ustarroz, \u201cpoder articular lo que es la inclusi\u00f3n social y laboral de las personas privadas de la libertad con la importancia de la integraci\u00f3n de estas personas con discapacidad motriz es algo inmenso. Estamos muy contentos de poder llegar a este hogar para traer una alegr\u00eda como esta\u201d, complet\u00f3.<\/p>\n<p>Finalmente, Pr\u00edncipi record\u00f3: \u201cEste hogar fue construido gracias a gestiones realizadas por Alicia Kirchner desde el Ministerio de Desarrollo Social; este lugar era solo tierra y me emociona mucho ver c\u00f3mo ha crecido\u201d.<\/p>\n","protected":false},"excerpt":{"rendered":"<p>Los abuelos del Hogar Ulises D\u2019Andrea recibieron este jueves una sorpresa original: un perro de compa\u00f1\u00eda, adiestrado especialmente, y que &#8230; <a title=\"Juani y el Doctor Romero llevaron un perro de compa\u00f1\u00eda a los abuelos del Ulises D\u2019Andrea\" class=\"read-more\" href=\"https:\/\/www.hoymercedes.com.ar\/principal\/2015\/07\/24\/juani-y-el-doctor-romero-llevaron-un-perro-de-compania-a-los-abuelos-del-ulises-dandrea\/\" aria-label=\"Leer m\u00e1s sobre Juani y el Doctor Romero llevaron un perro de compa\u00f1\u00eda a los abuelos del Ulises D\u2019Andrea\">Leer m\u00e1s<\/a><\/p>\n","protected":false},"author":1,"featured_media":43331,"comment_status":"open","ping_status":"open","sticky":false,"template":"","format":"standard","meta":{"_monsterinsights_skip_tracking":false,"_monsterinsights_sitenote_active":false,"_monsterinsights_sitenote_note":"","_monsterinsights_sitenote_category":0,"jetpack_post_was_ever_published":false,"_jetpack_newsletter_access":"","_jetpack_dont_email_post_to_subs":false,"_jetpack_newsletter_tier_id":0,"_jetpack_memberships_contains_paywalled_content":false,"_jetpack_memberships_contains_paid_content":false,"footnotes":"","jetpack_publicize_message":"","jetpack_publicize_feature_enabled":true,"jetpack_social_post_already_shared":true,"jetpack_social_options":{"image_generator_settings":{"template":"highway","default_image_id":0,"font":"","enabled":false},"version":2},"_wpas_customize_per_network":false},"categories":[11],"tags":[7671,7670],"class_list":["post-43329","post","type-post","status-publish","format-standard","has-post-thumbnail","hentry","category-ciudad","tag-juani-y-el-doctor-romero-llevaron-un-perro-de-compania-a-los-abuelos-del-ulises-dandrea","tag-perro-guia","generate-columns","tablet-grid-50","mobile-grid-100","grid-parent","grid-50"],"jetpack_publicize_connections":[],"jetpack_featured_media_url":"https:\/\/www.hoymercedes.com.ar\/principal\/wp-content\/uploads\/2015\/07\/perro-guia.jpg","wps_subtitle":"Beneficio social","jetpack_sharing_enabled":true,"_links":{"self":[{"href":"https:\/\/www.hoymercedes.com.ar\/principal\/wp-json\/wp\/v2\/posts\/43329","targetHints":{"allow":["GET"]}}],"collection":[{"href":"https:\/\/www.hoymercedes.com.ar\/principal\/wp-json\/wp\/v2\/posts"}],"about":[{"href":"https:\/\/www.hoymercedes.com.ar\/principal\/wp-json\/wp\/v2\/types\/post"}],"author":[{"embeddable":true,"href":"https:\/\/www.hoymercedes.com.ar\/principal\/wp-json\/wp\/v2\/users\/1"}],"replies":[{"embeddable":true,"href":"https:\/\/www.hoymercedes.com.ar\/principal\/wp-json\/wp\/v2\/comments?post=43329"}],"version-history":[{"count":0,"href":"https:\/\/www.hoymercedes.com.ar\/principal\/wp-json\/wp\/v2\/posts\/43329\/revisions"}],"wp:featuredmedia":[{"embeddable":true,"href":"https:\/\/www.hoymercedes.com.ar\/principal\/wp-json\/wp\/v2\/media\/43331"}],"wp:attachment":[{"href":"https:\/\/www.hoymercedes.com.ar\/principal\/wp-json\/wp\/v2\/media?parent=43329"}],"wp:term":[{"taxonomy":"category","embeddable":true,"href":"https:\/\/www.hoymercedes.com.ar\/principal\/wp-json\/wp\/v2\/categories?post=43329"},{"taxonomy":"post_tag","embeddable":true,"href":"https:\/\/www.hoymercedes.com.ar\/principal\/wp-json\/wp\/v2\/tags?post=43329"}],"curies":[{"name":"wp","href":"https:\/\/api.w.org\/{rel}","templated":true}]}}