{"id":4333,"date":"2011-05-18T02:08:07","date_gmt":"2011-05-18T02:08:07","guid":{"rendered":"http:\/\/www.hoymercedes.com.ar\/principal\/?p=4333"},"modified":"2011-05-18T02:08:07","modified_gmt":"2011-05-18T02:08:07","slug":"expectativa-por-la-noche-de-los-museos-en-nuestra-ciudad","status":"publish","type":"post","link":"https:\/\/www.hoymercedes.com.ar\/principal\/2011\/05\/18\/expectativa-por-la-noche-de-los-museos-en-nuestra-ciudad\/","title":{"rendered":"Expectativa por \u00abLa Noche de los Museos\u00bb en nuestra ciudad"},"content":{"rendered":"<p>Este mi\u00e9rcoles guiados  por lo dispuesto a nivel mundial de declarar al mes de mayo el mes Internacional de los Museos se llevar\u00e1 a cabo en Mercedes la celebraci\u00f3n del D\u00eda de los Museos como una manera de adherir a la celebraci\u00f3n mundial por lo cual desde las 19.oo se llevar\u00e1n a cabo diferentes eventos<\/p>\n<p>Integrantes de la Direcci\u00f3n de Cultura y Educaci\u00f3n del municipio expresaron \u201ceste es el tercer a\u00f1o que trabajamos en la Noche de los Museos generando una experiencia muy grata en el sentido en el que a\u00f1o tras a\u00f1o se fueron incorporando cosas realmente importantes como por ejemplo este a\u00f1o que incorporaremos al Teatro Intendente Julio C\u00e9sar Gioscio dentro de las actividades que hemos propuesto y que se desarrollar\u00e1n como ya se ha informado este mi\u00e9rcoles a partir de las 19.00 con la inauguraci\u00f3n oficial en el Complejo Ameghino Mar\u00edn con la inauguraci\u00f3n de una muestra  muy importante que ha llegado desde la provincia de Catamarca que realmente no se la deber\u00eda perder nadie, tendremos la participaci\u00f3n del Grupo De Nuevo Estoy de Vuelta que es un D\u00fao musical que estuvo  mostrando su arte en Jap\u00f3n con el mercedino Javier Guerra que est\u00e1 residiendo en Buenos Aires.<\/p>\n<p>A partir de dicho horario y de manera simult\u00e1nea se abrir\u00e1n los restantes espacios como ser la Biblioteca Domingo Faustino Sarmiento que  har\u00e1 un exposici\u00f3n de escultura y  bustos muy interesante, el Museo Miguez que estar\u00e1 participando con una muestra que tiene que ver con la Historia de la Educaci\u00f3n presentando muchos documentos te\u00f3ricos que han sido pare de este gran contexto educativo y a partir de las 21.00  la interpretaci\u00f3n de Gabriela Lorusso con un unipersonal recreando la vida de un integrante de la familia del Dr, V\u00edctor M\u00edguez y luego participar\u00e1n una banda de swing que se presentar\u00e1 en el Teatro Argentino que ser\u00e1 el lugar donde se congregar\u00e1 todo el publico que fue recorriendo los diferentes museos donde estaremos cerrando la noche\u201d.<\/p>\n<p>M\u00e1s adelante agregaron \u201ccreo que estamos ante la gran posibilidad que sea la familia completa la que salga para hacer la recorrida y as\u00ed ver lo que muchas veces por falta de tiempo dadas las ocupaciones diarias de un grupo familiar, no se han podido concretar hasta el momento.<\/p>\n<p>Los Museos encierran cosas muy lindas y significativas para la historia, la cultura y la vida de las comunidades y es bueno conocerlo teniendo en cuenta que todo lo que podremos ver este mi\u00e9rcoles es libre y gratuito. La idea en s\u00ed es justamente que muchos padres puedan conocer lo que sus hijos ya conocen porque han concurrido con las escuelas y la utilizaci\u00f3n este a\u00f1o de espect\u00e1culos musicales o interpretativo, otros a\u00f1os fue con charlas efectuadas por prestigiosos disertantes, es para que la gente venga y as\u00ed tambi\u00e9n recorre los diferentes lugares, salas y otras dependencias de cada uno de nuestros museos.<\/p>\n<p>Por suerte desde la Provincia de Buenos Aires se ha impulsado en toda el territorio bonaerense la realizaci\u00f3n de este tipo de eventos a lo largo del mes de mayo y nosotros hemos trabajando mucho para poder elaborar lo que presentaremos, una noche donde se puede sentir hasta un clima muy especial en el ambiente art\u00edstico de la ciudad.<\/p>\n<p>Tambi\u00e9n hay que tener en cuenta que para este a\u00f1o 2011, la Organizaci\u00f3n Mundial de   Museos ha seleccionado para la celebraci\u00f3n del D\u00eda de los Museos la frase o el lema \u201cMuseos y Memoria\u201d como disparador principal de los diferentes encuentros que se lleven a cabo en todo el mundo y sobre ello es que nosotros hemos estado trabajando<\/p>\n","protected":false},"excerpt":{"rendered":"<p>Este mi\u00e9rcoles guiados por lo dispuesto a nivel mundial de declarar al mes de mayo el mes Internacional de los &#8230; <a title=\"Expectativa por \u00abLa Noche de los Museos\u00bb en nuestra ciudad\" class=\"read-more\" href=\"https:\/\/www.hoymercedes.com.ar\/principal\/2011\/05\/18\/expectativa-por-la-noche-de-los-museos-en-nuestra-ciudad\/\" aria-label=\"Leer m\u00e1s sobre Expectativa por \u00abLa Noche de los Museos\u00bb en nuestra ciudad\">Leer m\u00e1s<\/a><\/p>\n","protected":false},"author":1,"featured_media":0,"comment_status":"open","ping_status":"open","sticky":false,"template":"","format":"standard","meta":{"_monsterinsights_skip_tracking":false,"_monsterinsights_sitenote_active":false,"_monsterinsights_sitenote_note":"","_monsterinsights_sitenote_category":0,"jetpack_post_was_ever_published":false,"_jetpack_newsletter_access":"","_jetpack_dont_email_post_to_subs":false,"_jetpack_newsletter_tier_id":0,"_jetpack_memberships_contains_paywalled_content":false,"_jetpack_memberships_contains_paid_content":false,"footnotes":"","jetpack_publicize_message":"","jetpack_publicize_feature_enabled":true,"jetpack_social_post_already_shared":false,"jetpack_social_options":{"image_generator_settings":{"template":"highway","default_image_id":0,"font":"","enabled":false},"version":2},"_wpas_customize_per_network":false},"categories":[30],"tags":[787],"class_list":["post-4333","post","type-post","status-publish","format-standard","hentry","category-municipio","tag-noche-de-los-museos-mercedes","generate-columns","tablet-grid-50","mobile-grid-100","grid-parent","grid-50"],"jetpack_publicize_connections":[],"jetpack_featured_media_url":"","wps_subtitle":"","jetpack_sharing_enabled":true,"_links":{"self":[{"href":"https:\/\/www.hoymercedes.com.ar\/principal\/wp-json\/wp\/v2\/posts\/4333","targetHints":{"allow":["GET"]}}],"collection":[{"href":"https:\/\/www.hoymercedes.com.ar\/principal\/wp-json\/wp\/v2\/posts"}],"about":[{"href":"https:\/\/www.hoymercedes.com.ar\/principal\/wp-json\/wp\/v2\/types\/post"}],"author":[{"embeddable":true,"href":"https:\/\/www.hoymercedes.com.ar\/principal\/wp-json\/wp\/v2\/users\/1"}],"replies":[{"embeddable":true,"href":"https:\/\/www.hoymercedes.com.ar\/principal\/wp-json\/wp\/v2\/comments?post=4333"}],"version-history":[{"count":0,"href":"https:\/\/www.hoymercedes.com.ar\/principal\/wp-json\/wp\/v2\/posts\/4333\/revisions"}],"wp:attachment":[{"href":"https:\/\/www.hoymercedes.com.ar\/principal\/wp-json\/wp\/v2\/media?parent=4333"}],"wp:term":[{"taxonomy":"category","embeddable":true,"href":"https:\/\/www.hoymercedes.com.ar\/principal\/wp-json\/wp\/v2\/categories?post=4333"},{"taxonomy":"post_tag","embeddable":true,"href":"https:\/\/www.hoymercedes.com.ar\/principal\/wp-json\/wp\/v2\/tags?post=4333"}],"curies":[{"name":"wp","href":"https:\/\/api.w.org\/{rel}","templated":true}]}}