{"id":43335,"date":"2015-07-25T14:50:03","date_gmt":"2015-07-25T17:50:03","guid":{"rendered":"http:\/\/www.hoymercedes.com.ar\/principal\/?p=43335"},"modified":"2015-07-27T09:52:10","modified_gmt":"2015-07-27T12:52:10","slug":"lucas-fal-realizo-acto-en-el-quilmes-con-importante-participacion-y-apoyo","status":"publish","type":"post","link":"https:\/\/www.hoymercedes.com.ar\/principal\/2015\/07\/25\/lucas-fal-realizo-acto-en-el-quilmes-con-importante-participacion-y-apoyo\/","title":{"rendered":"Lucas Fal realiz\u00f3 acto en el Quilmes con importante participaci\u00f3n y apoyo"},"content":{"rendered":"<p><a href=\"https:\/\/www.hoymercedes.com.ar\/principal\/wp-content\/uploads\/2015\/07\/acto-fal.jpg\"><img loading=\"lazy\" decoding=\"async\" data-attachment-id=\"43336\" data-permalink=\"https:\/\/www.hoymercedes.com.ar\/principal\/2015\/07\/25\/lucas-fal-realizo-acto-en-el-quilmes-con-importante-participacion-y-apoyo\/acto-fal\/#main\" data-orig-file=\"https:\/\/www.hoymercedes.com.ar\/principal\/wp-content\/uploads\/2015\/07\/acto-fal.jpg\" data-orig-size=\"620,412\" data-comments-opened=\"1\" data-image-meta=\"{&quot;aperture&quot;:&quot;0&quot;,&quot;credit&quot;:&quot;&quot;,&quot;camera&quot;:&quot;&quot;,&quot;caption&quot;:&quot;&quot;,&quot;created_timestamp&quot;:&quot;0&quot;,&quot;copyright&quot;:&quot;&quot;,&quot;focal_length&quot;:&quot;0&quot;,&quot;iso&quot;:&quot;0&quot;,&quot;shutter_speed&quot;:&quot;0&quot;,&quot;title&quot;:&quot;&quot;,&quot;orientation&quot;:&quot;0&quot;}\" data-image-title=\"acto-fal\" data-image-description=\"\" data-image-caption=\"\" data-large-file=\"https:\/\/www.hoymercedes.com.ar\/principal\/wp-content\/uploads\/2015\/07\/acto-fal.jpg\" class=\"Img2011 aligncenter wp-image-43336 size-full\" title=\"Lucas Fal 2014\" src=\"https:\/\/www.hoymercedes.com.ar\/principal\/wp-content\/uploads\/2015\/07\/acto-fal.jpg\" alt=\"acto-fal\" width=\"620\" height=\"412\" srcset=\"https:\/\/www.hoymercedes.com.ar\/principal\/wp-content\/uploads\/2015\/07\/acto-fal.jpg 620w, https:\/\/www.hoymercedes.com.ar\/principal\/wp-content\/uploads\/2015\/07\/acto-fal-150x100.jpg 150w, https:\/\/www.hoymercedes.com.ar\/principal\/wp-content\/uploads\/2015\/07\/acto-fal-290x193.jpg 290w, https:\/\/www.hoymercedes.com.ar\/principal\/wp-content\/uploads\/2015\/07\/acto-fal-50x33.jpg 50w\" sizes=\"auto, (max-width: 620px) 100vw, 620px\" \/><\/a><\/p>\n<p><em><strong>El candidato a Intendente del frente cambiemos, presento sus ideas de gobierno de cara a las pr\u00f3ximas elecciones, se dieron cita casi mil vecinos. \u201ctengan la certeza que si ganamos el 9 de agosto\u00a0 se le cae los pantalones los chicos de la campora,\u00a0 porque le vamos a ganar las elecciones el 25 de octubre\u201d dijo.<\/strong><\/em><\/p>\n<p>&nbsp;<\/p>\n<p>Cerca de las 21 horas dio comienzo el acto en el gimnasio del Club Quilmes, en donde casi mil mercedinos se dieron cita para escuchar a Fal, que fue el \u00fanico orador de la noche. El acto se inicio cuando ingresaron alrededor de 50 j\u00f3venes de la Juventud Radical, con banderas, bombos y c\u00e1nticos a favor de quien aspira a ser jefe comunal. Luego se proyecto un video con un centenar de fotos de lo que fue la campa\u00f1a de Lucas Fal, que se iniciara all\u00e1 por finales de agosto del a\u00f1o anterior.<\/p>\n<p>Para que despu\u00e9s y en un clima con sabor a victoria, Fal subiera al escenario, y le hablara a los presentes. En primer t\u00e9rmino agradeci\u00f3 el apoyo, de amigos, colaboradores y candidatos para realizar el acto. Para posteriormente comenzar a desarrollar las ideas de gobierno, en un tono pausado, de claridad, pero a la vez contundente en sus dichos, el Bio Ingeniero, destaco entre sus proyectos, la realizaci\u00f3n de un camino de artesanos en calle 8 entre 17 a 27, la implementaci\u00f3n de gps a los m\u00f3viles municipales, temas centrales como medio ambiente, seguridad, salud, transporte publico de pasajeros; todos ellos fueron escuchados y aplaudidos por los presentes.<\/p>\n<p><a href=\"https:\/\/www.hoymercedes.com.ar\/principal\/wp-content\/uploads\/2015\/07\/acto-fal-2.jpg\"><img loading=\"lazy\" decoding=\"async\" data-attachment-id=\"43338\" data-permalink=\"https:\/\/www.hoymercedes.com.ar\/principal\/2015\/07\/25\/lucas-fal-realizo-acto-en-el-quilmes-con-importante-participacion-y-apoyo\/acto-fal-2\/#main\" data-orig-file=\"https:\/\/www.hoymercedes.com.ar\/principal\/wp-content\/uploads\/2015\/07\/acto-fal-2.jpg\" data-orig-size=\"620,275\" data-comments-opened=\"1\" data-image-meta=\"{&quot;aperture&quot;:&quot;0&quot;,&quot;credit&quot;:&quot;&quot;,&quot;camera&quot;:&quot;&quot;,&quot;caption&quot;:&quot;&quot;,&quot;created_timestamp&quot;:&quot;0&quot;,&quot;copyright&quot;:&quot;&quot;,&quot;focal_length&quot;:&quot;0&quot;,&quot;iso&quot;:&quot;0&quot;,&quot;shutter_speed&quot;:&quot;0&quot;,&quot;title&quot;:&quot;&quot;,&quot;orientation&quot;:&quot;0&quot;}\" data-image-title=\"acto-fal-2\" data-image-description=\"\" data-image-caption=\"\" data-large-file=\"https:\/\/www.hoymercedes.com.ar\/principal\/wp-content\/uploads\/2015\/07\/acto-fal-2.jpg\" class=\"Img2014 aligncenter wp-image-43338 size-full\" src=\"https:\/\/www.hoymercedes.com.ar\/principal\/wp-content\/uploads\/2015\/07\/acto-fal-2.jpg\" alt=\"acto-fal-2\" width=\"620\" height=\"275\" srcset=\"https:\/\/www.hoymercedes.com.ar\/principal\/wp-content\/uploads\/2015\/07\/acto-fal-2.jpg 620w, https:\/\/www.hoymercedes.com.ar\/principal\/wp-content\/uploads\/2015\/07\/acto-fal-2-150x67.jpg 150w, https:\/\/www.hoymercedes.com.ar\/principal\/wp-content\/uploads\/2015\/07\/acto-fal-2-290x129.jpg 290w, https:\/\/www.hoymercedes.com.ar\/principal\/wp-content\/uploads\/2015\/07\/acto-fal-2-50x22.jpg 50w\" sizes=\"auto, (max-width: 620px) 100vw, 620px\" \/><\/a><\/p>\n<p>En el final Lucas dijo \u201clo que les pedimos, es que hoy sepan, que cada uno de ustedes es una gota de un diluvio que no va a poder parar, y se los digo con certezas, hace algunos meses atr\u00e1s \u00e9ramos un pu\u00f1ado de amigos que quer\u00edamos gobernar la ciudad, hoy nos tenemos que hacer cargo de la voluntad popular de la ciudad de Mercedes que no quiere que los siga gobernando la prepotencia, la politica se debe ejercer con valores, la pol\u00edtica no es caja, ni su manejo, no debemos acostumbrarnos a ello.\u00a0 Lo que les pido a ustedes es que les comenten a sus amigos, vecinos y a toda la gente, que el 9 de agosto hay un grupo de gente que esta dispuesta a dejar parte de su vida, parte de su tiempo\u00a0 y su pasi\u00f3n, para gobernar la ciudad, tengan la certeza que si ganamos el 9 de agosto\u00a0 se le cae los pantalones los chicos de la campora,\u00a0 porque le vamos a ganar las elecciones el 25 de octubre. Tambi\u00e9n tengan la certeza que nos van a tirar con cascotazos y les vamos a poner el pecho para gobernar la ciudad de Mercedes, much\u00edsimas gracias, vamos con la pol\u00edtica, vamos con los valores\u201d finalizo en un tono euf\u00f3rico que levanto a todo el colmado Quilmes, que canto por Lucas Intendente.-<\/p>\n","protected":false},"excerpt":{"rendered":"<p>El candidato a Intendente del frente cambiemos, presento sus ideas de gobierno de cara a las pr\u00f3ximas elecciones, se dieron &#8230; <a title=\"Lucas Fal realiz\u00f3 acto en el Quilmes con importante participaci\u00f3n y apoyo\" class=\"read-more\" href=\"https:\/\/www.hoymercedes.com.ar\/principal\/2015\/07\/25\/lucas-fal-realizo-acto-en-el-quilmes-con-importante-participacion-y-apoyo\/\" aria-label=\"Leer m\u00e1s sobre Lucas Fal realiz\u00f3 acto en el Quilmes con importante participaci\u00f3n y apoyo\">Leer m\u00e1s<\/a><\/p>\n","protected":false},"author":1,"featured_media":43336,"comment_status":"open","ping_status":"open","sticky":false,"template":"","format":"standard","meta":{"_monsterinsights_skip_tracking":false,"_monsterinsights_sitenote_active":false,"_monsterinsights_sitenote_note":"","_monsterinsights_sitenote_category":0,"jetpack_post_was_ever_published":false,"_jetpack_newsletter_access":"","_jetpack_dont_email_post_to_subs":false,"_jetpack_newsletter_tier_id":0,"_jetpack_memberships_contains_paywalled_content":false,"_jetpack_memberships_contains_paid_content":false,"footnotes":"","jetpack_publicize_message":"","jetpack_publicize_feature_enabled":true,"jetpack_social_post_already_shared":true,"jetpack_social_options":{"image_generator_settings":{"template":"highway","default_image_id":0,"font":"","enabled":false},"version":2},"_wpas_customize_per_network":false},"categories":[5],"tags":[7626,2008],"class_list":["post-43335","post","type-post","status-publish","format-standard","has-post-thumbnail","hentry","category-politica","tag-elecciones-2015","tag-lucas-fal","generate-columns","tablet-grid-50","mobile-grid-100","grid-parent","grid-50"],"jetpack_publicize_connections":[],"jetpack_featured_media_url":"https:\/\/www.hoymercedes.com.ar\/principal\/wp-content\/uploads\/2015\/07\/acto-fal.jpg","wps_subtitle":"Elecciones 201","jetpack_sharing_enabled":true,"jetpack-related-posts":[{"id":170469,"url":"https:\/\/www.hoymercedes.com.ar\/principal\/2023\/12\/09\/calle-y-paseo-en-homenaje-a-lucas-fal\/","url_meta":{"origin":43335,"position":0},"title":"Calle y paseo en homenaje a Lucas Fal","author":"hoymercedes","date":"9 diciembre, 2023","format":false,"excerpt":"Durante la ma\u00f1ana de este s\u00e1bado 9 de diciembre, a pocas horas de celebrarse los 40 a\u00f1os de Democracia ininterrumpida en Argentina, en la plaza que est\u00e1 entre las principales estaciones de trenes y que se conoce como Paseo de la Juventud se oficializ\u00f3 la imposici\u00f3n de nombre a la\u2026","rel":"","context":"En \u00abSociedad\u00bb","block_context":{"text":"Sociedad","link":"https:\/\/www.hoymercedes.com.ar\/principal\/category\/sociedad\/"},"img":{"alt_text":"","src":"https:\/\/i0.wp.com\/www.hoymercedes.com.ar\/principal\/wp-content\/uploads\/2023\/12\/pasaje-lucas-fal-1.jpg?resize=350%2C200&ssl=1","width":350,"height":200,"srcset":"https:\/\/i0.wp.com\/www.hoymercedes.com.ar\/principal\/wp-content\/uploads\/2023\/12\/pasaje-lucas-fal-1.jpg?resize=350%2C200&ssl=1 1x, https:\/\/i0.wp.com\/www.hoymercedes.com.ar\/principal\/wp-content\/uploads\/2023\/12\/pasaje-lucas-fal-1.jpg?resize=525%2C300&ssl=1 1.5x, https:\/\/i0.wp.com\/www.hoymercedes.com.ar\/principal\/wp-content\/uploads\/2023\/12\/pasaje-lucas-fal-1.jpg?resize=700%2C400&ssl=1 2x"},"classes":[]},{"id":45370,"url":"https:\/\/www.hoymercedes.com.ar\/principal\/2015\/10\/17\/lucas-fal-cerro-su-campana-ante-una-multitud-en-el-club-quilmes\/","url_meta":{"origin":43335,"position":1},"title":"Lucas Fal cerr\u00f3 su campa\u00f1a ante una multitud en el Club Quilmes","author":"hoymercedes","date":"17 octubre, 2015","format":false,"excerpt":"El viernes por la noche en el Club Quilmes el candidato del Frente Cambiemos, Lucas Fal, cerr\u00f3 su campa\u00f1a a intendente bajo un marco de p\u00fablico destacable que logr\u00f3 reunir a distintos sectores del espacio en el que se emergi\u00f3 tras ganar la interna de las \u00faltimas PASO. Juventud, globos,\u2026","rel":"","context":"En \u00abPol\u00edtica\u00bb","block_context":{"text":"Pol\u00edtica","link":"https:\/\/www.hoymercedes.com.ar\/principal\/category\/politica\/"},"img":{"alt_text":"","src":"https:\/\/i0.wp.com\/www.hoymercedes.com.ar\/principal\/wp-content\/uploads\/2015\/10\/fal-cierredecampa%C3%B1a-2015-1.jpg?resize=350%2C200&ssl=1","width":350,"height":200,"srcset":"https:\/\/i0.wp.com\/www.hoymercedes.com.ar\/principal\/wp-content\/uploads\/2015\/10\/fal-cierredecampa%C3%B1a-2015-1.jpg?resize=350%2C200&ssl=1 1x, https:\/\/i0.wp.com\/www.hoymercedes.com.ar\/principal\/wp-content\/uploads\/2015\/10\/fal-cierredecampa%C3%B1a-2015-1.jpg?resize=525%2C300&ssl=1 1.5x"},"classes":[]},{"id":128866,"url":"https:\/\/www.hoymercedes.com.ar\/principal\/2021\/04\/25\/el-centro-de-ingenieros-recuerda-a-lucas-fal\/","url_meta":{"origin":43335,"position":2},"title":"El Centro de Ingenieros recuerda a Lucas Fal","author":"hoymercedes","date":"25 abril, 2021","format":false,"excerpt":"El venidero 29 de abril se cumplen cinco a\u00f1os del fallecimiento del Ingeniero Lucas Fal. Desde el Centro de Ingenieros de Mercedes hicieron p\u00fablico un recuerdo que resalta \"el amor a la familia\", su \"capacidad profesional\" y su \"enorme vocaci\u00f3n de servicio\". Cabe recordar que Lucas Fal falleci\u00f3 en abril\u2026","rel":"","context":"En \u00abSociedad\u00bb","block_context":{"text":"Sociedad","link":"https:\/\/www.hoymercedes.com.ar\/principal\/category\/sociedad\/"},"img":{"alt_text":"","src":"https:\/\/i0.wp.com\/www.hoymercedes.com.ar\/principal\/wp-content\/uploads\/2016\/04\/LucasFal.jpg?resize=350%2C200&ssl=1","width":350,"height":200,"srcset":"https:\/\/i0.wp.com\/www.hoymercedes.com.ar\/principal\/wp-content\/uploads\/2016\/04\/LucasFal.jpg?resize=350%2C200&ssl=1 1x, https:\/\/i0.wp.com\/www.hoymercedes.com.ar\/principal\/wp-content\/uploads\/2016\/04\/LucasFal.jpg?resize=525%2C300&ssl=1 1.5x"},"classes":[]},{"id":149697,"url":"https:\/\/www.hoymercedes.com.ar\/principal\/2022\/06\/22\/proponen-que-el-paseo-de-la-juventud-lleve-el-nombre-de-lucas-fal\/","url_meta":{"origin":43335,"position":3},"title":"Proponen que el Paseo de la Juventud lleve el nombre de Lucas Fal","author":"hoymercedes","date":"22 junio, 2022","format":false,"excerpt":"En un proyecto de ordenanza presentado por el bloque Juntos ante el cuerpo del Concejo Deliberante de Mercedes para ser tratado en las pr\u00f3ximas sesiones, los concejales proponen que la calle 8 entre las calles 29 y 17, donde se preve que funcione el Paseo de la Juventud, lleve el\u2026","rel":"","context":"En \u00abHCD Mercedes\u00bb","block_context":{"text":"HCD Mercedes","link":"https:\/\/www.hoymercedes.com.ar\/principal\/category\/hcd-mercedes\/"},"img":{"alt_text":"","src":"https:\/\/i0.wp.com\/www.hoymercedes.com.ar\/principal\/wp-content\/uploads\/2021\/04\/29-lucas-fal.jpeg?resize=350%2C200&ssl=1","width":350,"height":200},"classes":[]},{"id":43318,"url":"https:\/\/www.hoymercedes.com.ar\/principal\/2015\/07\/23\/la-juventud-radical-continua-trabajando-para-que-fal-sea-el-proximo-intendente\/","url_meta":{"origin":43335,"position":4},"title":"La Juventud Radical contin\u00faa trabajando para que Fal sea el pr\u00f3ximo Intendente","author":"hoymercedes","date":"23 julio, 2015","format":false,"excerpt":"Lo remarco su presidente, Esteban Biagini, quien integra la lista de candidatos a concejeros escolares en segundo t\u00e9rmino, adem\u00e1s trabajan para la realizaci\u00f3n del acto del pr\u00f3ximo viernes 24 en el Club Quilmes, donde el candidato presentara sus ideas de gobierno. Biagini manifest\u00f3 que \u201cvenimos trabajando desde hace ya un\u2026","rel":"","context":"En \u00abPol\u00edtica\u00bb","block_context":{"text":"Pol\u00edtica","link":"https:\/\/www.hoymercedes.com.ar\/principal\/category\/politica\/"},"img":{"alt_text":"","src":"https:\/\/i0.wp.com\/www.hoymercedes.com.ar\/principal\/wp-content\/uploads\/2015\/07\/juventud-radical.jpg?resize=350%2C200&ssl=1","width":350,"height":200,"srcset":"https:\/\/i0.wp.com\/www.hoymercedes.com.ar\/principal\/wp-content\/uploads\/2015\/07\/juventud-radical.jpg?resize=350%2C200&ssl=1 1x, https:\/\/i0.wp.com\/www.hoymercedes.com.ar\/principal\/wp-content\/uploads\/2015\/07\/juventud-radical.jpg?resize=525%2C300&ssl=1 1.5x"},"classes":[]},{"id":45275,"url":"https:\/\/www.hoymercedes.com.ar\/principal\/2015\/10\/12\/fal-somos-los-unicos-que-podemos-ganarle-a-la-campora\/","url_meta":{"origin":43335,"position":5},"title":"Fal \u00abSomos los \u00fanicos que podemos ganarle a la Campora\u00bb","author":"hoymercedes","date":"12 octubre, 2015","format":false,"excerpt":"El candidato a intendente por el Frente Cambiemos, el ingeniero Lucas Fal, habl\u00f3 sobre c\u00f3mo esta viviendo estos \u00faltimos tramos de la campa\u00f1a\u00a0\"Los vecinos nos van a elegir por lo que decimos y sobre todo por c\u00f3mo actuamos. La gente est\u00e1 harta de la pol\u00edtica de la\u00a0descalificaci\u00f3n, el electorado se\u2026","rel":"","context":"En \u00abPol\u00edtica\u00bb","block_context":{"text":"Pol\u00edtica","link":"https:\/\/www.hoymercedes.com.ar\/principal\/category\/politica\/"},"img":{"alt_text":"","src":"https:\/\/i0.wp.com\/www.hoymercedes.com.ar\/principal\/wp-content\/uploads\/2015\/09\/LucasFal-2015.jpg?resize=350%2C200&ssl=1","width":350,"height":200,"srcset":"https:\/\/i0.wp.com\/www.hoymercedes.com.ar\/principal\/wp-content\/uploads\/2015\/09\/LucasFal-2015.jpg?resize=350%2C200&ssl=1 1x, https:\/\/i0.wp.com\/www.hoymercedes.com.ar\/principal\/wp-content\/uploads\/2015\/09\/LucasFal-2015.jpg?resize=525%2C300&ssl=1 1.5x"},"classes":[]}],"_links":{"self":[{"href":"https:\/\/www.hoymercedes.com.ar\/principal\/wp-json\/wp\/v2\/posts\/43335","targetHints":{"allow":["GET"]}}],"collection":[{"href":"https:\/\/www.hoymercedes.com.ar\/principal\/wp-json\/wp\/v2\/posts"}],"about":[{"href":"https:\/\/www.hoymercedes.com.ar\/principal\/wp-json\/wp\/v2\/types\/post"}],"author":[{"embeddable":true,"href":"https:\/\/www.hoymercedes.com.ar\/principal\/wp-json\/wp\/v2\/users\/1"}],"replies":[{"embeddable":true,"href":"https:\/\/www.hoymercedes.com.ar\/principal\/wp-json\/wp\/v2\/comments?post=43335"}],"version-history":[{"count":0,"href":"https:\/\/www.hoymercedes.com.ar\/principal\/wp-json\/wp\/v2\/posts\/43335\/revisions"}],"wp:featuredmedia":[{"embeddable":true,"href":"https:\/\/www.hoymercedes.com.ar\/principal\/wp-json\/wp\/v2\/media\/43336"}],"wp:attachment":[{"href":"https:\/\/www.hoymercedes.com.ar\/principal\/wp-json\/wp\/v2\/media?parent=43335"}],"wp:term":[{"taxonomy":"category","embeddable":true,"href":"https:\/\/www.hoymercedes.com.ar\/principal\/wp-json\/wp\/v2\/categories?post=43335"},{"taxonomy":"post_tag","embeddable":true,"href":"https:\/\/www.hoymercedes.com.ar\/principal\/wp-json\/wp\/v2\/tags?post=43335"}],"curies":[{"name":"wp","href":"https:\/\/api.w.org\/{rel}","templated":true}]}}