{"id":43360,"date":"2015-07-26T19:44:33","date_gmt":"2015-07-26T22:44:33","guid":{"rendered":"http:\/\/www.hoymercedes.com.ar\/principal\/?p=43360"},"modified":"2015-07-26T19:44:33","modified_gmt":"2015-07-26T22:44:33","slug":"sabrina-selva-el-frente-mercedino-se-quiere-hacer-cargo-de-obras-que-gestiono-el-municipio","status":"publish","type":"post","link":"https:\/\/www.hoymercedes.com.ar\/principal\/2015\/07\/26\/sabrina-selva-el-frente-mercedino-se-quiere-hacer-cargo-de-obras-que-gestiono-el-municipio\/","title":{"rendered":"Sabrina Selva: \u201cEl Frente Mercedino se quiere hacer cargo de obras que gestion\u00f3 el Municipio\u201d"},"content":{"rendered":"<p><a href=\"https:\/\/www.hoymercedes.com.ar\/principal\/wp-content\/uploads\/2015\/07\/SabrinaSelva.jpg\"><img loading=\"lazy\" decoding=\"async\" data-attachment-id=\"43361\" data-permalink=\"https:\/\/www.hoymercedes.com.ar\/principal\/2015\/07\/26\/sabrina-selva-el-frente-mercedino-se-quiere-hacer-cargo-de-obras-que-gestiono-el-municipio\/sabrinaselva-4\/#main\" data-orig-file=\"https:\/\/www.hoymercedes.com.ar\/principal\/wp-content\/uploads\/2015\/07\/SabrinaSelva.jpg\" data-orig-size=\"620,416\" data-comments-opened=\"1\" data-image-meta=\"{&quot;aperture&quot;:&quot;5.6&quot;,&quot;credit&quot;:&quot;&quot;,&quot;camera&quot;:&quot;NIKON D3200&quot;,&quot;caption&quot;:&quot;&quot;,&quot;created_timestamp&quot;:&quot;1436818148&quot;,&quot;copyright&quot;:&quot;&quot;,&quot;focal_length&quot;:&quot;55&quot;,&quot;iso&quot;:&quot;2000&quot;,&quot;shutter_speed&quot;:&quot;0.016666666666667&quot;,&quot;title&quot;:&quot;&quot;,&quot;orientation&quot;:&quot;0&quot;}\" data-image-title=\"SabrinaSelva\" data-image-description=\"\" data-image-caption=\"\" data-large-file=\"https:\/\/www.hoymercedes.com.ar\/principal\/wp-content\/uploads\/2015\/07\/SabrinaSelva.jpg\" class=\"Img2014 aligncenter wp-image-43361 size-full\" title=\"Sabrina Selva \" src=\"https:\/\/www.hoymercedes.com.ar\/principal\/wp-content\/uploads\/2015\/07\/SabrinaSelva.jpg\" alt=\"SabrinaSelva\" width=\"620\" height=\"416\" srcset=\"https:\/\/www.hoymercedes.com.ar\/principal\/wp-content\/uploads\/2015\/07\/SabrinaSelva.jpg 620w, https:\/\/www.hoymercedes.com.ar\/principal\/wp-content\/uploads\/2015\/07\/SabrinaSelva-150x101.jpg 150w, https:\/\/www.hoymercedes.com.ar\/principal\/wp-content\/uploads\/2015\/07\/SabrinaSelva-290x195.jpg 290w, https:\/\/www.hoymercedes.com.ar\/principal\/wp-content\/uploads\/2015\/07\/SabrinaSelva-50x34.jpg 50w\" sizes=\"auto, (max-width: 620px) 100vw, 620px\" \/><\/a><\/p>\n<p><em><strong>La concejal del Frente Renovador y referente de la juventud de la \u201cAgrupaci\u00f3n 17 de Octubre\u201d, se sum\u00f3 a la pol\u00e9mica desatada a partir de que: \u201cse viene viendo a trav\u00e9s de los medios que el Frente Mercedino para la Victoria, viene haci\u00e9ndose cargo de unas Obras que fueron gestionadas por el Municipio.\u201d<\/strong><\/em><\/p>\n<p>Sabrina no dud\u00f3 a la hora de identificar una situaci\u00f3n que se viene dando desde hace tiempo y que se agudiz\u00f3 recientemente por la campa\u00f1a electoral que se vive. \u201cNo es la primera vez, y no es casual que pase ahora en un a\u00f1o electoral en donde claramente empiezan a llegar Obras que fueron gestionadas por el municipio desde hace a\u00f1os, y empiezan a llegar en este momento electoral. Pas\u00f3 con el Barrio Ren\u00e9 Favaloro, cuando se trab\u00f3 el Plan Federal de viviendas, y despu\u00e9s volvieron con la llave del Plan de Viviendas queriendo mostrar que hab\u00edan solucionado el problema cuando fueron los mismos que lo hab\u00edan frenado\u201d coment\u00f3.<\/p>\n<p>\u201cD\u00edas atr\u00e1s en el Ministerio de Agricultura de la Naci\u00f3n, a trav\u00e9s de la llegada de un subsidio por los caminos rurales vimos como tambi\u00e9n, el candidato de La C\u00e1mpora, se cuelga de una foto en la que nada ten\u00eda que hacer porque el convenio se firma entre el Intendente Municipal, y el Ministro de Agricultura, y recientemente con las obras que van a felizmente desarrollarse en la zona sur de nuestra Ciudad respecto al colector cloacal que es una obra que tambi\u00e9n gestion\u00f3 el Municipio, que present\u00f3 todos los papeles y que incluso llamo a licitaciones en el a\u00f1o 2013 y que fue una obra que no se hab\u00eda dado inicio como muchas que se hab\u00edan prometido desde Provincia, hoy se anuncia que esa obra va a comenzar, y el t\u00edtulo es que se consiguen a trav\u00e9s de gestiones de Juan Ignacio Ustarroz\u201d coment\u00f3 con la bronca que le genera ser parte de una gesti\u00f3n que busca el avance de la ciudad sin ego\u00edsmo ni chicanas, pensando claramente en el beneficio de todos los mercedinos, sin bander\u00edas ni \u201cgrietas\u201d que nos dividen como sociedad.<\/p>\n<p>La edil manifest\u00f3 que la operatoria ser\u00eda frenar la obra para luego anunciarla ellos, al comentar que: \u201cdenota esa actitud y creo que no es casual tampoco. Pas\u00f3 como dec\u00eda con el Barrio Ren\u00e9 Favaloro, en esta Obra de Provincia que es el colector cloacal que es una obra muy importante para nuestra ciudad y que el Intendente hace tiempo que la ten\u00eda planificada porque es una necesidad para los vecinos de nuestra Ciudad, tambi\u00e9n se vio frenada, incluso casi por los mismos motivos que \u00a0el Barrio Ren\u00e9 Favaloro, que fue el tema de la licitaci\u00f3n, la actualizaci\u00f3n de precios, por lo cual se demor\u00f3 y ahora hay que actualizar el llamado a licitaci\u00f3n\u201d coment\u00f3 remarcando que: \u201ces marketing pol\u00edtico lo que hacen, claramente, en desmedro de la sociedad\u201d.<\/p>\n<p>Sabrina dej\u00f3 en claro que apuesta a la sociedad y su capacidad colectiva de discernir y comprender la realidad, no dej\u00e1ndose enga\u00f1ar por estos anuncios y manifestaciones especulativas: \u201cyo creo que la sociedad hoy ha podido realizar otra lectura porque es el manejo que vienen haciendo desde el a\u00f1o 2011 ac\u00e1 en nuestra ciudad, de colgarse de obras de Naci\u00f3n y Provincia, que han sido gestionadas por la Municipalidad para la foto. Yo creo que hoy hacer o jugar con\u00a0 la Pol\u00edtica de la foto, me parece una forma de hacer pol\u00edtica muy baja y muy pobre en tiempos electorales donde yo creo que la sociedad mercedina hoy se da cuenta y que repudia este tipo de manejo por parte de La C\u00e1mpora\u201d, afirm\u00f3, remarcando que: \u201cyo creo que siempre cuando se hacen este tipo de manejos, los que quedan en el medio son los ciudadanos de Mercedes, pero bueno, van a tener la posibilidad este a\u00f1o de decidir y apostar nuevamente con el voto que tipo de ciudad quieren y que tipos de pol\u00edticas queremos que siga habiendo en nuestra ciudad\u201d.<\/p>\n<p>Sabrina ha sido una constante animadora en el Concejo Deliberante buscando constantemente dejar en claro el rol que jug\u00f3 la oposici\u00f3n, en ocasiones mezquinamente, donde \u00a0\u201cen lugar de buscar una soluci\u00f3n a los distintos problemas sociales esperaban los flashes y las c\u00e1maras\u201d.<\/p>\n","protected":false},"excerpt":{"rendered":"<p>La concejal del Frente Renovador y referente de la juventud de la \u201cAgrupaci\u00f3n 17 de Octubre\u201d, se sum\u00f3 a la &#8230; <a title=\"Sabrina Selva: \u201cEl Frente Mercedino se quiere hacer cargo de obras que gestion\u00f3 el Municipio\u201d\" class=\"read-more\" href=\"https:\/\/www.hoymercedes.com.ar\/principal\/2015\/07\/26\/sabrina-selva-el-frente-mercedino-se-quiere-hacer-cargo-de-obras-que-gestiono-el-municipio\/\" aria-label=\"Leer m\u00e1s sobre Sabrina Selva: \u201cEl Frente Mercedino se quiere hacer cargo de obras que gestion\u00f3 el Municipio\u201d\">Leer m\u00e1s<\/a><\/p>\n","protected":false},"author":1,"featured_media":43361,"comment_status":"open","ping_status":"open","sticky":false,"template":"","format":"standard","meta":{"_monsterinsights_skip_tracking":false,"_monsterinsights_sitenote_active":false,"_monsterinsights_sitenote_note":"","_monsterinsights_sitenote_category":0,"jetpack_post_was_ever_published":false,"_jetpack_newsletter_access":"","_jetpack_dont_email_post_to_subs":false,"_jetpack_newsletter_tier_id":0,"_jetpack_memberships_contains_paywalled_content":false,"_jetpack_memberships_contains_paid_content":false,"footnotes":"","jetpack_publicize_message":"","jetpack_publicize_feature_enabled":true,"jetpack_social_post_already_shared":true,"jetpack_social_options":{"image_generator_settings":{"template":"highway","default_image_id":0,"font":"","enabled":false},"version":2},"_wpas_customize_per_network":false},"categories":[5],"tags":[3647,2854,7673],"class_list":["post-43360","post","type-post","status-publish","format-standard","has-post-thumbnail","hentry","category-politica","tag-frente-renovador-mercedes","tag-sabrina-selva","tag-sabrina-selva-el-frente-mercedino-se-quiere-hacer-cargo-de-obras-que-gestiono-el-municipio","generate-columns","tablet-grid-50","mobile-grid-100","grid-parent","grid-50"],"jetpack_publicize_connections":[],"jetpack_featured_media_url":"https:\/\/www.hoymercedes.com.ar\/principal\/wp-content\/uploads\/2015\/07\/SabrinaSelva.jpg","wps_subtitle":"Debate abierto ","jetpack_sharing_enabled":true,"_links":{"self":[{"href":"https:\/\/www.hoymercedes.com.ar\/principal\/wp-json\/wp\/v2\/posts\/43360","targetHints":{"allow":["GET"]}}],"collection":[{"href":"https:\/\/www.hoymercedes.com.ar\/principal\/wp-json\/wp\/v2\/posts"}],"about":[{"href":"https:\/\/www.hoymercedes.com.ar\/principal\/wp-json\/wp\/v2\/types\/post"}],"author":[{"embeddable":true,"href":"https:\/\/www.hoymercedes.com.ar\/principal\/wp-json\/wp\/v2\/users\/1"}],"replies":[{"embeddable":true,"href":"https:\/\/www.hoymercedes.com.ar\/principal\/wp-json\/wp\/v2\/comments?post=43360"}],"version-history":[{"count":0,"href":"https:\/\/www.hoymercedes.com.ar\/principal\/wp-json\/wp\/v2\/posts\/43360\/revisions"}],"wp:featuredmedia":[{"embeddable":true,"href":"https:\/\/www.hoymercedes.com.ar\/principal\/wp-json\/wp\/v2\/media\/43361"}],"wp:attachment":[{"href":"https:\/\/www.hoymercedes.com.ar\/principal\/wp-json\/wp\/v2\/media?parent=43360"}],"wp:term":[{"taxonomy":"category","embeddable":true,"href":"https:\/\/www.hoymercedes.com.ar\/principal\/wp-json\/wp\/v2\/categories?post=43360"},{"taxonomy":"post_tag","embeddable":true,"href":"https:\/\/www.hoymercedes.com.ar\/principal\/wp-json\/wp\/v2\/tags?post=43360"}],"curies":[{"name":"wp","href":"https:\/\/api.w.org\/{rel}","templated":true}]}}