{"id":43367,"date":"2015-07-26T22:59:57","date_gmt":"2015-07-27T01:59:57","guid":{"rendered":"http:\/\/www.hoymercedes.com.ar\/principal\/?p=43367"},"modified":"2015-07-27T11:25:13","modified_gmt":"2015-07-27T14:25:13","slug":"antorchas-y-homenaje-a-eva-peron-desde-el-partido-justicialista","status":"publish","type":"post","link":"https:\/\/www.hoymercedes.com.ar\/principal\/2015\/07\/26\/antorchas-y-homenaje-a-eva-peron-desde-el-partido-justicialista\/","title":{"rendered":"Antorchas y homenaje a Eva Per\u00f3n desde el Partido Justicialista"},"content":{"rendered":"<p style=\"text-align: right;\"><a href=\"https:\/\/www.hoymercedes.com.ar\/principal\/wp-content\/uploads\/2015\/07\/IMG-20150726-WA014.jpg\"><img loading=\"lazy\" decoding=\"async\" data-attachment-id=\"43368\" data-permalink=\"https:\/\/www.hoymercedes.com.ar\/principal\/2015\/07\/26\/antorchas-y-homenaje-a-eva-peron-desde-el-partido-justicialista\/img-20150726-wa014\/#main\" data-orig-file=\"https:\/\/www.hoymercedes.com.ar\/principal\/wp-content\/uploads\/2015\/07\/IMG-20150726-WA014.jpg\" data-orig-size=\"620,299\" data-comments-opened=\"1\" data-image-meta=\"{&quot;aperture&quot;:&quot;0&quot;,&quot;credit&quot;:&quot;&quot;,&quot;camera&quot;:&quot;&quot;,&quot;caption&quot;:&quot;&quot;,&quot;created_timestamp&quot;:&quot;0&quot;,&quot;copyright&quot;:&quot;&quot;,&quot;focal_length&quot;:&quot;0&quot;,&quot;iso&quot;:&quot;0&quot;,&quot;shutter_speed&quot;:&quot;0&quot;,&quot;title&quot;:&quot;&quot;,&quot;orientation&quot;:&quot;0&quot;}\" data-image-title=\"IMG-20150726-WA014\" data-image-description=\"\" data-image-caption=\"\" data-large-file=\"https:\/\/www.hoymercedes.com.ar\/principal\/wp-content\/uploads\/2015\/07\/IMG-20150726-WA014.jpg\" class=\"Img2014 aligncenter wp-image-43368 size-full\" src=\"https:\/\/www.hoymercedes.com.ar\/principal\/wp-content\/uploads\/2015\/07\/IMG-20150726-WA014.jpg\" alt=\"IMG-20150726-WA014\" width=\"620\" height=\"299\" srcset=\"https:\/\/www.hoymercedes.com.ar\/principal\/wp-content\/uploads\/2015\/07\/IMG-20150726-WA014.jpg 620w, https:\/\/www.hoymercedes.com.ar\/principal\/wp-content\/uploads\/2015\/07\/IMG-20150726-WA014-150x72.jpg 150w, https:\/\/www.hoymercedes.com.ar\/principal\/wp-content\/uploads\/2015\/07\/IMG-20150726-WA014-290x140.jpg 290w, https:\/\/www.hoymercedes.com.ar\/principal\/wp-content\/uploads\/2015\/07\/IMG-20150726-WA014-50x24.jpg 50w\" sizes=\"auto, (max-width: 620px) 100vw, 620px\" \/><\/a><\/p>\n<p><em><strong>Los peronistas de la ciudad de Mercedes, se congregaron a honrar a su l\u00edder espiritual, en torno al busto de Mar\u00eda Eva Duarte de Per\u00f3n, en avenida 30 y 23.<\/strong><\/em><\/p>\n<p>Previamente, dirigentes y militantes del Justicialismo, asistieron a una misa a modo de recuerdo de la abanderada de los humildes.<\/p>\n<p>Una nutrida concurrencia acompa\u00f1\u00f3 los actos, en los que hicieron uso de la palabra Mar\u00eda Eva Fracchia, el candidato a intendente del Frente Renovador, ingeniero Marcelo Den\u00e1pole, y el intendente, presidente del Partido Justicialista, y pre candidato a diputado Nacional por el Frente Renovador, Carlos Selva.<\/p>\n<p>Sobre el cierre, mientras Carlos Selva daba su discurso, pudo divisar en medio de la gente al presidente de la Agrupaci\u00f3n Arturo Jauretche, Mariano Castelucci, acompa\u00f1ado por un grupo de militantes de esa Casa Peronista.<\/p>\n","protected":false},"excerpt":{"rendered":"<p>Los peronistas de la ciudad de Mercedes, se congregaron a honrar a su l\u00edder espiritual, en torno al busto de &#8230; <a title=\"Antorchas y homenaje a Eva Per\u00f3n desde el Partido Justicialista\" class=\"read-more\" href=\"https:\/\/www.hoymercedes.com.ar\/principal\/2015\/07\/26\/antorchas-y-homenaje-a-eva-peron-desde-el-partido-justicialista\/\" aria-label=\"Leer m\u00e1s sobre Antorchas y homenaje a Eva Per\u00f3n desde el Partido Justicialista\">Leer m\u00e1s<\/a><\/p>\n","protected":false},"author":1,"featured_media":43368,"comment_status":"open","ping_status":"open","sticky":false,"template":"","format":"standard","meta":{"_monsterinsights_skip_tracking":false,"_monsterinsights_sitenote_active":false,"_monsterinsights_sitenote_note":"","_monsterinsights_sitenote_category":0,"jetpack_post_was_ever_published":false,"_jetpack_newsletter_access":"","_jetpack_dont_email_post_to_subs":false,"_jetpack_newsletter_tier_id":0,"_jetpack_memberships_contains_paywalled_content":false,"_jetpack_memberships_contains_paid_content":false,"footnotes":"","jetpack_publicize_message":"","jetpack_publicize_feature_enabled":true,"jetpack_social_post_already_shared":true,"jetpack_social_options":{"image_generator_settings":{"template":"highway","default_image_id":0,"font":"","enabled":false},"version":2},"_wpas_customize_per_network":false},"categories":[5],"tags":[7674,1934],"class_list":["post-43367","post","type-post","status-publish","format-standard","has-post-thumbnail","hentry","category-politica","tag-marcha-antorchas-eva-peron","tag-pj-mercedes","generate-columns","tablet-grid-50","mobile-grid-100","grid-parent","grid-50"],"jetpack_publicize_connections":[],"jetpack_featured_media_url":"https:\/\/www.hoymercedes.com.ar\/principal\/wp-content\/uploads\/2015\/07\/IMG-20150726-WA014.jpg","wps_subtitle":"Frente a su busco en 23 y 30","jetpack_sharing_enabled":true,"jetpack-related-posts":[{"id":24195,"url":"https:\/\/www.hoymercedes.com.ar\/principal\/2013\/07\/28\/en-emotivo-acto-el-selvismo-recordo-a-eva-peron\/","url_meta":{"origin":43367,"position":0},"title":"En emotivo acto el selvismo record\u00f3 a Eva Per\u00f3n","author":"hoymercedes","date":"28 julio, 2013","format":false,"excerpt":"El acto se produjo durante la noche de este viernes con tres actividades que incluyeron una misa, una marcha de antorchas y un acto central frente al busto de Eva Per\u00f3n en calles 30 y 23. \"Este 26 de julio es una fecha emblem\u00e1tica para el movimiento peronista, ya que\u2026","rel":"","context":"En \u00abCultura\u00bb","block_context":{"text":"Cultura","link":"https:\/\/www.hoymercedes.com.ar\/principal\/category\/cultura\/"},"img":{"alt_text":"actoeva2","src":"https:\/\/i0.wp.com\/www.hoymercedes.com.ar\/principal\/wp-content\/uploads\/2013\/07\/actoeva2.jpg?resize=350%2C200","width":350,"height":200,"srcset":"https:\/\/i0.wp.com\/www.hoymercedes.com.ar\/principal\/wp-content\/uploads\/2013\/07\/actoeva2.jpg?resize=350%2C200 1x, https:\/\/i0.wp.com\/www.hoymercedes.com.ar\/principal\/wp-content\/uploads\/2013\/07\/actoeva2.jpg?resize=525%2C300 1.5x"},"classes":[]},{"id":78901,"url":"https:\/\/www.hoymercedes.com.ar\/principal\/2018\/07\/21\/el-partido-justicialista-mercedino-recuerda-a-eva-peron\/","url_meta":{"origin":43367,"position":1},"title":"El Partido Justicialista mercedino recuerda a Eva Per\u00f3n","author":"hoymercedes","date":"21 julio, 2018","format":false,"excerpt":"Desde el Partido Justicialista (PJ) de la ciudad de Mercedes, invitan a participar de las actividades que se llevar\u00e1n a cabo para conmemorar un nuevo aniversario del fallecimiento de Eva Duarte, \u201cEvita, la abanderada de los humildes\u201d. Ser\u00e1n el d\u00eda 26 de julio, a partir de la hora 19. En\u2026","rel":"","context":"En \u00abPol\u00edtica\u00bb","block_context":{"text":"Pol\u00edtica","link":"https:\/\/www.hoymercedes.com.ar\/principal\/category\/politica\/"},"img":{"alt_text":"","src":"https:\/\/i0.wp.com\/www.hoymercedes.com.ar\/principal\/wp-content\/uploads\/2017\/07\/25-eva-acto.jpg?resize=350%2C200&ssl=1","width":350,"height":200,"srcset":"https:\/\/i0.wp.com\/www.hoymercedes.com.ar\/principal\/wp-content\/uploads\/2017\/07\/25-eva-acto.jpg?resize=350%2C200&ssl=1 1x, https:\/\/i0.wp.com\/www.hoymercedes.com.ar\/principal\/wp-content\/uploads\/2017\/07\/25-eva-acto.jpg?resize=525%2C300&ssl=1 1.5x"},"classes":[]},{"id":34670,"url":"https:\/\/www.hoymercedes.com.ar\/principal\/2014\/07\/27\/el-pj-mercedes-homenajeo-a-eva-peron\/","url_meta":{"origin":43367,"position":2},"title":"El PJ Mercedes homenaje\u00f3 a Eva Per\u00f3n","author":"HoyMercedes","date":"27 julio, 2014","format":false,"excerpt":"El Partido Justicialista de Mercedes homenaje\u00f3 este s\u00e1bado la figura de Eva Duarte de Per\u00f3n al conmemorarse un nuevo aniversario de su paso a la inmortalidad. El presidente del partido e intendente de la ciudad Carlos Selva encabez\u00f3 los actos de conmemoraci\u00f3n de Eva Per\u00f3n. Estuvo acompa\u00f1ado por la plana\u2026","rel":"","context":"En \u00abPol\u00edtica\u00bb","block_context":{"text":"Pol\u00edtica","link":"https:\/\/www.hoymercedes.com.ar\/principal\/category\/politica\/"},"img":{"alt_text":"Acto-EvaPer\u00f3n-2014","src":"https:\/\/i0.wp.com\/www.hoymercedes.com.ar\/principal\/wp-content\/uploads\/2014\/07\/Acto-EvaPer%C3%B3n-2014.jpg?resize=350%2C200","width":350,"height":200,"srcset":"https:\/\/i0.wp.com\/www.hoymercedes.com.ar\/principal\/wp-content\/uploads\/2014\/07\/Acto-EvaPer%C3%B3n-2014.jpg?resize=350%2C200 1x, https:\/\/i0.wp.com\/www.hoymercedes.com.ar\/principal\/wp-content\/uploads\/2014\/07\/Acto-EvaPer%C3%B3n-2014.jpg?resize=525%2C300 1.5x"},"classes":[]},{"id":41491,"url":"https:\/\/www.hoymercedes.com.ar\/principal\/2015\/05\/07\/sentido-homenaje-a-eva-peron-en-un-nuevo-aniversario-de-su-natalicio\/","url_meta":{"origin":43367,"position":3},"title":"Sentido homenaje a Eva Per\u00f3n en un nuevo aniversario de su natalicio","author":"hoymercedes","date":"7 mayo, 2015","format":false,"excerpt":"Durante la tarde de \u00e9ste jueves se llev\u00f3 a cabo un acto conmemorativo ante un nuevo aniversario del natalicio de Eva Duarte de Per\u00f3n, abanderada del espacio peronista en t\u00e9rminos de luchas sociales y mundialmente reconocida por su sensibilidad y acci\u00f3n concreta en beneficio de los m\u00e1s necesitados.\u00a0 Desde el\u2026","rel":"","context":"En \u00abPol\u00edtica\u00bb","block_context":{"text":"Pol\u00edtica","link":"https:\/\/www.hoymercedes.com.ar\/principal\/category\/politica\/"},"img":{"alt_text":"","src":"https:\/\/i0.wp.com\/www.hoymercedes.com.ar\/principal\/wp-content\/uploads\/2015\/05\/selva-actoeva-07.05.2015-1.jpg?resize=350%2C200&ssl=1","width":350,"height":200,"srcset":"https:\/\/i0.wp.com\/www.hoymercedes.com.ar\/principal\/wp-content\/uploads\/2015\/05\/selva-actoeva-07.05.2015-1.jpg?resize=350%2C200&ssl=1 1x, https:\/\/i0.wp.com\/www.hoymercedes.com.ar\/principal\/wp-content\/uploads\/2015\/05\/selva-actoeva-07.05.2015-1.jpg?resize=525%2C300&ssl=1 1.5x"},"classes":[]},{"id":97255,"url":"https:\/\/www.hoymercedes.com.ar\/principal\/2019\/07\/28\/el-pj-mercedes-homenajeo-a-eva-peron-2\/","url_meta":{"origin":43367,"position":4},"title":"El PJ Mercedes homenaje\u00f3 a Eva Per\u00f3n","author":"hoymercedes","date":"28 julio, 2019","format":false,"excerpt":"Ante m\u00e1s de un centenar de militantes, el peronismo mercedino record\u00f3 a Eva Per\u00f3n al cumplirse un nuevo aniversario de su fallecimiento. En ese sentido, distintas agrupaciones Justicialistas se congregaron el pasado viernes, al pi\u00e9 del busto emplazado en la intersecci\u00f3n de las calles 30 y 23, para conmemorar el\u2026","rel":"","context":"En \u00abPol\u00edtica\u00bb","block_context":{"text":"Pol\u00edtica","link":"https:\/\/www.hoymercedes.com.ar\/principal\/category\/politica\/"},"img":{"alt_text":"","src":"https:\/\/i0.wp.com\/www.hoymercedes.com.ar\/principal\/wp-content\/uploads\/2019\/07\/28-pj-evita.jpg?resize=350%2C200&ssl=1","width":350,"height":200,"srcset":"https:\/\/i0.wp.com\/www.hoymercedes.com.ar\/principal\/wp-content\/uploads\/2019\/07\/28-pj-evita.jpg?resize=350%2C200&ssl=1 1x, https:\/\/i0.wp.com\/www.hoymercedes.com.ar\/principal\/wp-content\/uploads\/2019\/07\/28-pj-evita.jpg?resize=525%2C300&ssl=1 1.5x, https:\/\/i0.wp.com\/www.hoymercedes.com.ar\/principal\/wp-content\/uploads\/2019\/07\/28-pj-evita.jpg?resize=700%2C400&ssl=1 2x"},"classes":[]},{"id":14807,"url":"https:\/\/www.hoymercedes.com.ar\/principal\/2012\/07\/27\/misa-y-caminata-con-antorchas-por-eva\/","url_meta":{"origin":43367,"position":5},"title":"Misa y caminata con antorchas por Eva","author":"hoymercedes","date":"27 julio, 2012","format":false,"excerpt":"Durante la tarde de este jueves se llev\u00f3 adelante\u00a0 el homenaje al 60 aniversario de la desaparici\u00f3n f\u00edsica de Eva Duarte de Per\u00f3n encabezadas por el intendente Carlos Selva. Una misa y una caminata con antorchas result\u00f3 la actividad principal. Militantes, pol\u00edticos, ciudadanos y medios de comunicaci\u00f3n fueron parte del\u2026","rel":"","context":"En \u00abSociedad\u00bb","block_context":{"text":"Sociedad","link":"https:\/\/www.hoymercedes.com.ar\/principal\/category\/sociedad\/"},"img":{"alt_text":"","src":"https:\/\/i0.wp.com\/www.hoymercedes.com.ar\/principal\/wp-content\/uploads\/2012\/07\/Acto-60-Eva.jpg?resize=350%2C200","width":350,"height":200,"srcset":"https:\/\/i0.wp.com\/www.hoymercedes.com.ar\/principal\/wp-content\/uploads\/2012\/07\/Acto-60-Eva.jpg?resize=350%2C200 1x, https:\/\/i0.wp.com\/www.hoymercedes.com.ar\/principal\/wp-content\/uploads\/2012\/07\/Acto-60-Eva.jpg?resize=525%2C300 1.5x"},"classes":[]}],"_links":{"self":[{"href":"https:\/\/www.hoymercedes.com.ar\/principal\/wp-json\/wp\/v2\/posts\/43367","targetHints":{"allow":["GET"]}}],"collection":[{"href":"https:\/\/www.hoymercedes.com.ar\/principal\/wp-json\/wp\/v2\/posts"}],"about":[{"href":"https:\/\/www.hoymercedes.com.ar\/principal\/wp-json\/wp\/v2\/types\/post"}],"author":[{"embeddable":true,"href":"https:\/\/www.hoymercedes.com.ar\/principal\/wp-json\/wp\/v2\/users\/1"}],"replies":[{"embeddable":true,"href":"https:\/\/www.hoymercedes.com.ar\/principal\/wp-json\/wp\/v2\/comments?post=43367"}],"version-history":[{"count":0,"href":"https:\/\/www.hoymercedes.com.ar\/principal\/wp-json\/wp\/v2\/posts\/43367\/revisions"}],"wp:featuredmedia":[{"embeddable":true,"href":"https:\/\/www.hoymercedes.com.ar\/principal\/wp-json\/wp\/v2\/media\/43368"}],"wp:attachment":[{"href":"https:\/\/www.hoymercedes.com.ar\/principal\/wp-json\/wp\/v2\/media?parent=43367"}],"wp:term":[{"taxonomy":"category","embeddable":true,"href":"https:\/\/www.hoymercedes.com.ar\/principal\/wp-json\/wp\/v2\/categories?post=43367"},{"taxonomy":"post_tag","embeddable":true,"href":"https:\/\/www.hoymercedes.com.ar\/principal\/wp-json\/wp\/v2\/tags?post=43367"}],"curies":[{"name":"wp","href":"https:\/\/api.w.org\/{rel}","templated":true}]}}