{"id":43370,"date":"2015-07-26T23:02:35","date_gmt":"2015-07-27T02:02:35","guid":{"rendered":"http:\/\/www.hoymercedes.com.ar\/principal\/?p=43370"},"modified":"2015-07-27T14:15:23","modified_gmt":"2015-07-27T17:15:23","slug":"cestari-invita-a-debatir-que-hacer-con-la-basura","status":"publish","type":"post","link":"https:\/\/www.hoymercedes.com.ar\/principal\/2015\/07\/26\/cestari-invita-a-debatir-que-hacer-con-la-basura\/","title":{"rendered":"Cestari invita a debatir \u00bfqu\u00e9 hacer con la basura?"},"content":{"rendered":"<p><a href=\"https:\/\/www.hoymercedes.com.ar\/principal\/wp-content\/uploads\/2015\/07\/carlos-villalonga.jpg\"><img loading=\"lazy\" decoding=\"async\" data-attachment-id=\"43371\" data-permalink=\"https:\/\/www.hoymercedes.com.ar\/principal\/2015\/07\/26\/cestari-invita-a-debatir-que-hacer-con-la-basura\/carlos-villalonga\/#main\" data-orig-file=\"https:\/\/www.hoymercedes.com.ar\/principal\/wp-content\/uploads\/2015\/07\/carlos-villalonga.jpg\" data-orig-size=\"620,413\" data-comments-opened=\"1\" data-image-meta=\"{&quot;aperture&quot;:&quot;0&quot;,&quot;credit&quot;:&quot;&quot;,&quot;camera&quot;:&quot;&quot;,&quot;caption&quot;:&quot;&quot;,&quot;created_timestamp&quot;:&quot;0&quot;,&quot;copyright&quot;:&quot;&quot;,&quot;focal_length&quot;:&quot;0&quot;,&quot;iso&quot;:&quot;0&quot;,&quot;shutter_speed&quot;:&quot;0&quot;,&quot;title&quot;:&quot;&quot;,&quot;orientation&quot;:&quot;0&quot;}\" data-image-title=\"carlos-villalonga\" data-image-description=\"\" data-image-caption=\"\" data-large-file=\"https:\/\/www.hoymercedes.com.ar\/principal\/wp-content\/uploads\/2015\/07\/carlos-villalonga.jpg\" class=\"aligncenter size-full wp-image-43371\" src=\"https:\/\/www.hoymercedes.com.ar\/principal\/wp-content\/uploads\/2015\/07\/carlos-villalonga.jpg\" alt=\"carlos-villalonga\" width=\"620\" height=\"413\" srcset=\"https:\/\/www.hoymercedes.com.ar\/principal\/wp-content\/uploads\/2015\/07\/carlos-villalonga.jpg 620w, https:\/\/www.hoymercedes.com.ar\/principal\/wp-content\/uploads\/2015\/07\/carlos-villalonga-150x100.jpg 150w, https:\/\/www.hoymercedes.com.ar\/principal\/wp-content\/uploads\/2015\/07\/carlos-villalonga-290x193.jpg 290w, https:\/\/www.hoymercedes.com.ar\/principal\/wp-content\/uploads\/2015\/07\/carlos-villalonga-50x33.jpg 50w\" sizes=\"auto, (max-width: 620px) 100vw, 620px\" \/><\/a><\/p>\n<p><em><strong>El pr\u00f3ximo mi\u00e9rcoles 29 de julio, llegar\u00e1 a Mercedes Juan Carlos Villalonga, Presidente de la Agencia de Protecci\u00f3n Ambiental (APrA) del Gobierno de la Ciudad de Buenos Aires y Miembro del Consejo Asesor Los Verdes.<\/strong> <\/em><\/p>\n<p>El visitante recorrer\u00e1, junto al Equipo de Jos\u00e9 Cestari, los basurales a cielo abierto existentes en nuestra localidad. A las 17 hs brindar\u00e1 una conferencia de prensa y charla debate con los vecinos en las instalaciones del Museo de Ciencias Naturales \u201cCarlos Ameghino\u201d.<\/p>\n<p>Se invita a todos los vecinos interesados en el tema a poder escuchar y opinar sobre una problem\u00e1tica tan importante que es \u00bfqu\u00e9 podemos hacer con la basura en Mercedes?<\/p>\n<p>&nbsp;<\/p>\n<p>&nbsp;<\/p>\n","protected":false},"excerpt":{"rendered":"<p>El pr\u00f3ximo mi\u00e9rcoles 29 de julio, llegar\u00e1 a Mercedes Juan Carlos Villalonga, Presidente de la Agencia de Protecci\u00f3n Ambiental (APrA) &#8230; <a title=\"Cestari invita a debatir \u00bfqu\u00e9 hacer con la basura?\" class=\"read-more\" href=\"https:\/\/www.hoymercedes.com.ar\/principal\/2015\/07\/26\/cestari-invita-a-debatir-que-hacer-con-la-basura\/\" aria-label=\"Leer m\u00e1s sobre Cestari invita a debatir \u00bfqu\u00e9 hacer con la basura?\">Leer m\u00e1s<\/a><\/p>\n","protected":false},"author":1,"featured_media":43371,"comment_status":"open","ping_status":"open","sticky":false,"template":"","format":"standard","meta":{"_monsterinsights_skip_tracking":false,"_monsterinsights_sitenote_active":false,"_monsterinsights_sitenote_note":"","_monsterinsights_sitenote_category":0,"jetpack_post_was_ever_published":false,"_jetpack_newsletter_access":"","_jetpack_dont_email_post_to_subs":false,"_jetpack_newsletter_tier_id":0,"_jetpack_memberships_contains_paywalled_content":false,"_jetpack_memberships_contains_paid_content":false,"footnotes":"","jetpack_publicize_message":"","jetpack_publicize_feature_enabled":true,"jetpack_social_post_already_shared":true,"jetpack_social_options":{"image_generator_settings":{"template":"highway","default_image_id":0,"font":"","enabled":false},"version":2},"_wpas_customize_per_network":false},"categories":[85],"tags":[7675,321],"class_list":["post-43370","post","type-post","status-publish","format-standard","has-post-thumbnail","hentry","category-policial","tag-carlos-villalonga","tag-jose-cestari","generate-columns","tablet-grid-50","mobile-grid-100","grid-parent","grid-50"],"jetpack_publicize_connections":[],"jetpack_featured_media_url":"https:\/\/www.hoymercedes.com.ar\/principal\/wp-content\/uploads\/2015\/07\/carlos-villalonga.jpg","wps_subtitle":"Plataformas y elecci\u00f3n 2015","jetpack_sharing_enabled":true,"_links":{"self":[{"href":"https:\/\/www.hoymercedes.com.ar\/principal\/wp-json\/wp\/v2\/posts\/43370","targetHints":{"allow":["GET"]}}],"collection":[{"href":"https:\/\/www.hoymercedes.com.ar\/principal\/wp-json\/wp\/v2\/posts"}],"about":[{"href":"https:\/\/www.hoymercedes.com.ar\/principal\/wp-json\/wp\/v2\/types\/post"}],"author":[{"embeddable":true,"href":"https:\/\/www.hoymercedes.com.ar\/principal\/wp-json\/wp\/v2\/users\/1"}],"replies":[{"embeddable":true,"href":"https:\/\/www.hoymercedes.com.ar\/principal\/wp-json\/wp\/v2\/comments?post=43370"}],"version-history":[{"count":0,"href":"https:\/\/www.hoymercedes.com.ar\/principal\/wp-json\/wp\/v2\/posts\/43370\/revisions"}],"wp:featuredmedia":[{"embeddable":true,"href":"https:\/\/www.hoymercedes.com.ar\/principal\/wp-json\/wp\/v2\/media\/43371"}],"wp:attachment":[{"href":"https:\/\/www.hoymercedes.com.ar\/principal\/wp-json\/wp\/v2\/media?parent=43370"}],"wp:term":[{"taxonomy":"category","embeddable":true,"href":"https:\/\/www.hoymercedes.com.ar\/principal\/wp-json\/wp\/v2\/categories?post=43370"},{"taxonomy":"post_tag","embeddable":true,"href":"https:\/\/www.hoymercedes.com.ar\/principal\/wp-json\/wp\/v2\/tags?post=43370"}],"curies":[{"name":"wp","href":"https:\/\/api.w.org\/{rel}","templated":true}]}}