{"id":43389,"date":"2015-07-27T11:24:05","date_gmt":"2015-07-27T14:24:05","guid":{"rendered":"http:\/\/www.hoymercedes.com.ar\/principal\/?p=43389"},"modified":"2015-07-27T22:20:37","modified_gmt":"2015-07-28T01:20:37","slug":"venta-de-112-parcelas-y-vetos-del-ejecutivo-en-el-orden-del-dia-del-h-c-d","status":"publish","type":"post","link":"https:\/\/www.hoymercedes.com.ar\/principal\/2015\/07\/27\/venta-de-112-parcelas-y-vetos-del-ejecutivo-en-el-orden-del-dia-del-h-c-d\/","title":{"rendered":"Venta de 112 parcelas y vetos del Ejecutivo en el orden del d\u00eda del H.C.D"},"content":{"rendered":"<p><em><strong>Este lunes vuelve a sesionar el Concejo Deliberante de nuestra ciudad. Ser\u00e1 a las 19.00hs en el recinto ubicado en el Palacio Municipal. Entre los temas que se destacan para \u00e9sta jornada est\u00e1n:<\/strong><\/em><\/p>\n<p>Peticiones particulares como la de Miguel Ver\u00f3n sobre los cajeros autom\u00e1ticos, dos vetos del Departamento Ejecutivo sobre planilla de personal y ba\u00f1os qu\u00edmicos en plaza San Jos\u00e9. Varios pedidos de reparaciones, arreglos, informe sobra poda, venta de 112 parcelas del barrio Favaloro, luminarias y pedidos de limpieza<\/p>\n<p>Mir\u00e1 la orden completa:<\/p>\n<p>&nbsp;<\/p>\n<div data-configid=\"5622510\/14426398\" style=\"width:620px; height:876px;\" class=\"issuuembed\"><\/div>\n<p><script type=\"text\/javascript\" src=\"\/\/e.issuu.com\/embed.js\" async=\"true\"><\/script><\/p>\n","protected":false},"excerpt":{"rendered":"<p>Este lunes vuelve a sesionar el Concejo Deliberante de nuestra ciudad. Ser\u00e1 a las 19.00hs en el recinto ubicado en &#8230; <a title=\"Venta de 112 parcelas y vetos del Ejecutivo en el orden del d\u00eda del H.C.D\" class=\"read-more\" href=\"https:\/\/www.hoymercedes.com.ar\/principal\/2015\/07\/27\/venta-de-112-parcelas-y-vetos-del-ejecutivo-en-el-orden-del-dia-del-h-c-d\/\" aria-label=\"Leer m\u00e1s sobre Venta de 112 parcelas y vetos del Ejecutivo en el orden del d\u00eda del H.C.D\">Leer m\u00e1s<\/a><\/p>\n","protected":false},"author":1,"featured_media":28721,"comment_status":"open","ping_status":"open","sticky":false,"template":"","format":"standard","meta":{"_monsterinsights_skip_tracking":false,"_monsterinsights_sitenote_active":false,"_monsterinsights_sitenote_note":"","_monsterinsights_sitenote_category":0,"jetpack_post_was_ever_published":false,"_jetpack_newsletter_access":"","_jetpack_dont_email_post_to_subs":false,"_jetpack_newsletter_tier_id":0,"_jetpack_memberships_contains_paywalled_content":false,"_jetpack_memberships_contains_paid_content":false,"footnotes":"","jetpack_publicize_message":"","jetpack_publicize_feature_enabled":true,"jetpack_social_post_already_shared":true,"jetpack_social_options":{"image_generator_settings":{"template":"highway","default_image_id":0,"font":"","enabled":false},"version":2},"_wpas_customize_per_network":false},"categories":[11],"tags":[45],"class_list":["post-43389","post","type-post","status-publish","format-standard","has-post-thumbnail","hentry","category-ciudad","tag-concejo-deliberante-mercedes","generate-columns","tablet-grid-50","mobile-grid-100","grid-parent","grid-50"],"jetpack_publicize_connections":[],"jetpack_featured_media_url":"https:\/\/www.hoymercedes.com.ar\/principal\/wp-content\/uploads\/2013\/12\/concejo-fiscalimpositiva-2013.jpg","wps_subtitle":"Temas legislativos ","jetpack_sharing_enabled":true,"_links":{"self":[{"href":"https:\/\/www.hoymercedes.com.ar\/principal\/wp-json\/wp\/v2\/posts\/43389","targetHints":{"allow":["GET"]}}],"collection":[{"href":"https:\/\/www.hoymercedes.com.ar\/principal\/wp-json\/wp\/v2\/posts"}],"about":[{"href":"https:\/\/www.hoymercedes.com.ar\/principal\/wp-json\/wp\/v2\/types\/post"}],"author":[{"embeddable":true,"href":"https:\/\/www.hoymercedes.com.ar\/principal\/wp-json\/wp\/v2\/users\/1"}],"replies":[{"embeddable":true,"href":"https:\/\/www.hoymercedes.com.ar\/principal\/wp-json\/wp\/v2\/comments?post=43389"}],"version-history":[{"count":0,"href":"https:\/\/www.hoymercedes.com.ar\/principal\/wp-json\/wp\/v2\/posts\/43389\/revisions"}],"wp:featuredmedia":[{"embeddable":true,"href":"https:\/\/www.hoymercedes.com.ar\/principal\/wp-json\/wp\/v2\/media\/28721"}],"wp:attachment":[{"href":"https:\/\/www.hoymercedes.com.ar\/principal\/wp-json\/wp\/v2\/media?parent=43389"}],"wp:term":[{"taxonomy":"category","embeddable":true,"href":"https:\/\/www.hoymercedes.com.ar\/principal\/wp-json\/wp\/v2\/categories?post=43389"},{"taxonomy":"post_tag","embeddable":true,"href":"https:\/\/www.hoymercedes.com.ar\/principal\/wp-json\/wp\/v2\/tags?post=43389"}],"curies":[{"name":"wp","href":"https:\/\/api.w.org\/{rel}","templated":true}]}}