{"id":43415,"date":"2015-07-27T22:16:45","date_gmt":"2015-07-28T01:16:45","guid":{"rendered":"http:\/\/www.hoymercedes.com.ar\/principal\/?p=43415"},"modified":"2015-08-03T13:38:22","modified_gmt":"2015-08-03T16:38:22","slug":"denapole-los-mercedinos-me-van-a-votar-porque-se-como-hacer-las-cosas","status":"publish","type":"post","link":"https:\/\/www.hoymercedes.com.ar\/principal\/2015\/07\/27\/denapole-los-mercedinos-me-van-a-votar-porque-se-como-hacer-las-cosas\/","title":{"rendered":"Den\u00e1pole: \u201cLos mercedinos me van a votar porque s\u00e9 c\u00f3mo hacer las cosas\u201d"},"content":{"rendered":"<p><a href=\"https:\/\/www.hoymercedes.com.ar\/principal\/wp-content\/uploads\/2015\/07\/MarceloDenapole.jpg\"><img loading=\"lazy\" decoding=\"async\" data-attachment-id=\"43416\" data-permalink=\"https:\/\/www.hoymercedes.com.ar\/principal\/2015\/07\/27\/denapole-los-mercedinos-me-van-a-votar-porque-se-como-hacer-las-cosas\/marcelodenapole\/#main\" data-orig-file=\"https:\/\/www.hoymercedes.com.ar\/principal\/wp-content\/uploads\/2015\/07\/MarceloDenapole.jpg\" data-orig-size=\"620,412\" data-comments-opened=\"1\" data-image-meta=\"{&quot;aperture&quot;:&quot;0&quot;,&quot;credit&quot;:&quot;&quot;,&quot;camera&quot;:&quot;&quot;,&quot;caption&quot;:&quot;&quot;,&quot;created_timestamp&quot;:&quot;0&quot;,&quot;copyright&quot;:&quot;&quot;,&quot;focal_length&quot;:&quot;0&quot;,&quot;iso&quot;:&quot;0&quot;,&quot;shutter_speed&quot;:&quot;0&quot;,&quot;title&quot;:&quot;&quot;,&quot;orientation&quot;:&quot;0&quot;}\" data-image-title=\"MarceloDenapole\" data-image-description=\"\" data-image-caption=\"\" data-large-file=\"https:\/\/www.hoymercedes.com.ar\/principal\/wp-content\/uploads\/2015\/07\/MarceloDenapole.jpg\" class=\"Img2014 aligncenter wp-image-43416 size-full\" title=\"Marcelo Den\u00e1pole \" src=\"https:\/\/www.hoymercedes.com.ar\/principal\/wp-content\/uploads\/2015\/07\/MarceloDenapole.jpg\" alt=\"MarceloDenapole\" width=\"620\" height=\"412\" srcset=\"https:\/\/www.hoymercedes.com.ar\/principal\/wp-content\/uploads\/2015\/07\/MarceloDenapole.jpg 620w, https:\/\/www.hoymercedes.com.ar\/principal\/wp-content\/uploads\/2015\/07\/MarceloDenapole-150x100.jpg 150w, https:\/\/www.hoymercedes.com.ar\/principal\/wp-content\/uploads\/2015\/07\/MarceloDenapole-290x193.jpg 290w, https:\/\/www.hoymercedes.com.ar\/principal\/wp-content\/uploads\/2015\/07\/MarceloDenapole-50x33.jpg 50w\" sizes=\"auto, (max-width: 620px) 100vw, 620px\" \/><\/a><\/p>\n<p><em><strong>El precandidato a intendente del Frente Renovador, Marcelo Den\u00e1pole, habl\u00f3 de algunos de sus proyectos, sobre reforzar los departamentos t\u00e9cnicos municipales, y los grandes trabajos de estructura de ingenier\u00eda porque \u201cpienso en el Mercedes del futuro\u201d. Reforzar\u00e1 temas ambientales y planifica atraer industrias y la realizaci\u00f3n de compras de tierras para diferentes planes de vivienda.<\/strong><\/em><br \/>\nEl precandidato a intendente por el Frente Renovador, ingeniero Marcelo Den\u00e1pole, accedi\u00f3 a una entrevista en la que no dej\u00f3 tema por hablar. L\u00f3gicamente, son muchos los temas a abordar con el actual presidente del Concejo Deliberante que acompa\u00f1a con su precandidatura a intendente, a la de Carlos Selva a Diputado Nacional, Felipe Sol\u00e1 a gobernador y Sergio Massa a presidente de los argentinos. Por lo que iremos haciendo entregas parciales, y dado el inter\u00e9s que reviste, ha sido segmentada.<\/p>\n<p>Den\u00e1pole comenz\u00f3 asegurando que \u201cdentro de lo que ha sido mi experiencia en la gesti\u00f3n, tanto en el departamento ejecutivo como en el legislativo, existen algunas cuestiones que he considerado necesarias t\u00e9cnicamente para una futura gesti\u00f3n en Mercedes. Una de ellas y principal, es ensanchar la 29. Vamos a ir avanzando sobre diversas propiedades, con la colaboraci\u00f3n crediticia de la Provincia, y la Naci\u00f3n, adem\u00e1s de los recursos propios. Otra cuesti\u00f3n fundamental, es bajo tierra. No pueden pasar m\u00e1s de veinte millones de litros de fluidos cloacal por d\u00eda en el nodo de 29 y 42. Es fundamental una obra que est\u00e1 aprobada, que es el colector de Zona Este que tomar\u00eda toda esa zona y derivar\u00eda parte de ese flu\u00eddo y no pasar\u00eda por este nodo que produce un gran desgaste en las paredes de los ca\u00f1os por todos estos gases \u00e1cidos y de acci\u00f3n biol\u00f3gica, una cuesti\u00f3n f\u00edsica, qu\u00edmica, y biol\u00f3gica que se va a producir si o si, entonces tenemos que hacer un cambio de este colector general que es hist\u00f3rico, y por el otro lado tenemos que hacer un derivador que permita todo el Servicio de la Zona Este, pero para que esto se produzca, este colector, llegar\u00eda luego al colector general ante la planta depuradora. Para que esto pase debemos ampliar la planta depuradora. El entubamiento de los dos canales pluviales a cielo abierto de la 16, y de la 15 que ya son junto con el colector, una obra que esta pedida a la Provincia de Buenos Aires, son tres obras que voy a estar gestionando permanentemente detr\u00e1s ellas. Para que uno pueda hacer este tipo de gestiones macro estrat\u00e9gicas, debe descansar sobre un equipo t\u00e9cnico profesionalizado y con pautas de protocolo profesional en su actuaci\u00f3n. Es fundamental enriquecer y jerarquizar el equipo t\u00e9cnico de trabajo municipal.<\/p>\n<p><strong>Todos los candidatos prometen obras lindas a la vista, \u00bfpor qu\u00e9 usted no?<\/strong><\/p>\n<p>No, porque yo estoy pensando en el Mercedes del futuro, mi paso no va a ser de vedetismo. Vengo a hacer un trabajo que creo no va a tener grandes aristas desde el punto de vista de la notoriedad. Prefiero trabajar con un perfil m\u00e1s t\u00e9cnico que haga la posibilidad de no estar en una permanente propaganda pol\u00edtica, si no, avanzando con el tema de las obras. Para esto conozco como se hace un expediente, como se gestiona t\u00e9cnicamente dentro del municipio, como se manda ese expediente a estamentos superiores de La Plata mediante un expediente 4075, posteriormente he sabido reunirme con los t\u00e9cnicos y hemos bajado las cuestiones al territorio. Lo mismo ocurre con la financiaci\u00f3n, y el control de las Obras correspondientes. Cada obra va a tener un expediente, que son los que se derivan al Tribunal de Cuenta. De esta forma, mi gesti\u00f3n ser\u00e1 teniendo a un lado el escritorio del contador, y del otro lado el de un representante legal porque todas las acciones del municipio deben ingresar\u00a0 y salir con la vista del reglamento de contabilidad, y del Departamento de Legales. Con un Departamento T\u00e9cnico que pienso fortalecer profundamente.<\/p>\n<p>Todo esto ser\u00eda, estructura. Como en una planta, la mayor cantidad de estructura debe darse con una mayor cantidad de ra\u00edces que den los recursos. Fundamental, y la otra visi\u00f3n estrat\u00e9gica, es la ampliaci\u00f3n de la Oficina de Reacudaci\u00f3n Fiscal, para que manteniendo todas las excepciones de los vulnerables sociales, incrementemos de una manera no litigiosa, la recaudaci\u00f3n de los que si pueden.<br \/>\n<strong>\u00bfPor qu\u00e9 deber\u00edan elegirlo a usted por sobre el resto de los candidatos?<\/strong><\/p>\n<p>Muy sinceramente, porque s\u00e9 como se hacen las cosas, porque fui siempre un interesado en aprender. Yo ingres\u00e9 y no traje personas amigas pol\u00edticamente. Les hago poner la camiseta de Mercedes a todos, y trato de respetarlos. El respeto tambi\u00e9n es entrar humildemente para aprender, y entonces, aprend\u00ed c\u00f3mo se hace un expediente, c\u00f3mo se maneja el organigrama del municipio, cu\u00e1les son las distintas aristas de este gran engranaje por donde entran diversas cuestiones. Muchas veces tenemos a gente rebotando como en un flipper porque no ingres\u00f3 por donde realmente deber\u00edan haber ingresado su solicitud. El Estado tiene la posibilidad de solucionarle problemas a la gente, pero tambi\u00e9n debe ser respetuoso cuando no se los puede solucionar, y se lo debe decir claramente, y para eso hay que tener una visi\u00f3n de amplitud.<\/p>\n<p>Me gusta crear ambientes de trabajo donde el objetivo no sea el trabajo a trav\u00e9s de una situaci\u00f3n de superioridad obligada, si no que el trabajo sea una cuesti\u00f3n amena, una cuesti\u00f3n de respeto, y una cuesti\u00f3n de seriedad hacia el objetivo general que es solucionarle los problemas a la gente, ver sus requerimientos y tambi\u00e9n ver la posibilidad de planear hacia futuro.<\/p>\n<p><strong>\u00bfCu\u00e1les son las falencias que se tienen en la actualidad desde el municipio?<\/strong><\/p>\n<p>Siempre hay cosas para mejorar. El Intendente Carlos Selva, en la compra de tierras, ha tenido que ir a comprar tierras para reorganizar el temas de las \u201ctomas\u201d, yo creo que en esto debemos dar un paso m\u00e1s adelante, e iniciar realmente una pol\u00edtica de tierras que tengan que ver con el Banco de Tierras, con la posibilidad de brindar tierras a distintos planes que vengan desde la Provincia, o desde la Naci\u00f3n. Tenemos que tener una visi\u00f3n estrat\u00e9gica.\u00a0 No podemos poner m\u00e1s de mil personas en una playa de maniobras de un tren, no podemos poner un pueblo donde no existe la posibilidad de encender un foco o un motor m\u00e1s, porque entra en una crisis energ\u00e9tica total, que no tiene agua corriente, que no tiene cloacas, que no tiene planta depuradora. Ac\u00e1 la Ordenanza de Zonificaci\u00f3n, nos marca donde hay una reserva urbana. La reserva urbana est\u00e1. Debemos salir a comprar tierras en las reservas urbanas, tener la posibilidad de generar planes de viviendas. Ese es uno de los objetivos que debe tener tambi\u00e9n el municipio.<\/p>\n<p>\u00bfQu\u00e9 tema le preocupa de la actual gesti\u00f3n? \u00bfQu\u00e9 le ha hecho pensar m\u00e1s de una vez de qu\u00e9 manera usted lo resolver\u00eda?<\/p>\n<p>Uno de los temas fundamentales, es que yo vi un crecimiento general del municipio. Yo ingres\u00e9 cuando Turismo, Desarrollo Social, Deportes y Salud eran un escritorito. Hoy tenemos un Piledeportivo a cielo abierto, Desarrollo Social y parte de educaci\u00f3n en el ex instituto Unzu\u00e9, Salud tiene un edificio y 19 Centros de Atenci\u00f3n Primaria a la Salud, Cultura con el teatro Argentino, los tres museos, los Jardines Maternales. La ciudad pas\u00f3 de tener cuarenta y algo de barrios, a tener sesenta y cinco. Y hay una parte que no se increment\u00f3 siguiendo esa evoluci\u00f3n, y es el tema de Servicios P\u00fablicos.<\/p>\n<p>Tenemos una estructura de Servicios P\u00fablicos para cuarenta barrios, y cuarenta mil habitantes. Mercedes hoy tiene sesenta y cinco mil habitantes. Tenemos que incrementar y trabajar mucho en eso. Tenemos que jerarquizar al empleado p\u00fablico, al de Servicios P\u00fablicos por sobre todo, mejorar las normas de seguridad, mejorar todo lo que sea equipamiento.<\/p>\n<p>Yo veo al vulnerable social estancado. Creo que lo fundamental como peronista, es intentar el fen\u00f3meno de la movilidad social ascendente, que es fundamental y que se vio mucho durante la primera \u00e9poca del Gobierno de Kirchner que se dieron muchos emprendimientos.<\/p>\n<p>Debemos incrementar el trabajo genuino porque es el gran ordenador social, el trabajo dignifica. Para hacer eso, nosotros tenemos que salir con una pol\u00edtica muy fuerte desde el punto de vista de la promoci\u00f3n industrial. El Intendente quiere vender los lotes de la ampliaci\u00f3n del Sector Industrial a valor del mercado, yo quiero ponerlo a $1.00 el metro cuadrado, para que vengan Empresas,\u00a0 darles todos los beneficios en las Tasas Municipales, gestionarles a esas Empresas desde el municipio el beneficio de las Tasas Provinciales, en ingresos brutos, en patentes de rodados , y mejorarles las posibilidades de los cr\u00e9ditos a Tasa subsidiada en los Bancos, hablar con los Bancos tanto a nivel Naci\u00f3n y Provincia para que las Empresas que est\u00e9n en Mercedes tengan todas estas cuestiones, y todos los beneficios que puedan haber desde el punto del municipio, tenerlos, pero con un criterio selectivo. Ese criterio selectivo tiene que ser el tema del Desarrollo Sustentable, pueden ser Empresas hasta categor\u00eda III, pero que no sean las de mayor complejidad ambiental porque andan muchas pululando por la provincia para poder instalarse en Parques Industriales. Tenemos que cuidar mucho el tema Ambiental. El criterio fundamental del Desarrollo Sustentable, es absorber los grados de molestias, dentro de los l\u00edmites de la parcela. Es decir, que lo que salga de una casa, como lo que salga de una f\u00e1brica, no debe producir problemas en otra parcela, y eso es para un efluente industrial, como para una situaci\u00f3n en una casa, en un boliche bailable con respecto a las emisiones sonoras, y ya sea desde una moto hasta un auto. Es un criterio general, que se est\u00e1 dando en muchas ciudades de Europa.<\/p>\n<p>Con la Econom\u00eda Social ascendente, hay trabajar en capacitaci\u00f3n, con herramientas progresivas. Primero, hay que evaluarlo y hay que capacitar a la gente, y despu\u00e9s, si se aplica una herramienta que no le produzca problemas econ\u00f3micos al emprendedor cuando reci\u00e9n se inicia, entonces tiene que ser el subsidio del fondo productivo, y luego de esto, reci\u00e9n aplicar el microcr\u00e9dito para la ampliaci\u00f3n de algo que ya prob\u00f3 que funciona. Porque si vos a una persona, le das un cr\u00e9dito donde se endeuda, y el proceso productivo no es viable, le estas poniendo un salvavidas de plomo. Luego de esa herramienta de microcr\u00e9dito, ya la persona puede volver al microcr\u00e9dito municipal, herramienta que tambi\u00e9n colabor\u00e9, de los fondos de subsidios, los fondos de microcr\u00e9ditos los cree durante mi gesti\u00f3n en la oficina de APES, \u00c1rea de Promoci\u00f3n de la Econom\u00eda Social, que es distinto a la Econom\u00eda Formal. Una vez que la persona va creciendo, y pasa de la Econom\u00eda Social, a la Econom\u00eda Formal, ya ingresa dentro del circuito de la Producci\u00f3n, del Ministerio de la Producci\u00f3n, con tasa subsidiada, y despu\u00e9s reci\u00e9n pasa a lo que es, digamos la Econom\u00eda Formal. Gracias a dios, en Mercedes tenemos algunos ejemplos de gente que empez\u00f3 con el subsidio municipal, y \u00a0hoy tiene su Empresa con local incluido. Eso es muy importante.<\/p>\n<p>Tuve la suerte de ser Vicepresidente durante mucho tiempo del centro IDEB, habiendo sido llamado por qui\u00e9n hab\u00eda sido mi patr\u00f3n en la actividad privada, C\u00e9sar Sanmart\u00edn, que era el presidente de la C\u00e1mara Econ\u00f3mica, y como Presidente del Centro IDEB, para m\u00ed fue un honor cuando me llam\u00f3 porque hay un precepto que me inculc\u00f3 mi padre, que es m\u00e1s importante como uno se va de un lugar, que como uno entra. Y a eso, lo que quiero aplicare dentro de la gesti\u00f3n municipal. Me tienen que votar a m\u00ed, porque yo conozco la Municipalidad, y tengo las ideas claras de lo que quiero para Mercedes, y se c\u00f3mo hacerlo.<\/p>\n<p><strong>-Hace mucho hincapi\u00e9 en el tema de medio ambiente\u2026<\/strong><\/p>\n<p>Desde lo ambiental hay que cumplir una Ordenanza de la cual soy autor ac\u00e1 en Mercedes, que es la Ordenanza de Humedales.\u00a0 Es fundamental en el cumplimiento. No aceptar m\u00e1s obras arquitect\u00f3nicas sobre las cuencas de los r\u00edos, en mi caso particular, sin ninguna excepci\u00f3n.\u00a0 Adem\u00e1s del mejoramiento de los m\u00e1rgenes, un mejoramiento que sea sustentable, tampoco vamos a venir a hacer desastres sobre el r\u00edo, pero hay que mejorar la situaci\u00f3n del cauce del r\u00edo Luj\u00e1n, pero tambi\u00e9n hay que respetar la zona perif\u00e9rica de humedales para que no existan ese tipo de cuestiones. Actualmente, conozco de humedales porque yo estoy trabajando en Entre R\u00edos en una zona que est\u00e1 entre Rosario y Victoria, donde hay humedales. S\u00e9 cu\u00e1l es el manejo del humedal, y que es lo que se puede hacer sobre un humedal, y lo que no se debe hacer sobre un humedal.<\/p>\n","protected":false},"excerpt":{"rendered":"<p>El precandidato a intendente del Frente Renovador, Marcelo Den\u00e1pole, habl\u00f3 de algunos de sus proyectos, sobre reforzar los departamentos t\u00e9cnicos &#8230; <a title=\"Den\u00e1pole: \u201cLos mercedinos me van a votar porque s\u00e9 c\u00f3mo hacer las cosas\u201d\" class=\"read-more\" href=\"https:\/\/www.hoymercedes.com.ar\/principal\/2015\/07\/27\/denapole-los-mercedinos-me-van-a-votar-porque-se-como-hacer-las-cosas\/\" aria-label=\"Leer m\u00e1s sobre Den\u00e1pole: \u201cLos mercedinos me van a votar porque s\u00e9 c\u00f3mo hacer las cosas\u201d\">Leer m\u00e1s<\/a><\/p>\n","protected":false},"author":1,"featured_media":43416,"comment_status":"open","ping_status":"open","sticky":false,"template":"","format":"standard","meta":{"_monsterinsights_skip_tracking":false,"_monsterinsights_sitenote_active":false,"_monsterinsights_sitenote_note":"","_monsterinsights_sitenote_category":0,"jetpack_post_was_ever_published":false,"_jetpack_newsletter_access":"","_jetpack_dont_email_post_to_subs":false,"_jetpack_newsletter_tier_id":0,"_jetpack_memberships_contains_paywalled_content":false,"_jetpack_memberships_contains_paid_content":false,"footnotes":"","jetpack_publicize_message":"","jetpack_publicize_feature_enabled":true,"jetpack_social_post_already_shared":true,"jetpack_social_options":{"image_generator_settings":{"template":"highway","default_image_id":0,"font":"","enabled":false},"version":2},"_wpas_customize_per_network":false},"categories":[5],"tags":[7685,3537,436],"class_list":["post-43415","post","type-post","status-publish","format-standard","has-post-thumbnail","hentry","category-politica","tag-candidato-a-intendente-mercdes","tag-frente-renovador","tag-marcelo-denapole","generate-columns","tablet-grid-50","mobile-grid-100","grid-parent","grid-50"],"jetpack_publicize_connections":[],"jetpack_featured_media_url":"https:\/\/www.hoymercedes.com.ar\/principal\/wp-content\/uploads\/2015\/07\/MarceloDenapole.jpg","wps_subtitle":"Elecciones 2015","jetpack_sharing_enabled":true,"jetpack-related-posts":[{"id":124403,"url":"https:\/\/www.hoymercedes.com.ar\/principal\/2021\/02\/05\/marcelo-denapole-dejo-la-direccion-de-produccion\/","url_meta":{"origin":43415,"position":0},"title":"Marcelo Den\u00e1pole dej\u00f3 la Direcci\u00f3n de Producci\u00f3n","author":"hoymercedes","date":"5 febrero, 2021","format":false,"excerpt":"Con la jubilaci\u00f3n docente en su poder, Marcelo Den\u00e1pole decidi\u00f3 tambi\u00e9n dejar la funci\u00f3n p\u00fablica en el Municipio de Mercedes. Casi 20 a\u00f1os trabaj\u00f3 en la comuna con cargos en el Ejecutivo y en el Legislativo. No obstante, anticip\u00f3 que no dejar\u00e1 la vida pol\u00edtica ni su tarea como Ingeniero\u2026","rel":"","context":"En \u00abPol\u00edtica\u00bb","block_context":{"text":"Pol\u00edtica","link":"https:\/\/www.hoymercedes.com.ar\/principal\/category\/politica\/"},"img":{"alt_text":"","src":"https:\/\/i0.wp.com\/www.hoymercedes.com.ar\/principal\/wp-content\/uploads\/2015\/07\/MarceloDenapole.jpg?resize=350%2C200&ssl=1","width":350,"height":200,"srcset":"https:\/\/i0.wp.com\/www.hoymercedes.com.ar\/principal\/wp-content\/uploads\/2015\/07\/MarceloDenapole.jpg?resize=350%2C200&ssl=1 1x, https:\/\/i0.wp.com\/www.hoymercedes.com.ar\/principal\/wp-content\/uploads\/2015\/07\/MarceloDenapole.jpg?resize=525%2C300&ssl=1 1.5x"},"classes":[]},{"id":43168,"url":"https:\/\/www.hoymercedes.com.ar\/principal\/2015\/07\/18\/pitu-flores-apoya-a-denapole-para-ganarle-al-kirchnerismo-debemos-estar-unidos-y-aca-lo-demostramos\/","url_meta":{"origin":43415,"position":1},"title":"Pitu Flores apoya a Denapole:  \u201cPara ganarle al kirchnerismo, debemos estar unidos, y ac\u00e1 lo demostramos\u201d","author":"hoymercedes","date":"18 julio, 2015","format":false,"excerpt":"El ex referente Macrista en nuestra ciudad, Eduardo \u201cPitu\u201d Flores, decididamente apoy\u00f3 la pre candidatura de Marcelo Den\u00e1pole del Frente Renovador. \u201cDen\u00e1pole encarna el cambio, pero el Cambio Justo en Mercedes\u201d. Jorge Espa\u00f1a, asegur\u00f3 que \u201cel kirchnerismo puede hacer un desastre en la ciudad\u201d. En tanto, Marcelo Den\u00e1pole, con la\u2026","rel":"","context":"En \u00abPol\u00edtica\u00bb","block_context":{"text":"Pol\u00edtica","link":"https:\/\/www.hoymercedes.com.ar\/principal\/category\/politica\/"},"img":{"alt_text":"","src":"https:\/\/i0.wp.com\/www.hoymercedes.com.ar\/principal\/wp-content\/uploads\/2015\/07\/Denapole-Flores-Espa%C3%B1a-PRO-FrenteRenovador.jpg?resize=350%2C200&ssl=1","width":350,"height":200,"srcset":"https:\/\/i0.wp.com\/www.hoymercedes.com.ar\/principal\/wp-content\/uploads\/2015\/07\/Denapole-Flores-Espa%C3%B1a-PRO-FrenteRenovador.jpg?resize=350%2C200&ssl=1 1x, https:\/\/i0.wp.com\/www.hoymercedes.com.ar\/principal\/wp-content\/uploads\/2015\/07\/Denapole-Flores-Espa%C3%B1a-PRO-FrenteRenovador.jpg?resize=525%2C300&ssl=1 1.5x"},"classes":[]},{"id":43566,"url":"https:\/\/www.hoymercedes.com.ar\/principal\/2015\/08\/02\/denapole-y-el-frente-renovador-cerraran-su-campana-el-proximo-jueves\/","url_meta":{"origin":43415,"position":2},"title":"Denapole y el Frente Renovador cerrar\u00e1n su campa\u00f1a el pr\u00f3ximo jueves","author":"hoymercedes","date":"2 agosto, 2015","format":false,"excerpt":"Este jueves, el Frente Renovador va a cerrar su campa\u00f1a electoral de cara a las PASO, a las 20 horas en el club Estudiantes, y aseguran, ser\u00e1 multitudinario. Con seguridad habr\u00e1 invitados especiales, discursos, y todo lo necesario para pasar un buen momento \u201ctodos juntos\u201d. El precandidato en primer t\u00e9rmino\u2026","rel":"","context":"En \u00abCiudad\u00bb","block_context":{"text":"Ciudad","link":"https:\/\/www.hoymercedes.com.ar\/principal\/category\/ciudad\/"},"img":{"alt_text":"","src":"https:\/\/i0.wp.com\/www.hoymercedes.com.ar\/principal\/wp-content\/uploads\/2015\/08\/selva-denapole.jpg?resize=350%2C200&ssl=1","width":350,"height":200,"srcset":"https:\/\/i0.wp.com\/www.hoymercedes.com.ar\/principal\/wp-content\/uploads\/2015\/08\/selva-denapole.jpg?resize=350%2C200&ssl=1 1x, https:\/\/i0.wp.com\/www.hoymercedes.com.ar\/principal\/wp-content\/uploads\/2015\/08\/selva-denapole.jpg?resize=525%2C300&ssl=1 1.5x"},"classes":[]},{"id":42886,"url":"https:\/\/www.hoymercedes.com.ar\/principal\/2015\/07\/05\/denapole-desde-el-frente-renovador-acelera-la-campana-a-la-intendente\/","url_meta":{"origin":43415,"position":3},"title":"Denapole, desde el Frente Renovador, acelera la campa\u00f1a a la intendente","author":"hoymercedes","date":"5 julio, 2015","format":false,"excerpt":"Se lanz\u00f3 la campa\u00f1a en las calles del Frente Renovador. Marcelo Den\u00e1pole y su lista de concejales y consejeros escolares, fueron parte de las mesas de divulgaci\u00f3n pol\u00edtica y mantuvieron contactos con los mercedinos haci\u00e9ndole llegar las propuestas. Tanto el precandidato a intendente, como Carlos Milhomme, explicaron por qu\u00e9 son\u2026","rel":"","context":"En \u00abPol\u00edtica\u00bb","block_context":{"text":"Pol\u00edtica","link":"https:\/\/www.hoymercedes.com.ar\/principal\/category\/politica\/"},"img":{"alt_text":"","src":"https:\/\/i0.wp.com\/www.hoymercedes.com.ar\/principal\/wp-content\/uploads\/2015\/07\/Denapole-Campa%C3%B1a.jpg?resize=350%2C200&ssl=1","width":350,"height":200,"srcset":"https:\/\/i0.wp.com\/www.hoymercedes.com.ar\/principal\/wp-content\/uploads\/2015\/07\/Denapole-Campa%C3%B1a.jpg?resize=350%2C200&ssl=1 1x, https:\/\/i0.wp.com\/www.hoymercedes.com.ar\/principal\/wp-content\/uploads\/2015\/07\/Denapole-Campa%C3%B1a.jpg?resize=525%2C300&ssl=1 1.5x"},"classes":[]},{"id":44813,"url":"https:\/\/www.hoymercedes.com.ar\/principal\/2015\/09\/24\/milhomme-estan-muy-preocupados-por-el-crecimiento-del-frente-renovador-con-marcelo-denapole\/","url_meta":{"origin":43415,"position":4},"title":"Milhomme: \u00abEst\u00e1n muy preocupados por el crecimiento del Frente Renovador con Marcelo Den\u00e1pole\u00bb","author":"hoymercedes","date":"24 septiembre, 2015","format":false,"excerpt":"Por: Carlos A. Milhomme \u00a0 Es evidente que la preocupaci\u00f3n de las dem\u00e1s fuerzas pol\u00edticas por el crecimiento en intenci\u00f3n de voto del Frente Renovador va creciendo d\u00eda a d\u00eda. Las publicaciones que intentan generar una corriente de opini\u00f3n marcando una polarizaci\u00f3n entre el \u201cFrente para la Victoria\u201d y \u201cCambiemos\u201d,\u2026","rel":"","context":"En \u00abOpini\u00f3n\u00bb","block_context":{"text":"Opini\u00f3n","link":"https:\/\/www.hoymercedes.com.ar\/principal\/category\/opinion\/"},"img":{"alt_text":"","src":"https:\/\/i0.wp.com\/www.hoymercedes.com.ar\/principal\/wp-content\/uploads\/2015\/08\/carlos-milhomme.jpg?resize=350%2C200&ssl=1","width":350,"height":200,"srcset":"https:\/\/i0.wp.com\/www.hoymercedes.com.ar\/principal\/wp-content\/uploads\/2015\/08\/carlos-milhomme.jpg?resize=350%2C200&ssl=1 1x, https:\/\/i0.wp.com\/www.hoymercedes.com.ar\/principal\/wp-content\/uploads\/2015\/08\/carlos-milhomme.jpg?resize=525%2C300&ssl=1 1.5x"},"classes":[]},{"id":42505,"url":"https:\/\/www.hoymercedes.com.ar\/principal\/2015\/06\/20\/lista-frente-renovador-encabeza-marcelo-denapole-y-carlos-milhomme-primer-concejal\/","url_meta":{"origin":43415,"position":5},"title":"Lista Frente Renovador: Encabeza Marcelo Denapole y Carlos Milhomme primer concejal","author":"hoymercedes","date":"20 junio, 2015","format":false,"excerpt":"El gran misterio se devel\u00f3 en \u00e9ste espacio pol\u00edtico. Marcelo Den\u00e1pole ser\u00e1 candidato a intendente por el selvismo. Carlos Selva, por su parte, ir\u00e1 por una diputaci\u00f3n provincial. A Den\u00e1pole lo acompa\u00f1ar\u00e1 Milhomme. A nivel nacional ir\u00e1n con la boleta de Sergio Massa. La lista qued\u00f3 conformada de la siguiente\u2026","rel":"","context":"En \u00abPol\u00edtica\u00bb","block_context":{"text":"Pol\u00edtica","link":"https:\/\/www.hoymercedes.com.ar\/principal\/category\/politica\/"},"img":{"alt_text":"","src":"https:\/\/i0.wp.com\/www.hoymercedes.com.ar\/principal\/wp-content\/uploads\/2015\/01\/denapole.jpg?resize=350%2C200&ssl=1","width":350,"height":200,"srcset":"https:\/\/i0.wp.com\/www.hoymercedes.com.ar\/principal\/wp-content\/uploads\/2015\/01\/denapole.jpg?resize=350%2C200&ssl=1 1x, https:\/\/i0.wp.com\/www.hoymercedes.com.ar\/principal\/wp-content\/uploads\/2015\/01\/denapole.jpg?resize=525%2C300&ssl=1 1.5x"},"classes":[]}],"_links":{"self":[{"href":"https:\/\/www.hoymercedes.com.ar\/principal\/wp-json\/wp\/v2\/posts\/43415","targetHints":{"allow":["GET"]}}],"collection":[{"href":"https:\/\/www.hoymercedes.com.ar\/principal\/wp-json\/wp\/v2\/posts"}],"about":[{"href":"https:\/\/www.hoymercedes.com.ar\/principal\/wp-json\/wp\/v2\/types\/post"}],"author":[{"embeddable":true,"href":"https:\/\/www.hoymercedes.com.ar\/principal\/wp-json\/wp\/v2\/users\/1"}],"replies":[{"embeddable":true,"href":"https:\/\/www.hoymercedes.com.ar\/principal\/wp-json\/wp\/v2\/comments?post=43415"}],"version-history":[{"count":0,"href":"https:\/\/www.hoymercedes.com.ar\/principal\/wp-json\/wp\/v2\/posts\/43415\/revisions"}],"wp:featuredmedia":[{"embeddable":true,"href":"https:\/\/www.hoymercedes.com.ar\/principal\/wp-json\/wp\/v2\/media\/43416"}],"wp:attachment":[{"href":"https:\/\/www.hoymercedes.com.ar\/principal\/wp-json\/wp\/v2\/media?parent=43415"}],"wp:term":[{"taxonomy":"category","embeddable":true,"href":"https:\/\/www.hoymercedes.com.ar\/principal\/wp-json\/wp\/v2\/categories?post=43415"},{"taxonomy":"post_tag","embeddable":true,"href":"https:\/\/www.hoymercedes.com.ar\/principal\/wp-json\/wp\/v2\/tags?post=43415"}],"curies":[{"name":"wp","href":"https:\/\/api.w.org\/{rel}","templated":true}]}}