{"id":43512,"date":"2015-07-29T20:01:50","date_gmt":"2015-07-29T23:01:50","guid":{"rendered":"http:\/\/www.hoymercedes.com.ar\/principal\/?p=43512"},"modified":"2015-07-31T12:11:38","modified_gmt":"2015-07-31T15:11:38","slug":"aspirantes-policia-local-recibieron-certificados-del-curso-de-rcp-que-realizaron","status":"publish","type":"post","link":"https:\/\/www.hoymercedes.com.ar\/principal\/2015\/07\/29\/aspirantes-policia-local-recibieron-certificados-del-curso-de-rcp-que-realizaron\/","title":{"rendered":"Aspirantes Policia Local recibieron certificados del curso de RCP que realizaron"},"content":{"rendered":"<p><a href=\"https:\/\/www.hoymercedes.com.ar\/principal\/wp-content\/uploads\/2015\/07\/policiallocal.mercedes.jpg\"><img loading=\"lazy\" decoding=\"async\" data-attachment-id=\"43513\" data-permalink=\"https:\/\/www.hoymercedes.com.ar\/principal\/2015\/07\/29\/aspirantes-policia-local-recibieron-certificados-del-curso-de-rcp-que-realizaron\/policiallocal-mercedes\/#main\" data-orig-file=\"https:\/\/www.hoymercedes.com.ar\/principal\/wp-content\/uploads\/2015\/07\/policiallocal.mercedes.jpg\" data-orig-size=\"620,348\" data-comments-opened=\"1\" data-image-meta=\"{&quot;aperture&quot;:&quot;0&quot;,&quot;credit&quot;:&quot;&quot;,&quot;camera&quot;:&quot;&quot;,&quot;caption&quot;:&quot;&quot;,&quot;created_timestamp&quot;:&quot;0&quot;,&quot;copyright&quot;:&quot;&quot;,&quot;focal_length&quot;:&quot;0&quot;,&quot;iso&quot;:&quot;0&quot;,&quot;shutter_speed&quot;:&quot;0&quot;,&quot;title&quot;:&quot;&quot;,&quot;orientation&quot;:&quot;0&quot;}\" data-image-title=\"policiallocal.mercedes\" data-image-description=\"\" data-image-caption=\"\" data-large-file=\"https:\/\/www.hoymercedes.com.ar\/principal\/wp-content\/uploads\/2015\/07\/policiallocal.mercedes.jpg\" class=\"aligncenter size-full wp-image-43513\" src=\"https:\/\/www.hoymercedes.com.ar\/principal\/wp-content\/uploads\/2015\/07\/policiallocal.mercedes.jpg\" alt=\"policiallocal.mercedes\" width=\"620\" height=\"348\" srcset=\"https:\/\/www.hoymercedes.com.ar\/principal\/wp-content\/uploads\/2015\/07\/policiallocal.mercedes.jpg 620w, https:\/\/www.hoymercedes.com.ar\/principal\/wp-content\/uploads\/2015\/07\/policiallocal.mercedes-150x84.jpg 150w, https:\/\/www.hoymercedes.com.ar\/principal\/wp-content\/uploads\/2015\/07\/policiallocal.mercedes-290x163.jpg 290w, https:\/\/www.hoymercedes.com.ar\/principal\/wp-content\/uploads\/2015\/07\/policiallocal.mercedes-50x28.jpg 50w\" sizes=\"auto, (max-width: 620px) 100vw, 620px\" \/><\/a><\/p>\n<p><em><strong>Durante la ma\u00f1ana de \u00e9ste en mi\u00e9rcoles en el Sal\u00f3n Dorado del ex Instituto Unzu\u00e9 se realiz\u00f3 la entrega de los certificados del curso de \u00abReanimaci\u00f3n Cardio Pulmonar\u00bb a los aspirantes de la Polic\u00eda de Prevenci\u00f3n Local.<\/strong><\/em><\/p>\n<p>El curso fue dictado por la Fundaci\u00f3n Hospital M\u00f3vil Bonaerense y los aspirantes obtienen el t\u00edtulo de rescatistas.<\/p>\n<p>En el acto estuvo presente el intendente Carlos Selva, junto al director operativo de Academia Polic\u00eda de Prevenci\u00f3n Local de Mercedes Sub Comisario Jos\u00e9 Luis Gimeno, el Jefe Departamental Com. Carlos Monta\u00f1ez, el director de Seguridad Esteban Rossi, el Director General de la Fundaci\u00f3n Hospital M\u00f3vil Bonaerense Dr. Mart\u00edn Jacobi y la Presidente de la misma fundaci\u00f3n Dra. M\u00e9dica Passini.<\/p>\n<p>En el acto se hizo entrega de 6 certificados en forma simb\u00f3lica para dar lugar luego del acto a la entrega a los 162 aspirantes que realizaron el curso de RCP.<\/p>\n<p>&nbsp;<\/p>\n","protected":false},"excerpt":{"rendered":"<p>Durante la ma\u00f1ana de \u00e9ste en mi\u00e9rcoles en el Sal\u00f3n Dorado del ex Instituto Unzu\u00e9 se realiz\u00f3 la entrega de &#8230; <a title=\"Aspirantes Policia Local recibieron certificados del curso de RCP que realizaron\" class=\"read-more\" href=\"https:\/\/www.hoymercedes.com.ar\/principal\/2015\/07\/29\/aspirantes-policia-local-recibieron-certificados-del-curso-de-rcp-que-realizaron\/\" aria-label=\"Leer m\u00e1s sobre Aspirantes Policia Local recibieron certificados del curso de RCP que realizaron\">Leer m\u00e1s<\/a><\/p>\n","protected":false},"author":1,"featured_media":43513,"comment_status":"open","ping_status":"open","sticky":false,"template":"","format":"standard","meta":{"_monsterinsights_skip_tracking":false,"_monsterinsights_sitenote_active":false,"_monsterinsights_sitenote_note":"","_monsterinsights_sitenote_category":0,"jetpack_post_was_ever_published":false,"_jetpack_newsletter_access":"","_jetpack_dont_email_post_to_subs":false,"_jetpack_newsletter_tier_id":0,"_jetpack_memberships_contains_paywalled_content":false,"_jetpack_memberships_contains_paid_content":false,"footnotes":"","jetpack_publicize_message":"","jetpack_publicize_feature_enabled":true,"jetpack_social_post_already_shared":true,"jetpack_social_options":{"image_generator_settings":{"template":"highway","default_image_id":0,"font":"","enabled":false},"version":2},"_wpas_customize_per_network":false},"categories":[85],"tags":[7694],"class_list":["post-43512","post","type-post","status-publish","format-standard","has-post-thumbnail","hentry","category-policial","tag-policia-local-mercedes","generate-columns","tablet-grid-50","mobile-grid-100","grid-parent","grid-50"],"jetpack_publicize_connections":[],"jetpack_featured_media_url":"https:\/\/www.hoymercedes.com.ar\/principal\/wp-content\/uploads\/2015\/07\/policiallocal.mercedes.jpg","wps_subtitle":"Formaci\u00f3n de la nueva fuerza de seguridad","jetpack_sharing_enabled":true,"_links":{"self":[{"href":"https:\/\/www.hoymercedes.com.ar\/principal\/wp-json\/wp\/v2\/posts\/43512","targetHints":{"allow":["GET"]}}],"collection":[{"href":"https:\/\/www.hoymercedes.com.ar\/principal\/wp-json\/wp\/v2\/posts"}],"about":[{"href":"https:\/\/www.hoymercedes.com.ar\/principal\/wp-json\/wp\/v2\/types\/post"}],"author":[{"embeddable":true,"href":"https:\/\/www.hoymercedes.com.ar\/principal\/wp-json\/wp\/v2\/users\/1"}],"replies":[{"embeddable":true,"href":"https:\/\/www.hoymercedes.com.ar\/principal\/wp-json\/wp\/v2\/comments?post=43512"}],"version-history":[{"count":0,"href":"https:\/\/www.hoymercedes.com.ar\/principal\/wp-json\/wp\/v2\/posts\/43512\/revisions"}],"wp:featuredmedia":[{"embeddable":true,"href":"https:\/\/www.hoymercedes.com.ar\/principal\/wp-json\/wp\/v2\/media\/43513"}],"wp:attachment":[{"href":"https:\/\/www.hoymercedes.com.ar\/principal\/wp-json\/wp\/v2\/media?parent=43512"}],"wp:term":[{"taxonomy":"category","embeddable":true,"href":"https:\/\/www.hoymercedes.com.ar\/principal\/wp-json\/wp\/v2\/categories?post=43512"},{"taxonomy":"post_tag","embeddable":true,"href":"https:\/\/www.hoymercedes.com.ar\/principal\/wp-json\/wp\/v2\/tags?post=43512"}],"curies":[{"name":"wp","href":"https:\/\/api.w.org\/{rel}","templated":true}]}}