{"id":43525,"date":"2015-07-31T00:41:37","date_gmt":"2015-07-31T03:41:37","guid":{"rendered":"http:\/\/www.hoymercedes.com.ar\/principal\/?p=43525"},"modified":"2015-07-31T13:58:15","modified_gmt":"2015-07-31T16:58:15","slug":"felipe-sola-visito-la-ciudad-y-se-reunio-con-el-intendente-selva","status":"publish","type":"post","link":"https:\/\/www.hoymercedes.com.ar\/principal\/2015\/07\/31\/felipe-sola-visito-la-ciudad-y-se-reunio-con-el-intendente-selva\/","title":{"rendered":"Felipe Sol\u00e1 visit\u00f3 la ciudad y se reuni\u00f3 con el intendente Selva"},"content":{"rendered":"<p><a href=\"https:\/\/www.hoymercedes.com.ar\/principal\/wp-content\/uploads\/2015\/07\/selva.sola_.jpg\"><img loading=\"lazy\" decoding=\"async\" data-attachment-id=\"43526\" data-permalink=\"https:\/\/www.hoymercedes.com.ar\/principal\/2015\/07\/31\/felipe-sola-visito-la-ciudad-y-se-reunio-con-el-intendente-selva\/selva-sola-2\/#main\" data-orig-file=\"https:\/\/www.hoymercedes.com.ar\/principal\/wp-content\/uploads\/2015\/07\/selva.sola_.jpg\" data-orig-size=\"620,378\" data-comments-opened=\"1\" data-image-meta=\"{&quot;aperture&quot;:&quot;0&quot;,&quot;credit&quot;:&quot;&quot;,&quot;camera&quot;:&quot;&quot;,&quot;caption&quot;:&quot;&quot;,&quot;created_timestamp&quot;:&quot;0&quot;,&quot;copyright&quot;:&quot;&quot;,&quot;focal_length&quot;:&quot;0&quot;,&quot;iso&quot;:&quot;0&quot;,&quot;shutter_speed&quot;:&quot;0&quot;,&quot;title&quot;:&quot;&quot;,&quot;orientation&quot;:&quot;0&quot;}\" data-image-title=\"selva.sola\" data-image-description=\"\" data-image-caption=\"\" data-large-file=\"https:\/\/www.hoymercedes.com.ar\/principal\/wp-content\/uploads\/2015\/07\/selva.sola_.jpg\" class=\"Img2014 aligncenter wp-image-43526 size-full\" src=\"https:\/\/www.hoymercedes.com.ar\/principal\/wp-content\/uploads\/2015\/07\/selva.sola_.jpg\" alt=\"selva.sola\" width=\"620\" height=\"378\" srcset=\"https:\/\/www.hoymercedes.com.ar\/principal\/wp-content\/uploads\/2015\/07\/selva.sola_.jpg 620w, https:\/\/www.hoymercedes.com.ar\/principal\/wp-content\/uploads\/2015\/07\/selva.sola_-150x91.jpg 150w, https:\/\/www.hoymercedes.com.ar\/principal\/wp-content\/uploads\/2015\/07\/selva.sola_-290x177.jpg 290w, https:\/\/www.hoymercedes.com.ar\/principal\/wp-content\/uploads\/2015\/07\/selva.sola_-50x30.jpg 50w\" sizes=\"auto, (max-width: 620px) 100vw, 620px\" \/><\/a><\/p>\n<p>&nbsp;<\/p>\n<p><em><strong>El precandidato a gobernador de la provincia de Buenos Aires con mayor intenci\u00f3n de votos seg\u00fan todas las encuestadoras, Felipe Sol\u00e1, pas\u00f3 por nuestra ciudad, en plena recorrida a las ciudades de Suipacha y Chivilcoy, para tomar un caf\u00e9 con el precandidato a diputado nacional por el Frente Renovador y actual intendente de nuestra ciudad, Carlos Selva, y luego volver raudamente a Buenos Aires, por diferentes compromisos televisivos en plena recta final de la campa\u00f1a electoral previa a las PASO.<\/strong><\/em><\/p>\n<p>Seg\u00fan nos coment\u00f3 el propio ingeniero Sol\u00e1, \u201chago una pasada por esta ciudad que me representa tanto, s\u00f3lo para compartir un caf\u00e9 con el intendente Selva, que si bien estamos permanentemente en contacto sobre c\u00f3mo se est\u00e1 desarrollando la campa\u00f1a en toda la provincia, siempre es bueno charlar con un hombre de la talla pol\u00edtica que tiene el intendente mercedino, adem\u00e1s, -agreg\u00f3- quienes somos respetuosos de las instituciones, sabemos c\u00f3mo hay que manejarse\u201d.<\/p>\n<p>El intendente Selva y Sol\u00e1, compartieron un caf\u00e9 en la confiter\u00eda de avenida 17 y 2 a solas, y cuando estaba por seguir rumbo a Suipacha, pudimos realizarle algunas preguntas, no sin antes contarnos que estaba con algunas l\u00edneas de fiebre, iba a Suipacha, Chivilcoy, y de ah\u00ed regresar a Capital Federal a cumplir con los compromisos ya tomados con diferentes programas de TV para esta noche.<\/p>\n<p>Sobre la problem\u00e1tica laboral, Sol\u00e1 asegur\u00f3 que \u201cen Buenos Aires el empleo formal es el puente para el progreso social de cada familia, porque el empleo formal reafirma la dignidad de las personas. Vamos a crear en 4 a\u00f1os, alrededor de 1.000.000 de empleos formales en el sector privado por medio de cr\u00e9ditos y la construcci\u00f3n de viviendas. Vamos a fortalecer la agroindustria y las producciones regionales, y a eso, la gente del interior de la provincia, sabe muy bien que s\u00e9 c\u00f3mo hacerlo. Tambi\u00e9n trabajaremos muy duro para el derecho al primer empleo joven y un nuevo sistema integral y gradual de empalme entre los planes sociales y el empleo formal, que ya lo anunci\u00f3 Sergio hace dos d\u00edas atr\u00e1s\u201d.<\/p>\n<p>\u201cCada familia tiene derecho a una vivienda digna, y para eso, vamos a otorgar cr\u00e9ditos hipotecarios y a construir 400.000 viviendas para las familias en los pr\u00f3ximos cuatro a\u00f1os. Vamos a garantizar la seguridad de los vecinos. Bajaremos los \u00edndices delictuales y los conflictos. Tendremos una polic\u00eda Provincial conducida por el Gobernador y una Polic\u00eda Municipal bajo el mando del Intendente, controladas por los ciudadanos relanzando los Foros Vecinales de Seguridad, con tecnolog\u00eda, de la que Mercedes est\u00e1 a la vanguardia y en coordinaci\u00f3n con las fuerzas nacionales. La lucha que emprenderemos contra la droga, la prevenci\u00f3n y la asistencia de las adicciones ser\u00e1 una pol\u00edtica de Estado, porque la droga est\u00e1 destruyendo una generaci\u00f3n de chicos y j\u00f3venes, y vamos a crear una Agencia Especial de Lucha contra el Narcotr\u00e1fico. Sancionaremos un C\u00f3digo Procesal Penal que impida las trampas procesales de los jueces \u201csaca-presos\u201d que garantice el cumplimiento efectivo de las penas a quienes cometen delitos y la protecci\u00f3n y la asistencia a las v\u00edctimas\u201d, manifest\u00f3 respecto al tema seguridad.<\/p>\n<p>\u201cCon la educaci\u00f3n de calidad -prosigui\u00f3-, garantizamos ciudadanos libres y con m\u00e1s igualdad de oportunidades, vamos a implementar la educaci\u00f3n inicial desde los 3 a\u00f1os con seguridad alimentaria, estimulaci\u00f3n e inclusi\u00f3n digital temprana y una transformaci\u00f3n en la escuela secundaria por medio de un nuevo sistema dual que vincule educaci\u00f3n y trabajo para preparar a los chicos, para el mundo laboral, y que los encuentre listos para enfrentarlo. Y para cerrar el di\u00e1logo, Sol\u00e1 adujo que \u201cya vamos a venir a visitar Mercedes, a eso lo coordinamos r\u00e1pidamente con Carlos \u2013por Carlos Selva- por tel\u00e9fono simplemente. Sabemos de crecimiento que estamos teniendo en toda la provincia de Buenos Aires como tambi\u00e9n en el resto del pa\u00eds, y no me gu\u00edo de las encuestas que vienen a mostrarme, uno se da cuenta r\u00e1pidamente cuando el electorado comienza a voltearse para un lado o el otro. En la provincia estamos cada vez m\u00e1s firmes, y Sergio Massa sigue creciendo. Por algo somos un equipo, crece Massa, crece Felipe, crece Carlos Selva, y tambi\u00e9n va creciendo la candidatura de Marcelo Den\u00e1pole\u201d.<\/p>\n","protected":false},"excerpt":{"rendered":"<p>&nbsp; El precandidato a gobernador de la provincia de Buenos Aires con mayor intenci\u00f3n de votos seg\u00fan todas las encuestadoras, &#8230; <a title=\"Felipe Sol\u00e1 visit\u00f3 la ciudad y se reuni\u00f3 con el intendente Selva\" class=\"read-more\" href=\"https:\/\/www.hoymercedes.com.ar\/principal\/2015\/07\/31\/felipe-sola-visito-la-ciudad-y-se-reunio-con-el-intendente-selva\/\" aria-label=\"Leer m\u00e1s sobre Felipe Sol\u00e1 visit\u00f3 la ciudad y se reuni\u00f3 con el intendente Selva\">Leer m\u00e1s<\/a><\/p>\n","protected":false},"author":1,"featured_media":43526,"comment_status":"open","ping_status":"open","sticky":false,"template":"","format":"standard","meta":{"_monsterinsights_skip_tracking":false,"_monsterinsights_sitenote_active":false,"_monsterinsights_sitenote_note":"","_monsterinsights_sitenote_category":0,"jetpack_post_was_ever_published":false,"_jetpack_newsletter_access":"","_jetpack_dont_email_post_to_subs":false,"_jetpack_newsletter_tier_id":0,"_jetpack_memberships_contains_paywalled_content":false,"_jetpack_memberships_contains_paid_content":false,"footnotes":"","jetpack_publicize_message":"","jetpack_publicize_feature_enabled":true,"jetpack_social_post_already_shared":true,"jetpack_social_options":{"image_generator_settings":{"template":"highway","default_image_id":0,"font":"","enabled":false},"version":2},"_wpas_customize_per_network":false},"categories":[5],"tags":[39,6674,3647],"class_list":["post-43525","post","type-post","status-publish","format-standard","has-post-thumbnail","hentry","category-politica","tag-carlos-selva","tag-felipe-sola","tag-frente-renovador-mercedes","generate-columns","tablet-grid-50","mobile-grid-100","grid-parent","grid-50"],"jetpack_publicize_connections":[],"jetpack_featured_media_url":"https:\/\/www.hoymercedes.com.ar\/principal\/wp-content\/uploads\/2015\/07\/selva.sola_.jpg","wps_subtitle":"Cafe y di\u00e1logo","jetpack_sharing_enabled":true,"jetpack-related-posts":[{"id":24360,"url":"https:\/\/www.hoymercedes.com.ar\/principal\/2013\/07\/31\/felipe-sola-caminara-mercedes-junto-a-selva-este-jueves-por-la-tarde\/","url_meta":{"origin":43525,"position":0},"title":"Felipe Sol\u00e1 caminar\u00e1 Mercedes, junto a Selva, este jueves por la tarde","author":"hoymercedes","date":"31 julio, 2013","format":false,"excerpt":"El candidato a diputado nacional por el Frente Renovador Felipe Sol\u00e1 visitar\u00e1 Mercedes el pr\u00f3ximo jueves por la tarde, como parte de una tarea de militancia y campa\u00f1a proselitista dentro del Frente Renovador, partido que integra junto a Massa. El intendente Carlos Selva ser\u00e1 el anfitri\u00f3n de la visita del\u2026","rel":"","context":"En \u00abPol\u00edtica\u00bb","block_context":{"text":"Pol\u00edtica","link":"https:\/\/www.hoymercedes.com.ar\/principal\/category\/politica\/"},"img":{"alt_text":"Felipe Sol\u00e1","src":"https:\/\/i0.wp.com\/www.hoymercedes.com.ar\/principal\/wp-content\/uploads\/2013\/07\/felipesola.jpg?resize=350%2C200","width":350,"height":200,"srcset":"https:\/\/i0.wp.com\/www.hoymercedes.com.ar\/principal\/wp-content\/uploads\/2013\/07\/felipesola.jpg?resize=350%2C200 1x, https:\/\/i0.wp.com\/www.hoymercedes.com.ar\/principal\/wp-content\/uploads\/2013\/07\/felipesola.jpg?resize=525%2C300 1.5x"},"classes":[]},{"id":64889,"url":"https:\/\/www.hoymercedes.com.ar\/principal\/2017\/07\/14\/felipe-sola-acompanara-a-los-candidatos-de-1pais-de-mercedes\/","url_meta":{"origin":43525,"position":1},"title":"Felipe Sol\u00e1 acompa\u00f1ar\u00e1 a los candidatos de 1Pa\u00eds de Mercedes","author":"hoymercedes","date":"14 julio, 2017","format":false,"excerpt":"El diputado nacional Felipe Sol\u00e1 visitar\u00e1 la ciudad de Mercedes este s\u00e1bado 15 de julio. Sol\u00e1, primer pre candidato al mismo cargo por 1Pa\u00eds, acompa\u00f1ar\u00e1 a los pre candidatos locales como parte de la campa\u00f1a con vistas a las elecciones Primarias Abiertas Simult\u00e1neas y Obligatorias (PASO), del pr\u00f3ximo 13 de\u2026","rel":"","context":"En \u00abPol\u00edtica\u00bb","block_context":{"text":"Pol\u00edtica","link":"https:\/\/www.hoymercedes.com.ar\/principal\/category\/politica\/"},"img":{"alt_text":"","src":"https:\/\/i0.wp.com\/www.hoymercedes.com.ar\/principal\/wp-content\/uploads\/2017\/07\/14-felipe.jpg?resize=350%2C200&ssl=1","width":350,"height":200,"srcset":"https:\/\/i0.wp.com\/www.hoymercedes.com.ar\/principal\/wp-content\/uploads\/2017\/07\/14-felipe.jpg?resize=350%2C200&ssl=1 1x, https:\/\/i0.wp.com\/www.hoymercedes.com.ar\/principal\/wp-content\/uploads\/2017\/07\/14-felipe.jpg?resize=525%2C300&ssl=1 1.5x"},"classes":[]},{"id":39831,"url":"https:\/\/www.hoymercedes.com.ar\/principal\/2015\/02\/28\/selva-junto-a-massa-y-pre-candidatos-a-gobernador-del-frente-renovador\/","url_meta":{"origin":43525,"position":2},"title":"Selva junto a Massa  y pre candidatos a gobernador del Frente Renovador","author":"hoymercedes","date":"28 febrero, 2015","format":false,"excerpt":"El intendete Carlos Selva volvi\u00f3 a ser parte de un encuentro de la plana mayor del Frente Renovador. En esta ocasi\u00f3n junto a Massa y los cuatro pre candidatos a gobernador por la Provincia de Buenos Aires en una reuni\u00f3n pol\u00edtica llevada a cabo en la localidad de Junin. All\u00ed\u2026","rel":"","context":"En \u00abPol\u00edtica\u00bb","block_context":{"text":"Pol\u00edtica","link":"https:\/\/www.hoymercedes.com.ar\/principal\/category\/politica\/"},"img":{"alt_text":"Selva-Junin","src":"https:\/\/i0.wp.com\/www.hoymercedes.com.ar\/principal\/wp-content\/uploads\/2015\/02\/Selva-Junin.jpg?resize=350%2C200","width":350,"height":200,"srcset":"https:\/\/i0.wp.com\/www.hoymercedes.com.ar\/principal\/wp-content\/uploads\/2015\/02\/Selva-Junin.jpg?resize=350%2C200 1x, https:\/\/i0.wp.com\/www.hoymercedes.com.ar\/principal\/wp-content\/uploads\/2015\/02\/Selva-Junin.jpg?resize=525%2C300 1.5x"},"classes":[]},{"id":44489,"url":"https:\/\/www.hoymercedes.com.ar\/principal\/2015\/09\/09\/una-importante-encuentro-en-mercedes-con-sola-arroyos-selva-denapole-entre-otros\/","url_meta":{"origin":43525,"position":3},"title":"UNA: importante encuentro en Mercedes con Sol\u00e1, Arroyos, Selva, Den\u00e1pole entre otros","author":"hoymercedes","date":"9 septiembre, 2015","format":false,"excerpt":"Tal como inform\u00e1bamos el martes por la noche se concret\u00f3 un importante encuentro en Mercedes con la participaci\u00f3n de Felipe Sol\u00e1, Daniel Arroyos, candidatos a intendente, diputados y concejales del Frente Renovador. Selva y Denapole fueron anfitriones en Casa An\u00fas. Durante la noche del martes, se llev\u00f3 adelante una reuni\u00f3n\u2026","rel":"","context":"En \u00abPol\u00edtica\u00bb","block_context":{"text":"Pol\u00edtica","link":"https:\/\/www.hoymercedes.com.ar\/principal\/category\/politica\/"},"img":{"alt_text":"","src":"https:\/\/i0.wp.com\/www.hoymercedes.com.ar\/principal\/wp-content\/uploads\/2015\/09\/sola.denapole-dulevich.jpg?resize=350%2C200&ssl=1","width":350,"height":200,"srcset":"https:\/\/i0.wp.com\/www.hoymercedes.com.ar\/principal\/wp-content\/uploads\/2015\/09\/sola.denapole-dulevich.jpg?resize=350%2C200&ssl=1 1x, https:\/\/i0.wp.com\/www.hoymercedes.com.ar\/principal\/wp-content\/uploads\/2015\/09\/sola.denapole-dulevich.jpg?resize=525%2C300&ssl=1 1.5x"},"classes":[]},{"id":38314,"url":"https:\/\/www.hoymercedes.com.ar\/principal\/2014\/12\/10\/giustozzi-se-lanza-y-mercedes-estara-presente\/","url_meta":{"origin":43525,"position":4},"title":"Giustozzi se lanza y Mercedes estar\u00e1 presente","author":"hoymercedes","date":"10 diciembre, 2014","format":false,"excerpt":"Este mi\u00e9rcoles Dario Giustozzi realiza el acto lanzamiento de su postulaci\u00f3n a gobernador por el Frente Renovador. Lo har\u00e1 en Parque Norte. Se espera importante participaci\u00f3n de p\u00fablico y un buen n\u00famero de mercedinos. Seg\u00fan informan en www.buenosairesnoticias.com \u201cEl jefe de la bancada de diputados del Frente Renovador, Dar\u00edo Giustozzi,\u00a0\u2026","rel":"","context":"En \u00abPol\u00edtica\u00bb","block_context":{"text":"Pol\u00edtica","link":"https:\/\/www.hoymercedes.com.ar\/principal\/category\/politica\/"},"img":{"alt_text":"selva-guistozzi","src":"https:\/\/i0.wp.com\/www.hoymercedes.com.ar\/principal\/wp-content\/uploads\/2014\/12\/selva-guistozzi.jpg?resize=350%2C200","width":350,"height":200,"srcset":"https:\/\/i0.wp.com\/www.hoymercedes.com.ar\/principal\/wp-content\/uploads\/2014\/12\/selva-guistozzi.jpg?resize=350%2C200 1x, https:\/\/i0.wp.com\/www.hoymercedes.com.ar\/principal\/wp-content\/uploads\/2014\/12\/selva-guistozzi.jpg?resize=525%2C300 1.5x"},"classes":[]},{"id":24451,"url":"https:\/\/www.hoymercedes.com.ar\/principal\/2013\/08\/02\/felipe-sola-en-mercedes-la-provincia-esta-devastada\/","url_meta":{"origin":43525,"position":5},"title":"Felipe Sol\u00e1 en Mercedes: \u201cla provincia est\u00e1 devastada\u201d","author":"hoymercedes","date":"2 agosto, 2013","format":false,"excerpt":"Felipe Sol\u00e1 estuvo en Mercedes y fue parte de diversas actividades junto al Frente Renovador y la Agrupaci\u00f3n 17 de Octubre durante la tarde de este jueves. Golpe\u00f3 duro al gobernador Scioli, defendi\u00f3 el rol actual del Frente Renovador y coment\u00f3 diversas decisiones que \u00e9l tom\u00f3 en su pasado. El\u2026","rel":"","context":"En \u00abPol\u00edtica\u00bb","block_context":{"text":"Pol\u00edtica","link":"https:\/\/www.hoymercedes.com.ar\/principal\/category\/politica\/"},"img":{"alt_text":"Sol\u00e1 en Mercedes","src":"https:\/\/i0.wp.com\/www.hoymercedes.com.ar\/principal\/wp-content\/uploads\/2013\/08\/sola.selva_.frenterenovador.jpg?resize=350%2C200","width":350,"height":200,"srcset":"https:\/\/i0.wp.com\/www.hoymercedes.com.ar\/principal\/wp-content\/uploads\/2013\/08\/sola.selva_.frenterenovador.jpg?resize=350%2C200 1x, https:\/\/i0.wp.com\/www.hoymercedes.com.ar\/principal\/wp-content\/uploads\/2013\/08\/sola.selva_.frenterenovador.jpg?resize=525%2C300 1.5x"},"classes":[]}],"_links":{"self":[{"href":"https:\/\/www.hoymercedes.com.ar\/principal\/wp-json\/wp\/v2\/posts\/43525","targetHints":{"allow":["GET"]}}],"collection":[{"href":"https:\/\/www.hoymercedes.com.ar\/principal\/wp-json\/wp\/v2\/posts"}],"about":[{"href":"https:\/\/www.hoymercedes.com.ar\/principal\/wp-json\/wp\/v2\/types\/post"}],"author":[{"embeddable":true,"href":"https:\/\/www.hoymercedes.com.ar\/principal\/wp-json\/wp\/v2\/users\/1"}],"replies":[{"embeddable":true,"href":"https:\/\/www.hoymercedes.com.ar\/principal\/wp-json\/wp\/v2\/comments?post=43525"}],"version-history":[{"count":0,"href":"https:\/\/www.hoymercedes.com.ar\/principal\/wp-json\/wp\/v2\/posts\/43525\/revisions"}],"wp:featuredmedia":[{"embeddable":true,"href":"https:\/\/www.hoymercedes.com.ar\/principal\/wp-json\/wp\/v2\/media\/43526"}],"wp:attachment":[{"href":"https:\/\/www.hoymercedes.com.ar\/principal\/wp-json\/wp\/v2\/media?parent=43525"}],"wp:term":[{"taxonomy":"category","embeddable":true,"href":"https:\/\/www.hoymercedes.com.ar\/principal\/wp-json\/wp\/v2\/categories?post=43525"},{"taxonomy":"post_tag","embeddable":true,"href":"https:\/\/www.hoymercedes.com.ar\/principal\/wp-json\/wp\/v2\/tags?post=43525"}],"curies":[{"name":"wp","href":"https:\/\/api.w.org\/{rel}","templated":true}]}}