{"id":43554,"date":"2015-08-01T17:40:47","date_gmt":"2015-08-01T20:40:47","guid":{"rendered":"http:\/\/www.hoymercedes.com.ar\/principal\/?p=43554"},"modified":"2015-08-02T16:16:00","modified_gmt":"2015-08-02T19:16:00","slug":"daniel-bernal-presento-lista-ideas-y-recibio-la-visita-de-eduardo-donofrio","status":"publish","type":"post","link":"https:\/\/www.hoymercedes.com.ar\/principal\/2015\/08\/01\/daniel-bernal-presento-lista-ideas-y-recibio-la-visita-de-eduardo-donofrio\/","title":{"rendered":"Daniel Bernal present\u00f3 lista, ideas y recibi\u00f3 la visita de Eduardo D\u00b4Onofrio"},"content":{"rendered":"<p><a href=\"https:\/\/www.hoymercedes.com.ar\/principal\/wp-content\/uploads\/2015\/08\/CompromisoFederalMercedes.jpg\"><img loading=\"lazy\" decoding=\"async\" data-attachment-id=\"43555\" data-permalink=\"https:\/\/www.hoymercedes.com.ar\/principal\/2015\/08\/01\/daniel-bernal-presento-lista-ideas-y-recibio-la-visita-de-eduardo-donofrio\/compromisofederalmercedes\/#main\" data-orig-file=\"https:\/\/www.hoymercedes.com.ar\/principal\/wp-content\/uploads\/2015\/08\/CompromisoFederalMercedes.jpg\" data-orig-size=\"620,372\" data-comments-opened=\"1\" data-image-meta=\"{&quot;aperture&quot;:&quot;2.6&quot;,&quot;credit&quot;:&quot;&quot;,&quot;camera&quot;:&quot;SM-G360M&quot;,&quot;caption&quot;:&quot;&quot;,&quot;created_timestamp&quot;:&quot;1438432402&quot;,&quot;copyright&quot;:&quot;&quot;,&quot;focal_length&quot;:&quot;3.31&quot;,&quot;iso&quot;:&quot;250&quot;,&quot;shutter_speed&quot;:&quot;0.058823529411765&quot;,&quot;title&quot;:&quot;&quot;,&quot;orientation&quot;:&quot;0&quot;}\" data-image-title=\"CompromisoFederalMercedes\" data-image-description=\"\" data-image-caption=\"\" data-large-file=\"https:\/\/www.hoymercedes.com.ar\/principal\/wp-content\/uploads\/2015\/08\/CompromisoFederalMercedes.jpg\" class=\"Img2014 aligncenter wp-image-43555 size-full\" title=\"Daniel Bernal, Compromiso Federal Mercedes \" src=\"https:\/\/www.hoymercedes.com.ar\/principal\/wp-content\/uploads\/2015\/08\/CompromisoFederalMercedes.jpg\" alt=\"CompromisoFederalMercedes\" width=\"620\" height=\"372\" srcset=\"https:\/\/www.hoymercedes.com.ar\/principal\/wp-content\/uploads\/2015\/08\/CompromisoFederalMercedes.jpg 620w, https:\/\/www.hoymercedes.com.ar\/principal\/wp-content\/uploads\/2015\/08\/CompromisoFederalMercedes-150x90.jpg 150w, https:\/\/www.hoymercedes.com.ar\/principal\/wp-content\/uploads\/2015\/08\/CompromisoFederalMercedes-290x174.jpg 290w, https:\/\/www.hoymercedes.com.ar\/principal\/wp-content\/uploads\/2015\/08\/CompromisoFederalMercedes-50x30.jpg 50w\" sizes=\"auto, (max-width: 620px) 100vw, 620px\" \/><\/a><\/p>\n<p><em><strong>Con miras a las elecciones del pr\u00f3ximo 9 de agosto, las PASO, el pre candidato a intendente por Compromiso Federal, Daniel Bernal, present\u00f3 su lista en el Club Racing con el acompa\u00f1amiento de voluntades, militantes y el candidato a gobernador Eduardo D\u00b4Onofrio. La figura de Adolfo Rodr\u00edguez S\u00e1a y el \u201cmodelo San Lu\u00eds\u201d en el centro de la escena.<\/strong><\/em><\/p>\n<p>\u201cAnte todo quiero agradecer a los presentes, es un d\u00eda complicado, muchos est\u00e1n trabajando, pero sabemos que somos muchos los que adherimos a \u00e9stas ideas. Somos todos trabajadores, ninguno que se lleve la plata de arriba o est\u00e9 sentado en la casa todo el d\u00eda en la casa esperando un plan. Somos una fuerza que durante la noche trabajamos un mont\u00f3n y durante el d\u00eda las chicas tienen mucha llegada a la gente con los vecinos que se acercan a escuchar las propuestas de Adolfo Rodr\u00edguez S\u00e1a y mucho m\u00e1s aquellos que han ido a San Lu\u00eds y ya lo tienen claro donde no se precisa explicaci\u00f3n\u201d, remarc\u00f3 Daniel Bernal, pre candidato a intendente por Compromiso Federal.<\/p>\n<p>\u201cEl candidato que hoy nos acompa\u00f1a es una persona que trabaja a la par de Adolfo que conoce bien sus hechos\u201d, afirm\u00f3 a la hora de darle la palabra a Eduardo D\u00b4Onofrio remarcando que: \u201csomos todos laburantes, de Mercedes y vamos a trabajar por Mercedes y para los barrios, porque somos de los barrios y nuestro eslogan es claro: del barrio y por el barrio\u201d coment\u00f3 y agreg\u00f3: \u201cEl proyecto de Adolfo es para toda la Argentina, firme y como lo que ellos han hecho en San Lu\u00eds\u201d.<a href=\"https:\/\/www.hoymercedes.com.ar\/principal\/wp-content\/uploads\/2015\/08\/DanielBernal.EduardoDonofrio-CompromisoFederal.jpg\"><img loading=\"lazy\" decoding=\"async\" data-attachment-id=\"43556\" data-permalink=\"https:\/\/www.hoymercedes.com.ar\/principal\/2015\/08\/01\/daniel-bernal-presento-lista-ideas-y-recibio-la-visita-de-eduardo-donofrio\/danielbernal-eduardodonofrio-compromisofederal\/#main\" data-orig-file=\"https:\/\/www.hoymercedes.com.ar\/principal\/wp-content\/uploads\/2015\/08\/DanielBernal.EduardoDonofrio-CompromisoFederal.jpg\" data-orig-size=\"620,372\" data-comments-opened=\"1\" data-image-meta=\"{&quot;aperture&quot;:&quot;2.6&quot;,&quot;credit&quot;:&quot;&quot;,&quot;camera&quot;:&quot;SM-G360M&quot;,&quot;caption&quot;:&quot;&quot;,&quot;created_timestamp&quot;:&quot;1438432347&quot;,&quot;copyright&quot;:&quot;&quot;,&quot;focal_length&quot;:&quot;3.31&quot;,&quot;iso&quot;:&quot;200&quot;,&quot;shutter_speed&quot;:&quot;0.04&quot;,&quot;title&quot;:&quot;&quot;,&quot;orientation&quot;:&quot;0&quot;}\" data-image-title=\"DanielBernal.EduardoDonofrio-CompromisoFederal\" data-image-description=\"\" data-image-caption=\"\" data-large-file=\"https:\/\/www.hoymercedes.com.ar\/principal\/wp-content\/uploads\/2015\/08\/DanielBernal.EduardoDonofrio-CompromisoFederal.jpg\" class=\"Img2014 aligncenter wp-image-43556 size-full\" title=\"Daniel Bernal, Compromiso Federal Mercedes \" src=\"https:\/\/www.hoymercedes.com.ar\/principal\/wp-content\/uploads\/2015\/08\/DanielBernal.EduardoDonofrio-CompromisoFederal.jpg\" alt=\"DanielBernal.EduardoDonofrio-CompromisoFederal\" width=\"620\" height=\"372\" srcset=\"https:\/\/www.hoymercedes.com.ar\/principal\/wp-content\/uploads\/2015\/08\/DanielBernal.EduardoDonofrio-CompromisoFederal.jpg 620w, https:\/\/www.hoymercedes.com.ar\/principal\/wp-content\/uploads\/2015\/08\/DanielBernal.EduardoDonofrio-CompromisoFederal-150x90.jpg 150w, https:\/\/www.hoymercedes.com.ar\/principal\/wp-content\/uploads\/2015\/08\/DanielBernal.EduardoDonofrio-CompromisoFederal-290x174.jpg 290w, https:\/\/www.hoymercedes.com.ar\/principal\/wp-content\/uploads\/2015\/08\/DanielBernal.EduardoDonofrio-CompromisoFederal-50x30.jpg 50w\" sizes=\"auto, (max-width: 620px) 100vw, 620px\" \/><\/a><\/p>\n<p>Eduardo D\u00b4Onofrio es el candidato por Compromiso Federal a gobernador de la Provincia de Buenos Aires. A los presentes coment\u00f3 que: \u201csoy un bonaerense que naci\u00f3 en San Isidro y hace unos a\u00f1os me fui a San Lu\u00eds y all\u00ed aprend\u00ed en la mejor escuela de administraci\u00f3n que es la provincia de San Lu\u00eds donde tuve la oportunidad de ser Ministro de Acci\u00f3n Social y de Gobierno\u201d afirm\u00f3 comentando que: \u201cestoy trayendo la propuesta de Adolfo Rodrigu\u00e9z S\u00e1a para poder cambiar la historia de la Provincia de Buenos Aires, una de las m\u00e1s rica de la Argentina que sin embargo vemos c\u00f3mo ha quedado atrasada, de rodillas en los \u00faltimos a\u00f1os producto a que nos se han dado las prioridades que deber\u00edan darse y no se ha hecho hincapi\u00e9 en qu\u00e9 se gasta la plata, por eso, a diferencia de San Lu\u00eds que tiene una vivienda cada dos habitantes, las autopistas, los diques, porque se hace mucho en qu\u00e9 se gasta. Ac\u00e1 en la provincia vamos a implementar el modelo San Lu\u00eds de valores compartidos. Tenemos algo simple de transmitir con un plan de hacer 500 mil viviendas\u00a0 por a\u00f1o y 120 mil ser\u00e1n para Buenos Aires\u201d afirm\u00f3 y narr\u00f3 que en San Lu\u00eds \u201cse hizo el plan m\u00e1s grande de vivienda del pa\u00eds, donde algunos trabajadores est\u00e1n pagando su plan con una cuota fija por mes de 500 pesos\u201d para m\u00e1s adelante dejar el dato de que: \u201cuna vivienda que se construye requiere un m\u00ednimo de 2 personas trabajando. Hacer 500 mil ser\u00e1n 1 mill\u00f3n de puestos de trabajo y si consideramos el que realiza la pintura, las aberturas, etc., ser\u00e1 5 o 6 puestos por cada una. Eso es un modelo que se realiz\u00f3 en San Lu\u00eds y puede hacerse en el pa\u00eds\u201d remarcando que: \u201cCuando Adolfo tom\u00f3 la provincia estaba entre las \u00faltimas del pa\u00eds. Hoy es un ejemplo de gesti\u00f3n y avance. Hace 15 a\u00f1os que no est\u00e1 Adolfo en el gobierno y las cosas contin\u00faan tan bien e incluso han mejorado. Eso es porque dej\u00f3 una escuela de gesti\u00f3n \u00fanica\u201d coment\u00f3 el ex Ministro de Gobierno puntano.<\/p>\n<p>\u201cCuando all\u00e1 fueron Massa, Macri, Scioli, preguntaban c\u00f3mo lo hac\u00edamos. Como logr\u00e1bamos los hechos e incluso dar los espect\u00e1culos y encuentros deportivos. Le aclar\u00e1bamos que control\u00e1bamos los gastos. All\u00e1 no tenemos choferes, celulares, y sobre todo eso que sucede que cada vez que cambia un intendente o un gobernador ac\u00e1 quedan una cantidad de empleados y funcionarios enganchados a la gesti\u00f3n que hace se consume todo el dinero en dicho mantenimiento. Ten\u00e9s un gasto en gente que no sabes ni quienes son\u201d coment\u00f3.<\/p>\n<p>\u201cSi en educaci\u00f3n y en salud ten\u00e9s el suplente del suplente es porque no sabes qui\u00e9n est\u00e1 trabajando y quien no y como peronista defiendo a ultranza todas las conquistas sociales y del trabajador y el laburante que se enferma hay que bancarlo, pero no de una manera descontrolada\u201d, remarc\u00f3.<\/p>\n<p>Tanto Daniel Bernal, pre candidato a intendente, como Eduardo D\u00b4Onofrio, pre candidato a gobernador de la provincia de Buenos Aires hicieron un fuerte eje en lo que es la administraci\u00f3n de San Lu\u00eds, buscando dejar en claro la idea de que es posible trasladarlo a Buenos Aires y Mercedes, con una forma de gesti\u00f3n \u201cdistinta\u201d, sostuvieron.<\/p>\n<p>&nbsp;<\/p>\n<p>&nbsp;<\/p>\n","protected":false},"excerpt":{"rendered":"<p>Con miras a las elecciones del pr\u00f3ximo 9 de agosto, las PASO, el pre candidato a intendente por Compromiso Federal, &#8230; <a title=\"Daniel Bernal present\u00f3 lista, ideas y recibi\u00f3 la visita de Eduardo D\u00b4Onofrio\" class=\"read-more\" href=\"https:\/\/www.hoymercedes.com.ar\/principal\/2015\/08\/01\/daniel-bernal-presento-lista-ideas-y-recibio-la-visita-de-eduardo-donofrio\/\" aria-label=\"Leer m\u00e1s sobre Daniel Bernal present\u00f3 lista, ideas y recibi\u00f3 la visita de Eduardo D\u00b4Onofrio\">Leer m\u00e1s<\/a><\/p>\n","protected":false},"author":1,"featured_media":43555,"comment_status":"open","ping_status":"open","sticky":false,"template":"","format":"standard","meta":{"_monsterinsights_skip_tracking":false,"_monsterinsights_sitenote_active":false,"_monsterinsights_sitenote_note":"","_monsterinsights_sitenote_category":0,"jetpack_post_was_ever_published":false,"_jetpack_newsletter_access":"","_jetpack_dont_email_post_to_subs":false,"_jetpack_newsletter_tier_id":0,"_jetpack_memberships_contains_paywalled_content":false,"_jetpack_memberships_contains_paid_content":false,"footnotes":"","jetpack_publicize_message":"","jetpack_publicize_feature_enabled":true,"jetpack_social_post_already_shared":true,"jetpack_social_options":{"image_generator_settings":{"template":"highway","default_image_id":0,"font":"","enabled":false},"version":2},"_wpas_customize_per_network":false},"categories":[5],"tags":[7703,7476],"class_list":["post-43554","post","type-post","status-publish","format-standard","has-post-thumbnail","hentry","category-politica","tag-compromiso-federal-mercedes","tag-daniel-bernal","generate-columns","tablet-grid-50","mobile-grid-100","grid-parent","grid-50"],"jetpack_publicize_connections":[],"jetpack_featured_media_url":"https:\/\/www.hoymercedes.com.ar\/principal\/wp-content\/uploads\/2015\/08\/CompromisoFederalMercedes.jpg","wps_subtitle":"Compromiso Federal Mercedes","jetpack_sharing_enabled":true,"jetpack-related-posts":[{"id":42558,"url":"https:\/\/www.hoymercedes.com.ar\/principal\/2015\/06\/22\/lista-compromiso-federal-daniel-bernal-intendente-carlos-cisneros-primer-concejal\/","url_meta":{"origin":43554,"position":0},"title":"Lista Compromiso Federal: Daniel Bernal intendente, Carlos Cisneros primer concejal","author":"hoymercedes","date":"22 junio, 2015","format":false,"excerpt":"El cierre de listas para pre candidatos a intendente de Mercedes dej\u00f3\u00a0 la novedad de contar con representaci\u00f3n de Rodr\u00edguez S\u00e1a en lo que ser\u00e1 \u201cCompromiso Federal\u201d en Mercedes encabezados por el comerciante Daniel Bernal. La lista, como se mencion\u00f3, tiene como referente m\u00e1ximo a Daniel Bernal qui\u00e9n ir\u00e1 como\u2026","rel":"","context":"En \u00abPolicial\u00bb","block_context":{"text":"Policial","link":"https:\/\/www.hoymercedes.com.ar\/principal\/category\/policial\/"},"img":{"alt_text":"","src":"https:\/\/i0.wp.com\/www.hoymercedes.com.ar\/principal\/wp-content\/uploads\/2015\/06\/danielbernal-CompromisoFederal.jpg?resize=350%2C200&ssl=1","width":350,"height":200,"srcset":"https:\/\/i0.wp.com\/www.hoymercedes.com.ar\/principal\/wp-content\/uploads\/2015\/06\/danielbernal-CompromisoFederal.jpg?resize=350%2C200&ssl=1 1x, https:\/\/i0.wp.com\/www.hoymercedes.com.ar\/principal\/wp-content\/uploads\/2015\/06\/danielbernal-CompromisoFederal.jpg?resize=525%2C300&ssl=1 1.5x"},"classes":[]},{"id":43641,"url":"https:\/\/www.hoymercedes.com.ar\/principal\/2015\/08\/04\/daniel-bernal-propone-un-plan-de-vivienda-como-en-san-luis-para-los-mercedinos\/","url_meta":{"origin":43554,"position":1},"title":"Daniel Bernal propone un plan de vivienda, como en San Lu\u00eds, para los mercedinos","author":"hoymercedes","date":"4 agosto, 2015","format":false,"excerpt":"\u00a0 Daniel Bernal, pre candidato a intendente desde \u201cCompromiso Federal\u201d contin\u00faa su difusi\u00f3n de propuestas y acciones con miras a las PASO del pr\u00f3ximo 9 de agosto donde busca llegar a la intendencia as\u00ed como al cuerpo legislativo donde encabezan la lista Carlos Cisneros y Pablo Bernal, primer y segundo\u2026","rel":"","context":"En \u00abPol\u00edtica\u00bb","block_context":{"text":"Pol\u00edtica","link":"https:\/\/www.hoymercedes.com.ar\/principal\/category\/politica\/"},"img":{"alt_text":"","src":"https:\/\/i0.wp.com\/www.hoymercedes.com.ar\/principal\/wp-content\/uploads\/2015\/08\/Bernal-AdolfoRodriguezSaa-2.jpg?resize=350%2C200&ssl=1","width":350,"height":200,"srcset":"https:\/\/i0.wp.com\/www.hoymercedes.com.ar\/principal\/wp-content\/uploads\/2015\/08\/Bernal-AdolfoRodriguezSaa-2.jpg?resize=350%2C200&ssl=1 1x, https:\/\/i0.wp.com\/www.hoymercedes.com.ar\/principal\/wp-content\/uploads\/2015\/08\/Bernal-AdolfoRodriguezSaa-2.jpg?resize=525%2C300&ssl=1 1.5x"},"classes":[]},{"id":44545,"url":"https:\/\/www.hoymercedes.com.ar\/principal\/2015\/09\/14\/ustarroz-suma-apoyos-compromiso-federal-se-suma-al-frente-mercedino\/","url_meta":{"origin":43554,"position":2},"title":"Ustarroz suma apoyos: Compromiso Federal se suma al Frente Mercedino","author":"hoymercedes","date":"14 septiembre, 2015","format":false,"excerpt":"El presidente del bloque de concejales y candidato a intendente del Frente Mercedino para la Victoria, Juan Ignacio Ustarroz, sum\u00f3 un nuevo apoyo de cara a las elecciones generales de octubre, esta vez de Compromiso Federal, la agrupaci\u00f3n que llevaba de precandidato a jefe comunal a Daniel Bernal. \u201cUstarroz nos\u2026","rel":"","context":"En \u00abPol\u00edtica\u00bb","block_context":{"text":"Pol\u00edtica","link":"https:\/\/www.hoymercedes.com.ar\/principal\/category\/politica\/"},"img":{"alt_text":"","src":"https:\/\/i0.wp.com\/www.hoymercedes.com.ar\/principal\/wp-content\/uploads\/2015\/09\/ustarroz-bernal.jpg?resize=350%2C200&ssl=1","width":350,"height":200,"srcset":"https:\/\/i0.wp.com\/www.hoymercedes.com.ar\/principal\/wp-content\/uploads\/2015\/09\/ustarroz-bernal.jpg?resize=350%2C200&ssl=1 1x, https:\/\/i0.wp.com\/www.hoymercedes.com.ar\/principal\/wp-content\/uploads\/2015\/09\/ustarroz-bernal.jpg?resize=525%2C300&ssl=1 1.5x"},"classes":[]},{"id":42817,"url":"https:\/\/www.hoymercedes.com.ar\/principal\/2015\/07\/02\/cestari-presento-su-candidatura-a-intendente-junto-a-toda-su-lista\/","url_meta":{"origin":43554,"position":3},"title":"Cestari present\u00f3 su candidatura a intendente junto a toda su lista","author":"hoymercedes","date":"2 julio, 2015","format":false,"excerpt":"Bajo un marco de entusiasmo y acompa\u00f1amiento Jos\u00e9 Cestari present\u00f3 su candidatura a intendente y todos los integrantes de la lista que lo seguir\u00e1n en la interna del \u201cFrente Cambiemos\u201d en las PASO del pr\u00f3ximo 9 de agosto. Jos\u00e9 Cestari llev\u00f3 a cabo la presentaci\u00f3n de sus compa\u00f1eros de lista.\u2026","rel":"","context":"En \u00abPol\u00edtica\u00bb","block_context":{"text":"Pol\u00edtica","link":"https:\/\/www.hoymercedes.com.ar\/principal\/category\/politica\/"},"img":{"alt_text":"","src":"https:\/\/i0.wp.com\/www.hoymercedes.com.ar\/principal\/wp-content\/uploads\/2015\/07\/cestari.lanzamiento.2015.jpg?resize=350%2C200&ssl=1","width":350,"height":200,"srcset":"https:\/\/i0.wp.com\/www.hoymercedes.com.ar\/principal\/wp-content\/uploads\/2015\/07\/cestari.lanzamiento.2015.jpg?resize=350%2C200&ssl=1 1x, https:\/\/i0.wp.com\/www.hoymercedes.com.ar\/principal\/wp-content\/uploads\/2015\/07\/cestari.lanzamiento.2015.jpg?resize=525%2C300&ssl=1 1.5x"},"classes":[]},{"id":64439,"url":"https:\/\/www.hoymercedes.com.ar\/principal\/2017\/07\/02\/el-frente-cambiemos-local-presento-la-lista-a-concejales-y-consejeros-escolares\/","url_meta":{"origin":43554,"position":4},"title":"El Frente Cambiemos local present\u00f3 la lista a Concejales y Consejeros Escolares","author":"hoymercedes","date":"2 julio, 2017","format":false,"excerpt":"El m\u00e9dico Jos\u00e9 Comesa\u00f1a lidera la lista de candidatos a Concejales de Mercedes. Los siguen Evangelina Cabral, Esteban Biagini, Sabrina Vi\u00f1ales y Gustavo Mangoni. La n\u00f3mina para el Consejo Escolar la encabeza Agust\u00edn Bavastro. En el local de 14 y 21 decorado para la campa\u00f1a del Frente Cambiemos de Mercedes\u2026","rel":"","context":"En \u00abPol\u00edtica\u00bb","block_context":{"text":"Pol\u00edtica","link":"https:\/\/www.hoymercedes.com.ar\/principal\/category\/politica\/"},"img":{"alt_text":"","src":"https:\/\/i0.wp.com\/www.hoymercedes.com.ar\/principal\/wp-content\/uploads\/2017\/07\/02-Cambiemos-lista-1.jpg?resize=350%2C200&ssl=1","width":350,"height":200,"srcset":"https:\/\/i0.wp.com\/www.hoymercedes.com.ar\/principal\/wp-content\/uploads\/2017\/07\/02-Cambiemos-lista-1.jpg?resize=350%2C200&ssl=1 1x, https:\/\/i0.wp.com\/www.hoymercedes.com.ar\/principal\/wp-content\/uploads\/2017\/07\/02-Cambiemos-lista-1.jpg?resize=525%2C300&ssl=1 1.5x, https:\/\/i0.wp.com\/www.hoymercedes.com.ar\/principal\/wp-content\/uploads\/2017\/07\/02-Cambiemos-lista-1.jpg?resize=700%2C400&ssl=1 2x"},"classes":[]},{"id":5624,"url":"https:\/\/www.hoymercedes.com.ar\/principal\/2011\/07\/18\/ustarroz-dia-a-conocer-el-mapa-de-necesidades-de-su-web\/","url_meta":{"origin":43554,"position":5},"title":"Ustarroz dia a conocer el Mapa de Necesidades de su Web","author":"hoymercedes","date":"18 julio, 2011","format":false,"excerpt":"\u00a0 A trav\u00e9s de una conferencia de prensa, el candidato a intendente Juan Ustarroz habl\u00f3 sobre el Mapa de Necesidades que ofrece a trav\u00e9s de su Web a los mercedinos. Tambi\u00e9n hizo referencia a la lista que encabeza y minimiz\u00f3 la operaci\u00f3n medi\u00e1tica que se gener\u00f3 a trav\u00e9s del diario\u2026","rel":"","context":"En \u00abPol\u00edtica\u00bb","block_context":{"text":"Pol\u00edtica","link":"https:\/\/www.hoymercedes.com.ar\/principal\/category\/politica\/"},"img":{"alt_text":"","src":"https:\/\/i0.wp.com\/www.hoymercedes.com.ar\/principal\/wp-content\/uploads\/2011\/07\/ustarroz-mapanecesidades.jpg?resize=350%2C200","width":350,"height":200,"srcset":"https:\/\/i0.wp.com\/www.hoymercedes.com.ar\/principal\/wp-content\/uploads\/2011\/07\/ustarroz-mapanecesidades.jpg?resize=350%2C200 1x, https:\/\/i0.wp.com\/www.hoymercedes.com.ar\/principal\/wp-content\/uploads\/2011\/07\/ustarroz-mapanecesidades.jpg?resize=525%2C300 1.5x"},"classes":[]}],"_links":{"self":[{"href":"https:\/\/www.hoymercedes.com.ar\/principal\/wp-json\/wp\/v2\/posts\/43554","targetHints":{"allow":["GET"]}}],"collection":[{"href":"https:\/\/www.hoymercedes.com.ar\/principal\/wp-json\/wp\/v2\/posts"}],"about":[{"href":"https:\/\/www.hoymercedes.com.ar\/principal\/wp-json\/wp\/v2\/types\/post"}],"author":[{"embeddable":true,"href":"https:\/\/www.hoymercedes.com.ar\/principal\/wp-json\/wp\/v2\/users\/1"}],"replies":[{"embeddable":true,"href":"https:\/\/www.hoymercedes.com.ar\/principal\/wp-json\/wp\/v2\/comments?post=43554"}],"version-history":[{"count":0,"href":"https:\/\/www.hoymercedes.com.ar\/principal\/wp-json\/wp\/v2\/posts\/43554\/revisions"}],"wp:featuredmedia":[{"embeddable":true,"href":"https:\/\/www.hoymercedes.com.ar\/principal\/wp-json\/wp\/v2\/media\/43555"}],"wp:attachment":[{"href":"https:\/\/www.hoymercedes.com.ar\/principal\/wp-json\/wp\/v2\/media?parent=43554"}],"wp:term":[{"taxonomy":"category","embeddable":true,"href":"https:\/\/www.hoymercedes.com.ar\/principal\/wp-json\/wp\/v2\/categories?post=43554"},{"taxonomy":"post_tag","embeddable":true,"href":"https:\/\/www.hoymercedes.com.ar\/principal\/wp-json\/wp\/v2\/tags?post=43554"}],"curies":[{"name":"wp","href":"https:\/\/api.w.org\/{rel}","templated":true}]}}