{"id":4356,"date":"2011-05-19T04:40:56","date_gmt":"2011-05-19T04:40:56","guid":{"rendered":"http:\/\/www.hoymercedes.com.ar\/principal\/?p=4356"},"modified":"2011-05-19T04:40:56","modified_gmt":"2011-05-19T04:40:56","slug":"campana-para-erradicar-el-uso-de-bolsas-de-plasticos","status":"publish","type":"post","link":"https:\/\/www.hoymercedes.com.ar\/principal\/2011\/05\/19\/campana-para-erradicar-el-uso-de-bolsas-de-plasticos\/","title":{"rendered":"Campa\u00f1a para erradicar el uso de bolsas de plasticos"},"content":{"rendered":"<figure id=\"attachment_4358\" aria-describedby=\"caption-attachment-4358\" style=\"width: 290px\" class=\"wp-caption alignleft\"><a href=\"https:\/\/www.hoymercedes.com.ar\/principal\/wp-content\/uploads\/2011\/05\/bolsas1.jpg\"><img loading=\"lazy\" decoding=\"async\" data-attachment-id=\"4358\" data-permalink=\"https:\/\/www.hoymercedes.com.ar\/principal\/2011\/05\/19\/campana-para-erradicar-el-uso-de-bolsas-de-plasticos\/bolsas1\/#main\" data-orig-file=\"https:\/\/www.hoymercedes.com.ar\/principal\/wp-content\/uploads\/2011\/05\/bolsas1.jpg\" data-orig-size=\"300,225\" data-comments-opened=\"1\" data-image-meta=\"{&quot;aperture&quot;:&quot;2.8&quot;,&quot;credit&quot;:&quot;&quot;,&quot;camera&quot;:&quot;COOLPIX L10&quot;,&quot;caption&quot;:&quot;&quot;,&quot;created_timestamp&quot;:&quot;1305573816&quot;,&quot;copyright&quot;:&quot;Copyright 2006&quot;,&quot;focal_length&quot;:&quot;6.2&quot;,&quot;iso&quot;:&quot;64&quot;,&quot;shutter_speed&quot;:&quot;0.016666666666667&quot;,&quot;title&quot;:&quot;&quot;}\" data-image-title=\"Bolsas pl\u00e1sticas\" data-image-description=\"&lt;p&gt;Bolsas pl\u00e1sticas | Foto: Carmen Guinot&lt;\/p&gt;\n\" data-image-caption=\"&lt;p&gt;Bolsas pl\u00e1sticas&lt;\/p&gt;\n\" data-large-file=\"https:\/\/www.hoymercedes.com.ar\/principal\/wp-content\/uploads\/2011\/05\/bolsas1.jpg\" class=\"size-full wp-image-4358\" title=\"Bolsas pl\u00e1sticas\" src=\"https:\/\/www.hoymercedes.com.ar\/principal\/wp-content\/uploads\/2011\/05\/bolsas1.jpg\" alt=\"Bolsas pl\u00e1sticas\" width=\"300\" height=\"225\" \/><\/a><figcaption id=\"caption-attachment-4358\" class=\"wp-caption-text\">Bolsas pl\u00e1sticas | Foto: Carmen Guinot<\/figcaption><\/figure>\n<p>Desde hace un tiempo un grupo de vecinos de nuestra ciudad englobados en una ONG que lleva como nombre SOS HABITAT se encuentra realizando un trabajo de concientizaci\u00f3n de nuestros vecinos relacionada con el da\u00f1o que general al medio ambiente la utilizaci\u00f3n de envases, como por ejemplo las tradicionales bolsas camisetas, de pl\u00e1stico en comercializaci\u00f3n de diferentes productos.<\/p>\n<p>Una integrante del grupo, Mar\u00eda del Carmen Gioscio de Guinot sostuvo al dialogar con nuestro medio \u201cS.O.S HBITAT es una Organizaci\u00f3n No Gubernamental como tantas otras en nuestra ciudad que trabaja por el medio ambiente de nuestra ciudad integrada por un significativo grupo de vecinos entre los cuales se encuentran Javier Moleres, Carlos Dagnino, Jorge Petrocelli, Luis Villanova, Ram\u00f3n Bereterbide, Roberto Cirilo, Ariel Deskusnaiker, Antonella Ch\u00e1vez, Florencia Ch\u00e1vez, Karina Puricelli y quien les habla.<\/p>\n<p>En estos momentos estamos haciendo una tarea de concientizaci\u00f3n del da\u00f1o que produce el pl\u00e1stico con el que se confeccionan los diferentes tipos de bolsas, las mimas que usamos cuando salimos a hacer mandados en lugar de las que antes utiliz\u00e1bamos los que somos mayores, es decir la cl\u00e1sica bolsa red o las de g\u00e9nero.<\/p>\n<p>La bolsa de pl\u00e1stico en si est\u00e1  prohibida dentro de la provincia de Buenos Aries en el caso de alimentos y son las que m\u00e1s da\u00f1o producen porque en reciclarse tardan casi cien a\u00f1os y nosotros nos preguntamos que estamos dejando para nuestras generaciones venideras, ya no nuestros hijos sino nuestros nietos.<\/p>\n<p>Esa bolsa de pl\u00e1stico que utilizamos, como todo producto derivado del petr\u00f3leo es altamente contaminante por las part\u00edculas t\u00f3xicas que contiene y que al tardar tanto tiempo en degradarse lo que hace es concentrarse aun m\u00e1s produciendo grav\u00edsimos problemas en muchos seres vivos que las ingieren sin darse cuenta o sin saber que lo est\u00e1n haciendo.<\/p>\n<p>Nuestra idea es que cada uno delos vecinos de Mercedes comience paulatinamente pero de manera constante a disminuir el consumo y utilizaci\u00f3n de este tipo de bolsas reemplazando la misma por una de tela o cualquier otro materia reforzado que no sea descartable, es decir que permita su f\u00e1cil y r\u00e1pida reutilizaci\u00f3n con lo cual adem\u00e1s estar\u00edamos contribuyendo con otro prop\u00f3sito muy importante como es no tener que ver en las calles de la ciudad tiradas por cualquier lado tantas bolsas de pl\u00e1stico que como son desechables la gente las tira sin ning\u00fan problema sin advertir como afean la ciudad y cuanto da\u00f1o en el fondo provocan contaminado el suelo y las napas de agua.<\/p>\n<p>Nosotros de ninguna manera  decimos en forma  total que la gente debe dejar de emplear elementos de pl\u00e1stico para siempre, sino que ser\u00eda de nuestro agrado como entidad intermedia preocupada por la salud ambiental de nuestra ciudad que ser\u00eda muy bueno comenzar de a poco a reducir dicho consumo hasta llegar al menor punto posible, ya con eso estaremos ganando realmente mucho en beneficio de todos, haymuchas cosas conlas cuales se lo puede reemplazar m\u00e1s all\u00e1 que no deja de ser una verdad que en los tiempos que vivimos la mayor\u00eda del agente sale corriendo de sus trabajos para poder llegar a un mercado y hacer las compras el d\u00eda o en algunos caos para tres o cuatro por o cual lo m\u00e1s r\u00e1pido es apelar a la cl\u00e1sica bolsa de pl\u00e1stico como soluci\u00f3n porque no hace tiempo de ir a su casa y preparar otro tipo de bolsas m\u00e1s adecuadas, m\u00e1s all\u00e1 que tambi\u00e9n hay muchos casos que son los hombres los encargados de hacer las compras y ellos son aun m\u00e1s dif\u00edciles de convencer de llevar una bolsa desde sus casas\u201d.<\/p>\n<p>Foto de Carmen Guinot<\/p>\n<p>&nbsp;<\/p>\n","protected":false},"excerpt":{"rendered":"<p>Desde hace un tiempo un grupo de vecinos de nuestra ciudad englobados en una ONG que lleva como nombre SOS &#8230; <a title=\"Campa\u00f1a para erradicar el uso de bolsas de plasticos\" class=\"read-more\" href=\"https:\/\/www.hoymercedes.com.ar\/principal\/2011\/05\/19\/campana-para-erradicar-el-uso-de-bolsas-de-plasticos\/\" aria-label=\"Leer m\u00e1s sobre Campa\u00f1a para erradicar el uso de bolsas de plasticos\">Leer m\u00e1s<\/a><\/p>\n","protected":false},"author":1,"featured_media":0,"comment_status":"open","ping_status":"open","sticky":false,"template":"","format":"standard","meta":{"_monsterinsights_skip_tracking":false,"_monsterinsights_sitenote_active":false,"_monsterinsights_sitenote_note":"","_monsterinsights_sitenote_category":0,"jetpack_post_was_ever_published":false,"_jetpack_newsletter_access":"","_jetpack_dont_email_post_to_subs":false,"_jetpack_newsletter_tier_id":0,"_jetpack_memberships_contains_paywalled_content":false,"_jetpack_memberships_contains_paid_content":false,"footnotes":"","jetpack_publicize_message":"","jetpack_publicize_feature_enabled":true,"jetpack_social_post_already_shared":false,"jetpack_social_options":{"image_generator_settings":{"template":"highway","default_image_id":0,"font":"","enabled":false},"version":2},"_wpas_customize_per_network":false},"categories":[8],"tags":[813],"class_list":["post-4356","post","type-post","status-publish","format-standard","hentry","category-sociedad","tag-bolsas-plasticas","generate-columns","tablet-grid-50","mobile-grid-100","grid-parent","grid-50"],"jetpack_publicize_connections":[],"jetpack_featured_media_url":"","wps_subtitle":"","jetpack_sharing_enabled":true,"_links":{"self":[{"href":"https:\/\/www.hoymercedes.com.ar\/principal\/wp-json\/wp\/v2\/posts\/4356","targetHints":{"allow":["GET"]}}],"collection":[{"href":"https:\/\/www.hoymercedes.com.ar\/principal\/wp-json\/wp\/v2\/posts"}],"about":[{"href":"https:\/\/www.hoymercedes.com.ar\/principal\/wp-json\/wp\/v2\/types\/post"}],"author":[{"embeddable":true,"href":"https:\/\/www.hoymercedes.com.ar\/principal\/wp-json\/wp\/v2\/users\/1"}],"replies":[{"embeddable":true,"href":"https:\/\/www.hoymercedes.com.ar\/principal\/wp-json\/wp\/v2\/comments?post=4356"}],"version-history":[{"count":0,"href":"https:\/\/www.hoymercedes.com.ar\/principal\/wp-json\/wp\/v2\/posts\/4356\/revisions"}],"wp:attachment":[{"href":"https:\/\/www.hoymercedes.com.ar\/principal\/wp-json\/wp\/v2\/media?parent=4356"}],"wp:term":[{"taxonomy":"category","embeddable":true,"href":"https:\/\/www.hoymercedes.com.ar\/principal\/wp-json\/wp\/v2\/categories?post=4356"},{"taxonomy":"post_tag","embeddable":true,"href":"https:\/\/www.hoymercedes.com.ar\/principal\/wp-json\/wp\/v2\/tags?post=4356"}],"curies":[{"name":"wp","href":"https:\/\/api.w.org\/{rel}","templated":true}]}}