{"id":43562,"date":"2015-08-01T18:05:11","date_gmt":"2015-08-01T21:05:11","guid":{"rendered":"http:\/\/www.hoymercedes.com.ar\/principal\/?p=43562"},"modified":"2015-08-01T18:05:11","modified_gmt":"2015-08-01T21:05:11","slug":"oscar-cachito-milanesi-cestari-es-el-verdadero-cambio-que-necesita-mercedes","status":"publish","type":"post","link":"https:\/\/www.hoymercedes.com.ar\/principal\/2015\/08\/01\/oscar-cachito-milanesi-cestari-es-el-verdadero-cambio-que-necesita-mercedes\/","title":{"rendered":"Oscar \u201cCachito\u201d Milanesi: \u201cCestari es el verdadero cambio que necesita Mercedes\u201d"},"content":{"rendered":"<p><a href=\"https:\/\/www.hoymercedes.com.ar\/principal\/wp-content\/uploads\/2015\/08\/OscarMilanesi.jpg\"><img loading=\"lazy\" decoding=\"async\" data-attachment-id=\"43563\" data-permalink=\"https:\/\/www.hoymercedes.com.ar\/principal\/2015\/08\/01\/oscar-cachito-milanesi-cestari-es-el-verdadero-cambio-que-necesita-mercedes\/oscarmilanesi\/#main\" data-orig-file=\"https:\/\/www.hoymercedes.com.ar\/principal\/wp-content\/uploads\/2015\/08\/OscarMilanesi.jpg\" data-orig-size=\"620,338\" data-comments-opened=\"1\" data-image-meta=\"{&quot;aperture&quot;:&quot;0&quot;,&quot;credit&quot;:&quot;&quot;,&quot;camera&quot;:&quot;&quot;,&quot;caption&quot;:&quot;&quot;,&quot;created_timestamp&quot;:&quot;0&quot;,&quot;copyright&quot;:&quot;&quot;,&quot;focal_length&quot;:&quot;0&quot;,&quot;iso&quot;:&quot;0&quot;,&quot;shutter_speed&quot;:&quot;0&quot;,&quot;title&quot;:&quot;&quot;,&quot;orientation&quot;:&quot;0&quot;}\" data-image-title=\"OscarMilanesi\" data-image-description=\"\" data-image-caption=\"\" data-large-file=\"https:\/\/www.hoymercedes.com.ar\/principal\/wp-content\/uploads\/2015\/08\/OscarMilanesi.jpg\" class=\"Img2014 aligncenter wp-image-43563 size-full\" title=\"cachito milanesi, jos\u00e9 cestari, frente cambiemos, MIC-PRO\" src=\"https:\/\/www.hoymercedes.com.ar\/principal\/wp-content\/uploads\/2015\/08\/OscarMilanesi.jpg\" alt=\"OscarMilanesi\" width=\"620\" height=\"338\" srcset=\"https:\/\/www.hoymercedes.com.ar\/principal\/wp-content\/uploads\/2015\/08\/OscarMilanesi.jpg 620w, https:\/\/www.hoymercedes.com.ar\/principal\/wp-content\/uploads\/2015\/08\/OscarMilanesi-150x82.jpg 150w, https:\/\/www.hoymercedes.com.ar\/principal\/wp-content\/uploads\/2015\/08\/OscarMilanesi-290x158.jpg 290w, https:\/\/www.hoymercedes.com.ar\/principal\/wp-content\/uploads\/2015\/08\/OscarMilanesi-50x27.jpg 50w\" sizes=\"auto, (max-width: 620px) 100vw, 620px\" \/><\/a><\/p>\n<p><em><strong>Oscar \u00abCachito\u00bb Milanesi es candidato a concejal por el MIC-PRO y nuevamente reitera su apoyo y compromiso con la candidatura de Jos\u00e9 Cestari para intendente dentro del Frente Cambiemos que disputar\u00e1 la \u00fanica interna local de las PASO el pr\u00f3ximo 9 de agosto.<\/strong><\/em><\/p>\n<p>Milanessi remarc\u00f3 que: \u00abCestari es el verdadero cambio que necesita Mercedes\u201d en la b\u00fasqueda del acompa\u00f1amiento ciudadano.<\/p>\n<p>El Profesor de geograf\u00eda y director de varios establecimientos educativos de la ciudad de Mercedes, este a\u00f1o decidi\u00f3 acompa\u00f1ar el proyecto MIC &#8211; PRO dentro del Frente Cambiemos, porque quiso sumarse a un espacio pol\u00edtico liderado por Jos\u00e9 Cestari, \u00abque representa en Mercedes trabajo demostrado como concejal, honestidad, profesionalidad, compromiso con el vecino al asistir a cada lugar donde lo requer\u00edan, escuchar a los vecinos y capacidad de conformar equipos capacitados para poder hacer de Mercedes una ciudad mejor junto con los vecinos. Milanesi, que es el segundo candidato a concejal, remat\u00f3 diciendo \u201cCestari es el verdadero cambio que necesita Mercedes\u201d, sostuvieron desde el MIC-PRO.<\/p>\n<p>&nbsp;<\/p>\n<p>&nbsp;<\/p>\n<p><span style=\"color: #000000;\">\u00a0<\/span><\/p>\n","protected":false},"excerpt":{"rendered":"<p>Oscar \u00abCachito\u00bb Milanesi es candidato a concejal por el MIC-PRO y nuevamente reitera su apoyo y compromiso con la candidatura &#8230; <a title=\"Oscar \u201cCachito\u201d Milanesi: \u201cCestari es el verdadero cambio que necesita Mercedes\u201d\" class=\"read-more\" href=\"https:\/\/www.hoymercedes.com.ar\/principal\/2015\/08\/01\/oscar-cachito-milanesi-cestari-es-el-verdadero-cambio-que-necesita-mercedes\/\" aria-label=\"Leer m\u00e1s sobre Oscar \u201cCachito\u201d Milanesi: \u201cCestari es el verdadero cambio que necesita Mercedes\u201d\">Leer m\u00e1s<\/a><\/p>\n","protected":false},"author":1,"featured_media":0,"comment_status":"open","ping_status":"open","sticky":false,"template":"","format":"standard","meta":{"_monsterinsights_skip_tracking":false,"_monsterinsights_sitenote_active":false,"_monsterinsights_sitenote_note":"","_monsterinsights_sitenote_category":0,"jetpack_post_was_ever_published":false,"_jetpack_newsletter_access":"","_jetpack_dont_email_post_to_subs":false,"_jetpack_newsletter_tier_id":0,"_jetpack_memberships_contains_paywalled_content":false,"_jetpack_memberships_contains_paid_content":false,"footnotes":"","jetpack_publicize_message":"","jetpack_publicize_feature_enabled":true,"jetpack_social_post_already_shared":true,"jetpack_social_options":{"image_generator_settings":{"template":"highway","default_image_id":0,"font":"","enabled":false},"version":2},"_wpas_customize_per_network":false},"categories":[5],"tags":[6664,7492,321,5233,7705],"class_list":["post-43562","post","type-post","status-publish","format-standard","hentry","category-politica","tag-cachito-milanesi","tag-frente-cambiemos","tag-jose-cestari","tag-mic-pro","tag-oscar-cachito-milanesi","generate-columns","tablet-grid-50","mobile-grid-100","grid-parent","grid-50"],"jetpack_publicize_connections":[],"jetpack_featured_media_url":"","wps_subtitle":"Frente Cambiemos - Elecciones 2015","jetpack_sharing_enabled":true,"jetpack-related-posts":[{"id":38525,"url":"https:\/\/www.hoymercedes.com.ar\/principal\/2014\/12\/17\/el-reconocido-docente-y-ex-director-del-nacional-y-san-patricio-oscar-milanesi-se-suma-al-mic\/","url_meta":{"origin":43562,"position":0},"title":"El reconocido docente y ex director del Nacional y San Patricio, Oscar Milanesi, se suma al MIC","author":"hoymercedes","date":"17 diciembre, 2014","format":false,"excerpt":"El d\u00eda s\u00e1bado 13 de diciembre, en horas de la ma\u00f1ana, el MIC realiz\u00f3 junto al PRO la \u00faltima movida Nacional en vista a las elecciones que se llevar\u00e1n a cabo en el 2015. Esto se llev\u00f3 a cabo en la esquina c\u00e9ntrica de calles 22 y 25 de nuestra\u2026","rel":"","context":"En \u00abPol\u00edtica\u00bb","block_context":{"text":"Pol\u00edtica","link":"https:\/\/www.hoymercedes.com.ar\/principal\/category\/politica\/"},"img":{"alt_text":"Cachito Milanessi, Oscar Milanessi, MIC; PRO Mercedes","src":"https:\/\/i0.wp.com\/www.hoymercedes.com.ar\/principal\/wp-content\/uploads\/2014\/12\/OscarMilanesi-Jos%C3%A9Cestari.jpg?resize=350%2C200","width":350,"height":200,"srcset":"https:\/\/i0.wp.com\/www.hoymercedes.com.ar\/principal\/wp-content\/uploads\/2014\/12\/OscarMilanesi-Jos%C3%A9Cestari.jpg?resize=350%2C200 1x, https:\/\/i0.wp.com\/www.hoymercedes.com.ar\/principal\/wp-content\/uploads\/2014\/12\/OscarMilanesi-Jos%C3%A9Cestari.jpg?resize=525%2C300 1.5x"},"classes":[]},{"id":42499,"url":"https:\/\/www.hoymercedes.com.ar\/principal\/2015\/06\/20\/mic-pro-encabeza-jose-cestari-y-cristina-gottifredi-primera-concejal\/","url_meta":{"origin":43562,"position":1},"title":"MIC-PRO: Encabeza Jos\u00e9 Cestari y Cristina Gottifredi primera concejal","author":"hoymercedes","date":"20 junio, 2015","format":false,"excerpt":"Dentro del Frente Cambiemos el MIC participar\u00e1 de la interna con Jos\u00e9 Cestari como pre candidato a intendente. En la lista incluir\u00e1n a Mauricio Macri como presidente y Mar\u00eda Eugenia Vidal en Buenos Aires. El MIC-PRO present\u00f3 la siguiente lista de pre candidatos al Concejo Deliberante 1 Cristina Gottifredi (abogada)\u2026","rel":"","context":"En \u00abPol\u00edtica\u00bb","block_context":{"text":"Pol\u00edtica","link":"https:\/\/www.hoymercedes.com.ar\/principal\/category\/politica\/"},"img":{"alt_text":"","src":"https:\/\/i0.wp.com\/www.hoymercedes.com.ar\/principal\/wp-content\/uploads\/2015\/02\/JoseCestari-PRO.jpg?resize=350%2C200&ssl=1","width":350,"height":200,"srcset":"https:\/\/i0.wp.com\/www.hoymercedes.com.ar\/principal\/wp-content\/uploads\/2015\/02\/JoseCestari-PRO.jpg?resize=350%2C200&ssl=1 1x, https:\/\/i0.wp.com\/www.hoymercedes.com.ar\/principal\/wp-content\/uploads\/2015\/02\/JoseCestari-PRO.jpg?resize=525%2C300&ssl=1 1.5x"},"classes":[]},{"id":41105,"url":"https:\/\/www.hoymercedes.com.ar\/principal\/2015\/04\/25\/cestari-y-milanesi-la-importancia-geoestrategica-de-que-mercedes-se-convierta-en-un-centro-nodal-en-el-sistema-ferroviario\/","url_meta":{"origin":43562,"position":2},"title":"Cestari y Milanesi: La importancia geoestrat\u00e9gica de que Mercedes se convierta en un Centro Nodal en el Sistema Ferroviario, afirmaron desde MIC-PRO","author":"hoymercedes","date":"25 abril, 2015","format":false,"excerpt":"El viernes 24 de abril, el concejal y precandidato a Intendente, Jos\u00e9 Cestari, junto al Profesor Oscar \u201cCacho\u201d Milanesi, asistieron a la conferencia que el Presidente del Instituto Argentino de Ferrocarriles, Ingeniero Pablo Martorelli, dict\u00f3 en el primer piso de la C\u00e1mara Econ\u00f3mica Mercedina, con proyecci\u00f3n de diapositivas y pel\u00edculas.\u2026","rel":"","context":"En \u00abPol\u00edtica\u00bb","block_context":{"text":"Pol\u00edtica","link":"https:\/\/www.hoymercedes.com.ar\/principal\/category\/politica\/"},"img":{"alt_text":"","src":"https:\/\/i0.wp.com\/www.hoymercedes.com.ar\/principal\/wp-content\/uploads\/2015\/04\/milanesi-cestari.jpg?resize=350%2C200&ssl=1","width":350,"height":200,"srcset":"https:\/\/i0.wp.com\/www.hoymercedes.com.ar\/principal\/wp-content\/uploads\/2015\/04\/milanesi-cestari.jpg?resize=350%2C200&ssl=1 1x, https:\/\/i0.wp.com\/www.hoymercedes.com.ar\/principal\/wp-content\/uploads\/2015\/04\/milanesi-cestari.jpg?resize=525%2C300&ssl=1 1.5x"},"classes":[]},{"id":39750,"url":"https:\/\/www.hoymercedes.com.ar\/principal\/2015\/02\/24\/el-medico-daniel-bandoni-se-suma-a-las-filas-del-mic-pro\/","url_meta":{"origin":43562,"position":3},"title":"El m\u00e9dico Daniel Bandoni se suma a las filas del MIC-PRO","author":"hoymercedes","date":"24 febrero, 2015","format":false,"excerpt":"El MIC \u2013 PRO sigue creciendo en cuanto a la incorporaci\u00f3n de profesionales para acrecentar sus equipos de trabajo en post de que los vecinos de Mercedes tengan una alternativa de gobierno para las pr\u00f3ximas elecciones que se desarrollar\u00e1n este a\u00f1o. Tiempo atr\u00e1s hab\u00edan presentado a docente Cachito Milanesi. El\u2026","rel":"","context":"En \u00abPolicial\u00bb","block_context":{"text":"Policial","link":"https:\/\/www.hoymercedes.com.ar\/principal\/category\/policial\/"},"img":{"alt_text":"Cestari.Bandoni","src":"https:\/\/i0.wp.com\/www.hoymercedes.com.ar\/principal\/wp-content\/uploads\/2015\/02\/Cestari.Bandoni.jpg?resize=350%2C200","width":350,"height":200,"srcset":"https:\/\/i0.wp.com\/www.hoymercedes.com.ar\/principal\/wp-content\/uploads\/2015\/02\/Cestari.Bandoni.jpg?resize=350%2C200 1x, https:\/\/i0.wp.com\/www.hoymercedes.com.ar\/principal\/wp-content\/uploads\/2015\/02\/Cestari.Bandoni.jpg?resize=525%2C300 1.5x"},"classes":[]},{"id":39846,"url":"https:\/\/www.hoymercedes.com.ar\/principal\/2015\/03\/02\/campana-solidaria-por-utiles-escolares-del-mic\/","url_meta":{"origin":43562,"position":4},"title":"Campa\u00f1a solidaria por \u00fatiles escolares del MIC","author":"hoymercedes","date":"2 marzo, 2015","format":false,"excerpt":"El s\u00e1bado 28 de febrero\u00a0el concejal Jos\u00e9 Cestari, el profesor Oscar \"Cacho\" Milanesi y la Dra. Cristina Gottifredi acompa\u00f1ando a la Juventud del MIC y dialogando con los vecinos en la esquina de calles 22 y 25 efectuaron una nueva jornada de difusi\u00f3n de actividades con el fin de estar\u2026","rel":"","context":"En \u00abPol\u00edtica\u00bb","block_context":{"text":"Pol\u00edtica","link":"https:\/\/www.hoymercedes.com.ar\/principal\/category\/politica\/"},"img":{"alt_text":"donaciones-escolares-mic","src":"https:\/\/i0.wp.com\/www.hoymercedes.com.ar\/principal\/wp-content\/uploads\/2015\/03\/donaciones-escolares-mic.jpg?resize=350%2C200","width":350,"height":200,"srcset":"https:\/\/i0.wp.com\/www.hoymercedes.com.ar\/principal\/wp-content\/uploads\/2015\/03\/donaciones-escolares-mic.jpg?resize=350%2C200 1x, https:\/\/i0.wp.com\/www.hoymercedes.com.ar\/principal\/wp-content\/uploads\/2015\/03\/donaciones-escolares-mic.jpg?resize=525%2C300 1.5x"},"classes":[]},{"id":39772,"url":"https:\/\/www.hoymercedes.com.ar\/principal\/2015\/02\/25\/mic-pro-junto-a-jorge-macri-en-encuentro-en-pilar\/","url_meta":{"origin":43562,"position":5},"title":"MIC-PRO junto a Jorge Macri en encuentro en Pilar","author":"hoymercedes","date":"25 febrero, 2015","format":false,"excerpt":"El precandidato a intendente, Jos\u00e9 Cestari, fue invitado por el precandidato a intendente de Pilar, Nicol\u00e1s Ducote, el d\u00eda martes 24 de febrero en horas de la tarde noche, para participar de una charla pol\u00edtica con al actual intendente de Vicente L\u00f3pez Jorge Macri. Fueron oradores del evento Nicol\u00e1s Ducote\u2026","rel":"","context":"En \u00abSociedad\u00bb","block_context":{"text":"Sociedad","link":"https:\/\/www.hoymercedes.com.ar\/principal\/category\/sociedad\/"},"img":{"alt_text":"cestari-jorgemacri-pilar","src":"https:\/\/i0.wp.com\/www.hoymercedes.com.ar\/principal\/wp-content\/uploads\/2015\/02\/cestari-jorgemacri-pilar.jpg?resize=350%2C200","width":350,"height":200,"srcset":"https:\/\/i0.wp.com\/www.hoymercedes.com.ar\/principal\/wp-content\/uploads\/2015\/02\/cestari-jorgemacri-pilar.jpg?resize=350%2C200 1x, https:\/\/i0.wp.com\/www.hoymercedes.com.ar\/principal\/wp-content\/uploads\/2015\/02\/cestari-jorgemacri-pilar.jpg?resize=525%2C300 1.5x"},"classes":[]}],"_links":{"self":[{"href":"https:\/\/www.hoymercedes.com.ar\/principal\/wp-json\/wp\/v2\/posts\/43562","targetHints":{"allow":["GET"]}}],"collection":[{"href":"https:\/\/www.hoymercedes.com.ar\/principal\/wp-json\/wp\/v2\/posts"}],"about":[{"href":"https:\/\/www.hoymercedes.com.ar\/principal\/wp-json\/wp\/v2\/types\/post"}],"author":[{"embeddable":true,"href":"https:\/\/www.hoymercedes.com.ar\/principal\/wp-json\/wp\/v2\/users\/1"}],"replies":[{"embeddable":true,"href":"https:\/\/www.hoymercedes.com.ar\/principal\/wp-json\/wp\/v2\/comments?post=43562"}],"version-history":[{"count":0,"href":"https:\/\/www.hoymercedes.com.ar\/principal\/wp-json\/wp\/v2\/posts\/43562\/revisions"}],"wp:attachment":[{"href":"https:\/\/www.hoymercedes.com.ar\/principal\/wp-json\/wp\/v2\/media?parent=43562"}],"wp:term":[{"taxonomy":"category","embeddable":true,"href":"https:\/\/www.hoymercedes.com.ar\/principal\/wp-json\/wp\/v2\/categories?post=43562"},{"taxonomy":"post_tag","embeddable":true,"href":"https:\/\/www.hoymercedes.com.ar\/principal\/wp-json\/wp\/v2\/tags?post=43562"}],"curies":[{"name":"wp","href":"https:\/\/api.w.org\/{rel}","templated":true}]}}