{"id":4365,"date":"2011-05-19T04:47:43","date_gmt":"2011-05-19T04:47:43","guid":{"rendered":"http:\/\/www.hoymercedes.com.ar\/principal\/?p=4365"},"modified":"2011-05-19T04:47:43","modified_gmt":"2011-05-19T04:47:43","slug":"cambio-de-fecha-en-la-visita-de-duhalde-ahora-vendria-el-24","status":"publish","type":"post","link":"https:\/\/www.hoymercedes.com.ar\/principal\/2011\/05\/19\/cambio-de-fecha-en-la-visita-de-duhalde-ahora-vendria-el-24\/","title":{"rendered":"Cambio de fecha en la visita de Duhalde: Ahora vendr\u00eda el 24"},"content":{"rendered":"<p>De acuerdo a lo informado durante las \u00faltimas horas por los responsables de la organizaci\u00f3n de la visita a Mercedes del ex Presidente y gobernador bonaerense Eduardo Duhalde a  Mercedes anunciada para el venidero s\u00e1bado 21 ha sido pospuesta por tres d\u00edas, es decir hasta el 24 debido a otros compromisos contra\u00eddos por el candidato de Uni\u00f3n Popular para las elecciones del mes de Octubre,<\/p>\n<p>Seg\u00f1un los datos que se pudieron recoger la llegada del ex mandatario nacional se producir\u00eda alrededor de las 17.00 en la sede pol\u00edtica de avenida 47 y 30.<\/p>\n<p>Por su parte Juan Carlos Ben\u00edtez confirm\u00f3  que la Agrupaci\u00f3n Unidad y Lealtad realizar\u00e1 dicho martes 24 el tradicional locro previo del 25 de mayo en las instalaciones del Club Belgrano en la calle 31 entre 30 y 32<\/p>\n<p>&nbsp;<\/p>\n","protected":false},"excerpt":{"rendered":"<p>De acuerdo a lo informado durante las \u00faltimas horas por los responsables de la organizaci\u00f3n de la visita a Mercedes &#8230; <a title=\"Cambio de fecha en la visita de Duhalde: Ahora vendr\u00eda el 24\" class=\"read-more\" href=\"https:\/\/www.hoymercedes.com.ar\/principal\/2011\/05\/19\/cambio-de-fecha-en-la-visita-de-duhalde-ahora-vendria-el-24\/\" aria-label=\"Leer m\u00e1s sobre Cambio de fecha en la visita de Duhalde: Ahora vendr\u00eda el 24\">Leer m\u00e1s<\/a><\/p>\n","protected":false},"author":1,"featured_media":0,"comment_status":"open","ping_status":"open","sticky":false,"template":"","format":"standard","meta":{"_monsterinsights_skip_tracking":false,"_monsterinsights_sitenote_active":false,"_monsterinsights_sitenote_note":"","_monsterinsights_sitenote_category":0,"jetpack_post_was_ever_published":false,"_jetpack_newsletter_access":"","_jetpack_dont_email_post_to_subs":false,"_jetpack_newsletter_tier_id":0,"_jetpack_memberships_contains_paywalled_content":false,"_jetpack_memberships_contains_paid_content":false,"footnotes":"","jetpack_publicize_message":"","jetpack_publicize_feature_enabled":true,"jetpack_social_post_already_shared":false,"jetpack_social_options":{"image_generator_settings":{"template":"highway","default_image_id":0,"font":"","enabled":false},"version":2},"_wpas_customize_per_network":false},"categories":[5],"tags":[816],"class_list":["post-4365","post","type-post","status-publish","format-standard","hentry","category-politica","tag-duhalde-en-mercedes","generate-columns","tablet-grid-50","mobile-grid-100","grid-parent","grid-50"],"jetpack_publicize_connections":[],"jetpack_featured_media_url":"","wps_subtitle":"","jetpack_sharing_enabled":true,"_links":{"self":[{"href":"https:\/\/www.hoymercedes.com.ar\/principal\/wp-json\/wp\/v2\/posts\/4365","targetHints":{"allow":["GET"]}}],"collection":[{"href":"https:\/\/www.hoymercedes.com.ar\/principal\/wp-json\/wp\/v2\/posts"}],"about":[{"href":"https:\/\/www.hoymercedes.com.ar\/principal\/wp-json\/wp\/v2\/types\/post"}],"author":[{"embeddable":true,"href":"https:\/\/www.hoymercedes.com.ar\/principal\/wp-json\/wp\/v2\/users\/1"}],"replies":[{"embeddable":true,"href":"https:\/\/www.hoymercedes.com.ar\/principal\/wp-json\/wp\/v2\/comments?post=4365"}],"version-history":[{"count":0,"href":"https:\/\/www.hoymercedes.com.ar\/principal\/wp-json\/wp\/v2\/posts\/4365\/revisions"}],"wp:attachment":[{"href":"https:\/\/www.hoymercedes.com.ar\/principal\/wp-json\/wp\/v2\/media?parent=4365"}],"wp:term":[{"taxonomy":"category","embeddable":true,"href":"https:\/\/www.hoymercedes.com.ar\/principal\/wp-json\/wp\/v2\/categories?post=4365"},{"taxonomy":"post_tag","embeddable":true,"href":"https:\/\/www.hoymercedes.com.ar\/principal\/wp-json\/wp\/v2\/tags?post=4365"}],"curies":[{"name":"wp","href":"https:\/\/api.w.org\/{rel}","templated":true}]}}