{"id":43673,"date":"2015-08-05T21:11:48","date_gmt":"2015-08-06T00:11:48","guid":{"rendered":"http:\/\/www.hoymercedes.com.ar\/principal\/?p=43673"},"modified":"2015-08-07T01:12:10","modified_gmt":"2015-08-07T04:12:10","slug":"junto-a-medicos-y-funcionarios-ustarroz-presento-importantes-propuestas-de-salud-en-un-foro-abierto","status":"publish","type":"post","link":"https:\/\/www.hoymercedes.com.ar\/principal\/2015\/08\/05\/junto-a-medicos-y-funcionarios-ustarroz-presento-importantes-propuestas-de-salud-en-un-foro-abierto\/","title":{"rendered":"Junto a m\u00e9dicos y funcionarios, Ustarroz present\u00f3 importantes propuestas de salud en un foro abierto"},"content":{"rendered":"<p><a href=\"https:\/\/www.hoymercedes.com.ar\/principal\/wp-content\/uploads\/2015\/08\/forosalud-ustarroz.jpg\"><img loading=\"lazy\" decoding=\"async\" data-attachment-id=\"43674\" data-permalink=\"https:\/\/www.hoymercedes.com.ar\/principal\/2015\/08\/05\/junto-a-medicos-y-funcionarios-ustarroz-presento-importantes-propuestas-de-salud-en-un-foro-abierto\/forosalud-ustarroz\/#main\" data-orig-file=\"https:\/\/www.hoymercedes.com.ar\/principal\/wp-content\/uploads\/2015\/08\/forosalud-ustarroz.jpg\" data-orig-size=\"620,413\" data-comments-opened=\"1\" data-image-meta=\"{&quot;aperture&quot;:&quot;0&quot;,&quot;credit&quot;:&quot;SEBASTIAN_AMBROSSIO&quot;,&quot;camera&quot;:&quot;&quot;,&quot;caption&quot;:&quot;&quot;,&quot;created_timestamp&quot;:&quot;0&quot;,&quot;copyright&quot;:&quot;Sebastian Ambrossio_&quot;,&quot;focal_length&quot;:&quot;0&quot;,&quot;iso&quot;:&quot;0&quot;,&quot;shutter_speed&quot;:&quot;0&quot;,&quot;title&quot;:&quot;&quot;,&quot;orientation&quot;:&quot;0&quot;}\" data-image-title=\"forosalud-ustarroz\" data-image-description=\"\" data-image-caption=\"\" data-large-file=\"https:\/\/www.hoymercedes.com.ar\/principal\/wp-content\/uploads\/2015\/08\/forosalud-ustarroz.jpg\" class=\"Img2014 aligncenter wp-image-43674 size-full\" src=\"https:\/\/www.hoymercedes.com.ar\/principal\/wp-content\/uploads\/2015\/08\/forosalud-ustarroz.jpg\" alt=\"forosalud-ustarroz\" width=\"620\" height=\"413\" srcset=\"https:\/\/www.hoymercedes.com.ar\/principal\/wp-content\/uploads\/2015\/08\/forosalud-ustarroz.jpg 620w, https:\/\/www.hoymercedes.com.ar\/principal\/wp-content\/uploads\/2015\/08\/forosalud-ustarroz-150x100.jpg 150w, https:\/\/www.hoymercedes.com.ar\/principal\/wp-content\/uploads\/2015\/08\/forosalud-ustarroz-290x193.jpg 290w, https:\/\/www.hoymercedes.com.ar\/principal\/wp-content\/uploads\/2015\/08\/forosalud-ustarroz-50x33.jpg 50w\" sizes=\"auto, (max-width: 620px) 100vw, 620px\" \/><\/a><\/p>\n<p><em><strong>La transformaci\u00f3n de la Direcci\u00f3n de Salud en una Secretar\u00eda, la implementaci\u00f3n de una guardia pedi\u00e1trica permanente en el hospital Blas Dubarry y el fortalecimiento y unificaci\u00f3n edilicia de los CAPS surgieron entre las principales propuestas presentadas el martes por el precandidato a intendente del Frente Mercedino para la Victoria, Juan Ignacio Ustarroz, en el lanzamiento del Foro de Participaci\u00f3n Ciudadana de Salud.<\/strong><\/em><\/p>\n<p>\u201cDesde hace a\u00f1os venimos trabajando fuertemente sobre el hospital Blas Dubarry porque lo consideramos una prioridad, pero tenemos una mirada integral sobre la salud y a partir de un diagn\u00f3stico elaborado por nuestros equipos trabajamos sobre distintos ejes para mejorar el \u00e1rea si la gente nos acompa\u00f1a con su voto y en diciembre llegamos al municipio\u201d, explic\u00f3 Juani durante su exposici\u00f3n en el Foro.<\/p>\n<p>Entre otras propuestas enumeras est\u00e1n la construcci\u00f3n de cuatro CAPS materno infantiles en puntos estrat\u00e9gicos de la ciudad; la creaci\u00f3n de una residencia municipal para psicolog\u00eda, trabajo social y generalistas y la jerarquizaci\u00f3n del CIC.<\/p>\n<p>\u201cSon ideas concretas sobre las que venimos trabajando pero que est\u00e1n abiertas a la participaci\u00f3n de todos los vecinos \u2013agreg\u00f3-. Consideramos que las pol\u00edticas p\u00fablicas deben generarse a trav\u00e9s del debate, convencidos de que la diversidad enriquece, promoviendo la sinergia entre lo p\u00fablico y lo privado y acompa\u00f1ando con decisiones pol\u00edticas fuertes para llevar soluciones a los problemas de la gente\u201d.<\/p>\n<p>El encuentro se desarroll\u00f3 en el quinto piso del Hotel Mercedes y el m\u00e1ximo referente del Frente Mercedino estuvo acompa\u00f1ado por los directores del Blas Dubarry, Rodolfo Pr\u00edncipi e Higinio Garc\u00eda Aloisio; los doctores Pablo Cassiani y Gustavo Robles (a cargo de los equipos de pediatr\u00eda del hospital); y por el subsecretario de Gesti\u00f3n de Servicios Asistenciales del Ministerio de Salud de la Naci\u00f3n, Carlos Devani.<\/p>\n<p>Tambi\u00e9n se hicieron presentes m\u00e9dicos, enfermeras y profesionales de la salud tanto del \u00e1mbito p\u00fablico como del sector privado de la ciudad; autoridades ministeriales; concejales y precandidatos del Frente Mercedino para la Victoria como Mat\u00edas Dematei, Patricia Prenitune y Celeste Burone; y un grupo de madres de ni\u00f1os con TEA (trastornos del espectro autista), que plantearon la necesidad de fortalecer el taller de estimulaci\u00f3n temprana que funciona en el propio hospital Dubarry.<\/p>\n<p>\u201cEsta participaci\u00f3n de las madres de ni\u00f1os con TEA es el s\u00edmbolo de lo que nosotros planteamos como idea de los Foros: un espacio de reflexi\u00f3n, de debate, de intercambio de ideas, para generar pol\u00edticas p\u00fablicas a partir del di\u00e1logo y el consenso \u2013explic\u00f3 Ustarroz-. En este caso, nuestro primer compromiso es la incorporaci\u00f3n de un neur\u00f3logo infantil al hospital, que ya est\u00e1 en proceso, lo que les evitar\u00e1 tener que viajar a otras ciudades para realizar diagn\u00f3sticos y otros estudios que se necesitan\u201d.<\/p>\n<p>Cassiani y Robles, mientras tanto, agradecieron a Juani \u201chaberse puesto al hombro la salud de la ciudad\u201d y especificaron el trabajo encarado sobre el sector de pediatr\u00eda del Dubarry: \u201cEncaramos cuatro ejes: neonatolog\u00eda, guardia externa, internaci\u00f3n y consultorios externos. Estos dos \u00faltimos pudimos resolverlos y vamos por los otros\u201d.<\/p>\n<p>\u201cTodo lo logrado fue gracias a la intervenci\u00f3n de Juani, del diputado provincial Alberto Espa\u00f1a y de \u2018Wado\u2019 de Pedro (Secretario General de la Presidencia) \u2013agregaron-. Y lo mismo el convenio firmado con el hospital Garrahan, al que nos sumamos en su red de comunicaci\u00f3n a distancia. Para mejorar la salud p\u00fablica de la ciudad hace falta gesti\u00f3n y una mirada integral y abarcativa como la que propone Ustarroz\u201d.<\/p>\n<p>Finalmente, Devani celebr\u00f3 la decisi\u00f3n pol\u00edtica del gobierno nacional, \u201cdesde la llegada de N\u00e9stor Kirchner\u201d, para fortalecer el sistema de salud p\u00fablica en todo el pa\u00eds.<\/p>\n<p>\u201cTen\u00edamos un ministerio directamente sin financiamiento \u2013dijo- y hoy podemos hablar de nuevos hospitales nacionales, del calendario de vacunaci\u00f3n m\u00e1s importante de la regi\u00f3n y uno de los m\u00e1s completos del mundo, de la generaci\u00f3n de redes para la gesti\u00f3n territorial\u2026 Falta, claro que falta, pero encaramos estos desaf\u00edos impulsados por una decisi\u00f3n pol\u00edtica que puso la salud de los argentinos como prioridad\u201d.<\/p>\n<p>Antes del de Salud, desde el Frente Mercedino se organizaron los Foros de Participaci\u00f3n Ciudadana de Seguridad, Deporte, Planificaci\u00f3n y Servicios P\u00fablicos, Seguridad Vial, Educaci\u00f3n, Cultura y Producci\u00f3n y Empleo.<\/p>\n","protected":false},"excerpt":{"rendered":"<p>La transformaci\u00f3n de la Direcci\u00f3n de Salud en una Secretar\u00eda, la implementaci\u00f3n de una guardia pedi\u00e1trica permanente en el hospital &#8230; <a title=\"Junto a m\u00e9dicos y funcionarios, Ustarroz present\u00f3 importantes propuestas de salud en un foro abierto\" class=\"read-more\" href=\"https:\/\/www.hoymercedes.com.ar\/principal\/2015\/08\/05\/junto-a-medicos-y-funcionarios-ustarroz-presento-importantes-propuestas-de-salud-en-un-foro-abierto\/\" aria-label=\"Leer m\u00e1s sobre Junto a m\u00e9dicos y funcionarios, Ustarroz present\u00f3 importantes propuestas de salud en un foro abierto\">Leer m\u00e1s<\/a><\/p>\n","protected":false},"author":1,"featured_media":43674,"comment_status":"open","ping_status":"open","sticky":false,"template":"","format":"standard","meta":{"_monsterinsights_skip_tracking":false,"_monsterinsights_sitenote_active":false,"_monsterinsights_sitenote_note":"","_monsterinsights_sitenote_category":0,"jetpack_post_was_ever_published":false,"_jetpack_newsletter_access":"","_jetpack_dont_email_post_to_subs":false,"_jetpack_newsletter_tier_id":0,"_jetpack_memberships_contains_paywalled_content":false,"_jetpack_memberships_contains_paid_content":false,"footnotes":"","jetpack_publicize_message":"","jetpack_publicize_feature_enabled":true,"jetpack_social_post_already_shared":true,"jetpack_social_options":{"image_generator_settings":{"template":"highway","default_image_id":0,"font":"","enabled":false},"version":2},"_wpas_customize_per_network":false},"categories":[5],"tags":[7722,585],"class_list":["post-43673","post","type-post","status-publish","format-standard","has-post-thumbnail","hentry","category-politica","tag-foro-de-la-salud","tag-juan-ustarroz","generate-columns","tablet-grid-50","mobile-grid-100","grid-parent","grid-50"],"jetpack_publicize_connections":[],"jetpack_featured_media_url":"https:\/\/www.hoymercedes.com.ar\/principal\/wp-content\/uploads\/2015\/08\/forosalud-ustarroz.jpg","wps_subtitle":"Debate en sociedad ","jetpack_sharing_enabled":true,"jetpack-related-posts":[{"id":43630,"url":"https:\/\/www.hoymercedes.com.ar\/principal\/2015\/08\/04\/con-la-presencia-del-director-del-garrahan-ustarroz-lanza-el-foro-participativo-de-salud\/","url_meta":{"origin":43673,"position":0},"title":"Con la presencia del director del Garrahan, Ustarroz lanza el foro participativo de salud","author":"hoymercedes","date":"4 agosto, 2015","format":false,"excerpt":"\u00a0 El presidente del bloque de concejales y precandidato a intendente del Frente Mercedino para la Victoria, Juan Ignacio Ustarroz, lanzar\u00e1 meste\u00a0martes el Foro de Participaci\u00f3n Ciudadana de Salud con la presencia de importantes invitados, entre ellos el director del prestigioso hospital pedi\u00e1trico Garrahan, Marcelo Sconiparo. El encuentro ser\u00e1 a\u2026","rel":"","context":"En \u00abPol\u00edtica\u00bb","block_context":{"text":"Pol\u00edtica","link":"https:\/\/www.hoymercedes.com.ar\/principal\/category\/politica\/"},"img":{"alt_text":"","src":"https:\/\/i0.wp.com\/www.hoymercedes.com.ar\/principal\/wp-content\/uploads\/2015\/04\/mercedes-hospitalgarrahan.jpg?resize=350%2C200&ssl=1","width":350,"height":200,"srcset":"https:\/\/i0.wp.com\/www.hoymercedes.com.ar\/principal\/wp-content\/uploads\/2015\/04\/mercedes-hospitalgarrahan.jpg?resize=350%2C200&ssl=1 1x, https:\/\/i0.wp.com\/www.hoymercedes.com.ar\/principal\/wp-content\/uploads\/2015\/04\/mercedes-hospitalgarrahan.jpg?resize=525%2C300&ssl=1 1.5x"},"classes":[]},{"id":105946,"url":"https:\/\/www.hoymercedes.com.ar\/principal\/2020\/02\/05\/cassiani-asumio-como-director-ejecutivo-del-dubarry\/","url_meta":{"origin":43673,"position":1},"title":"Cassiani asumi\u00f3 como Director Ejecutivo del Dubarry","author":"hoymercedes","date":"5 febrero, 2020","format":false,"excerpt":"En la ma\u00f1ana del mi\u00e9rcoles, el m\u00e9dico Pablo Cassiani asumi\u00f3 su cargo como Director Ejecutivo del Hospital Blas L Dubarry. La doctora Sonia Paredes tom\u00f3 si cargo como Directora Asociada. Durante el acto estuvieron presentes el Viceministro de Salud Bonaerense, Nicol\u00e1s Kreplak, el director provincial de Hospitales, Juan Riera; y\u2026","rel":"","context":"En \u00abSalud\u00bb","block_context":{"text":"Salud","link":"https:\/\/www.hoymercedes.com.ar\/principal\/category\/salud\/"},"img":{"alt_text":"","src":"https:\/\/i0.wp.com\/www.hoymercedes.com.ar\/principal\/wp-content\/uploads\/2020\/02\/hospital_copy_800x5342.jpeg?resize=350%2C200&ssl=1","width":350,"height":200,"srcset":"https:\/\/i0.wp.com\/www.hoymercedes.com.ar\/principal\/wp-content\/uploads\/2020\/02\/hospital_copy_800x5342.jpeg?resize=350%2C200&ssl=1 1x, https:\/\/i0.wp.com\/www.hoymercedes.com.ar\/principal\/wp-content\/uploads\/2020\/02\/hospital_copy_800x5342.jpeg?resize=525%2C300&ssl=1 1.5x, https:\/\/i0.wp.com\/www.hoymercedes.com.ar\/principal\/wp-content\/uploads\/2020\/02\/hospital_copy_800x5342.jpeg?resize=700%2C400&ssl=1 2x"},"classes":[]},{"id":157927,"url":"https:\/\/www.hoymercedes.com.ar\/principal\/2023\/02\/02\/salud-provincia-entrega-ambulancia-para-mercedes\/","url_meta":{"origin":43673,"position":2},"title":"Salud Provincia entrega ambulancia para Mercedes","author":"hoymercedes","date":"2 febrero, 2023","format":false,"excerpt":"En la ma\u00f1ana de este jueves se hizo presente en la ciudad el Ministro de Salud de la provincia de Buenos Aires Nicol\u00e1s Kreplak. En el Hospital Blas L. Dubarry estuvo reunido con el Director del nosocomio, Pablo Cassiani y recibieron al Intendente Municipal de Mercedes Juan Ignacio Ustarroz y\u2026","rel":"","context":"En \u00abSociedad\u00bb","block_context":{"text":"Sociedad","link":"https:\/\/www.hoymercedes.com.ar\/principal\/category\/sociedad\/"},"img":{"alt_text":"","src":"https:\/\/i0.wp.com\/www.hoymercedes.com.ar\/principal\/wp-content\/uploads\/2023\/02\/20230202_140841_copy_800x451.jpg?resize=350%2C200&ssl=1","width":350,"height":200,"srcset":"https:\/\/i0.wp.com\/www.hoymercedes.com.ar\/principal\/wp-content\/uploads\/2023\/02\/20230202_140841_copy_800x451.jpg?resize=350%2C200&ssl=1 1x, https:\/\/i0.wp.com\/www.hoymercedes.com.ar\/principal\/wp-content\/uploads\/2023\/02\/20230202_140841_copy_800x451.jpg?resize=525%2C300&ssl=1 1.5x, https:\/\/i0.wp.com\/www.hoymercedes.com.ar\/principal\/wp-content\/uploads\/2023\/02\/20230202_140841_copy_800x451.jpg?resize=700%2C400&ssl=1 2x"},"classes":[]},{"id":186638,"url":"https:\/\/www.hoymercedes.com.ar\/principal\/2025\/07\/31\/mas-y-millonarios-equipamiento-para-el-hospital-dubarry\/","url_meta":{"origin":43673,"position":3},"title":"M\u00e1s y millonarios equipamiento para el Hospital Dubarry","author":"hoymercedes","date":"31 julio, 2025","format":false,"excerpt":"El Hospital Blas L. Dubarry sum\u00f3 nuevo equipamiento de alta tecnolog\u00eda para el \u00e1rea de Otoemisiones, gracias a una entrega realizada por el Ministerio de Salud de la Provincia de Buenos Aires. Estuvo presente el intendente Juan Ustarroz, el director del hospital Walter Crema, y la responsable de la Regi\u00f3n\u2026","rel":"","context":"En \u00abSociedad\u00bb","block_context":{"text":"Sociedad","link":"https:\/\/www.hoymercedes.com.ar\/principal\/category\/sociedad\/"},"img":{"alt_text":"Hospital Dubarry","src":"https:\/\/i0.wp.com\/www.hoymercedes.com.ar\/principal\/wp-content\/uploads\/2025\/07\/525602511_1085383337111279_2054324717907325832_n.jpg?resize=350%2C200&ssl=1","width":350,"height":200,"srcset":"https:\/\/i0.wp.com\/www.hoymercedes.com.ar\/principal\/wp-content\/uploads\/2025\/07\/525602511_1085383337111279_2054324717907325832_n.jpg?resize=350%2C200&ssl=1 1x, https:\/\/i0.wp.com\/www.hoymercedes.com.ar\/principal\/wp-content\/uploads\/2025\/07\/525602511_1085383337111279_2054324717907325832_n.jpg?resize=525%2C300&ssl=1 1.5x, https:\/\/i0.wp.com\/www.hoymercedes.com.ar\/principal\/wp-content\/uploads\/2025\/07\/525602511_1085383337111279_2054324717907325832_n.jpg?resize=700%2C400&ssl=1 2x, https:\/\/i0.wp.com\/www.hoymercedes.com.ar\/principal\/wp-content\/uploads\/2025\/07\/525602511_1085383337111279_2054324717907325832_n.jpg?resize=1050%2C600&ssl=1 3x, https:\/\/i0.wp.com\/www.hoymercedes.com.ar\/principal\/wp-content\/uploads\/2025\/07\/525602511_1085383337111279_2054324717907325832_n.jpg?resize=1400%2C800&ssl=1 4x"},"classes":[]},{"id":128668,"url":"https:\/\/www.hoymercedes.com.ar\/principal\/2021\/04\/22\/la-atencion-del-programa-mil-dias-se-suma-al-dubarry\/","url_meta":{"origin":43673,"position":4},"title":"La atenci\u00f3n del Programa Mil D\u00edas se suma al Dubarry","author":"hoymercedes","date":"22 abril, 2021","format":false,"excerpt":"El programa Primeros Mil D\u00edas tendr\u00e1 una oficina de atenci\u00f3n en el Hospital Blas L. Dubarry. El trabajo en conjunto entre el Municipio de Mercedes, a trav\u00e9s de la Secretar\u00eda de Salud y esta instituci\u00f3n sanitaria, permitir\u00e1 que este programa que brinda atenci\u00f3n integral a las mam\u00e1s y los ni\u00f1os\u2026","rel":"","context":"En \u00abMunicipio\u00bb","block_context":{"text":"Municipio","link":"https:\/\/www.hoymercedes.com.ar\/principal\/category\/municipio\/"},"img":{"alt_text":"","src":"https:\/\/i0.wp.com\/www.hoymercedes.com.ar\/principal\/wp-content\/uploads\/2021\/04\/DSC04111.jpg?resize=350%2C200&ssl=1","width":350,"height":200,"srcset":"https:\/\/i0.wp.com\/www.hoymercedes.com.ar\/principal\/wp-content\/uploads\/2021\/04\/DSC04111.jpg?resize=350%2C200&ssl=1 1x, https:\/\/i0.wp.com\/www.hoymercedes.com.ar\/principal\/wp-content\/uploads\/2021\/04\/DSC04111.jpg?resize=525%2C300&ssl=1 1.5x, https:\/\/i0.wp.com\/www.hoymercedes.com.ar\/principal\/wp-content\/uploads\/2021\/04\/DSC04111.jpg?resize=700%2C400&ssl=1 2x"},"classes":[]},{"id":194047,"url":"https:\/\/www.hoymercedes.com.ar\/principal\/2026\/04\/02\/el-hospital-dubarry-impulsa-la-rotacion-interdisciplinaria-para-residentes\/","url_meta":{"origin":43673,"position":5},"title":"El Hospital Dubarry impulsa la rotaci\u00f3n interdisciplinaria para residentes","author":"hoymercedes","date":"2 abril, 2026","format":false,"excerpt":"El Hospital Blas L. Dubarry puso en marcha un programa de rotaci\u00f3n interdisciplinaria destinado a m\u00e9dicos residentes, con el objetivo de fortalecer su formaci\u00f3n profesional. Hospital Blas L Dubarry Mercedes La iniciativa busca promover el trabajo articulado entre distintas especialidades, permitiendo a los profesionales en formaci\u00f3n ampliar su experiencia cl\u00ednica\u2026","rel":"","context":"En \u00abSalud\u00bb","block_context":{"text":"Salud","link":"https:\/\/www.hoymercedes.com.ar\/principal\/category\/salud\/"},"img":{"alt_text":"Hospital Blas L Dubarry Mercedes","src":"https:\/\/i0.wp.com\/www.hoymercedes.com.ar\/principal\/wp-content\/uploads\/2026\/02\/Hospital-1.jpeg?resize=350%2C200&ssl=1","width":350,"height":200,"srcset":"https:\/\/i0.wp.com\/www.hoymercedes.com.ar\/principal\/wp-content\/uploads\/2026\/02\/Hospital-1.jpeg?resize=350%2C200&ssl=1 1x, https:\/\/i0.wp.com\/www.hoymercedes.com.ar\/principal\/wp-content\/uploads\/2026\/02\/Hospital-1.jpeg?resize=525%2C300&ssl=1 1.5x, https:\/\/i0.wp.com\/www.hoymercedes.com.ar\/principal\/wp-content\/uploads\/2026\/02\/Hospital-1.jpeg?resize=700%2C400&ssl=1 2x, https:\/\/i0.wp.com\/www.hoymercedes.com.ar\/principal\/wp-content\/uploads\/2026\/02\/Hospital-1.jpeg?resize=1050%2C600&ssl=1 3x"},"classes":[]}],"_links":{"self":[{"href":"https:\/\/www.hoymercedes.com.ar\/principal\/wp-json\/wp\/v2\/posts\/43673","targetHints":{"allow":["GET"]}}],"collection":[{"href":"https:\/\/www.hoymercedes.com.ar\/principal\/wp-json\/wp\/v2\/posts"}],"about":[{"href":"https:\/\/www.hoymercedes.com.ar\/principal\/wp-json\/wp\/v2\/types\/post"}],"author":[{"embeddable":true,"href":"https:\/\/www.hoymercedes.com.ar\/principal\/wp-json\/wp\/v2\/users\/1"}],"replies":[{"embeddable":true,"href":"https:\/\/www.hoymercedes.com.ar\/principal\/wp-json\/wp\/v2\/comments?post=43673"}],"version-history":[{"count":0,"href":"https:\/\/www.hoymercedes.com.ar\/principal\/wp-json\/wp\/v2\/posts\/43673\/revisions"}],"wp:featuredmedia":[{"embeddable":true,"href":"https:\/\/www.hoymercedes.com.ar\/principal\/wp-json\/wp\/v2\/media\/43674"}],"wp:attachment":[{"href":"https:\/\/www.hoymercedes.com.ar\/principal\/wp-json\/wp\/v2\/media?parent=43673"}],"wp:term":[{"taxonomy":"category","embeddable":true,"href":"https:\/\/www.hoymercedes.com.ar\/principal\/wp-json\/wp\/v2\/categories?post=43673"},{"taxonomy":"post_tag","embeddable":true,"href":"https:\/\/www.hoymercedes.com.ar\/principal\/wp-json\/wp\/v2\/tags?post=43673"}],"curies":[{"name":"wp","href":"https:\/\/api.w.org\/{rel}","templated":true}]}}