{"id":4375,"date":"2011-05-20T02:26:08","date_gmt":"2011-05-20T02:26:08","guid":{"rendered":"http:\/\/www.hoymercedes.com.ar\/principal\/?p=4375"},"modified":"2011-05-20T02:26:08","modified_gmt":"2011-05-20T02:26:08","slug":"mario-cafiero-estara-presente-en-mercedes","status":"publish","type":"post","link":"https:\/\/www.hoymercedes.com.ar\/principal\/2011\/05\/20\/mario-cafiero-estara-presente-en-mercedes\/","title":{"rendered":"Mario Cafiero estar\u00e1 presente en Mercedes"},"content":{"rendered":"<figure id=\"attachment_4377\" aria-describedby=\"caption-attachment-4377\" style=\"width: 290px\" class=\"wp-caption alignleft\"><a href=\"https:\/\/www.hoymercedes.com.ar\/principal\/wp-content\/uploads\/2011\/05\/mario_cafiero.jpg\"><img loading=\"lazy\" decoding=\"async\" data-attachment-id=\"4377\" data-permalink=\"https:\/\/www.hoymercedes.com.ar\/principal\/2011\/05\/20\/mario-cafiero-estara-presente-en-mercedes\/mario_cafiero\/#main\" data-orig-file=\"https:\/\/www.hoymercedes.com.ar\/principal\/wp-content\/uploads\/2011\/05\/mario_cafiero.jpg\" data-orig-size=\"504,212\" data-comments-opened=\"1\" data-image-meta=\"{&quot;aperture&quot;:&quot;0&quot;,&quot;credit&quot;:&quot;&quot;,&quot;camera&quot;:&quot;&quot;,&quot;caption&quot;:&quot;&quot;,&quot;created_timestamp&quot;:&quot;0&quot;,&quot;copyright&quot;:&quot;&quot;,&quot;focal_length&quot;:&quot;0&quot;,&quot;iso&quot;:&quot;0&quot;,&quot;shutter_speed&quot;:&quot;0&quot;,&quot;title&quot;:&quot;&quot;}\" data-image-title=\"mario_cafiero\" data-image-description=\"&lt;p&gt;Mario Cafiero&lt;\/p&gt;\n\" data-image-caption=\"\" data-large-file=\"https:\/\/www.hoymercedes.com.ar\/principal\/wp-content\/uploads\/2011\/05\/mario_cafiero.jpg\" class=\"size-medium wp-image-4377\" title=\"mario_cafiero\" src=\"https:\/\/www.hoymercedes.com.ar\/principal\/wp-content\/uploads\/2011\/05\/mario_cafiero-300x126.jpg\" alt=\"\" width=\"300\" height=\"126\" srcset=\"https:\/\/www.hoymercedes.com.ar\/principal\/wp-content\/uploads\/2011\/05\/mario_cafiero-300x126.jpg 300w, https:\/\/www.hoymercedes.com.ar\/principal\/wp-content\/uploads\/2011\/05\/mario_cafiero.jpg 504w\" sizes=\"auto, (max-width: 300px) 100vw, 300px\" \/><\/a><figcaption id=\"caption-attachment-4377\" class=\"wp-caption-text\">Mario Cafiero<\/figcaption><\/figure>\n<p>Desde el Movimiento Proyecto Sur Mercedes (PPSur-PS-PSA-MST) queremos informarle a nuestros vecinos sobre el trabajo que venimos realizando en la provincia de Buenos Aires, para lo cual fuimos participes de un encuentro de debate sobre la propuesta provincial de nuestro Movimiento. Mas de seiscientos compa\u00f1eros de distintos distritos de la provincia de Buenos Aires, incluidos  representantes de  nuestra ciudad de MERCEDES, se reunieron el pasado s\u00e1bado en LANUS para debatir sobre la labor realizada  por las mesas de trabajo. Es este, un instrumento mas de lucha, producto del esfuerzo colectivo de la militancia de la Provincia de Buenos Aires<\/p>\n<p>Nuestro movimiento afronta un desafi\u00f3 enorme en este 2011 que iniciamos: dar la batalla electoral en el distrito m\u00e1s importante del pa\u00eds y el m\u00e1s complejo en todo sentido. Por primera vez afrontamos la tarea de pelear en un terreno donde los aparatos del BIPARTIDISMO y la VIEJA POLITICA, act\u00faan en forma permanente, aunque estamos convencidos que existe un enorme espacio de receptividad social a  NUESTRA  PROUESTA  pol\u00edtica EMANCIPADORA y de  CONTENIDO TRANSFORMADOR para NUESTRO PUEBLO BONAERENSE<\/p>\n<p>EL documento que se someti\u00f3 a debate y se seguir\u00e1 debatiendo en foros de las ocho secciones de toda la provincia es el resultado de la labor realizada en las mesas de trabajo de la Provincia y del debate de un grupo de compa\u00f1eros que se reunieron para conformar lo que llamamos Comisi\u00f3n Coordinadora del Programa de Gobierno de Proyecto Sur Provincia de Buenos Aires<\/p>\n<p>Desde el comienzo de las reuniones de la Comisi\u00f3n, se intent\u00f3 conjugar las ideas y proyectos que ten\u00edamos en la Provincia con las Cinco Causas del proyecto nacional de Proyecto Sur, de forma tal que se logre una consistencia de forma y contenido entre naci\u00f3n-provincia-municipio.<\/p>\n<p>Como eje central y una de nuestras principales causas &#8211; la democratizaci\u00f3n de la democracia &#8211; sometemos a discusi\u00f3n, ampliaci\u00f3n y enriquecimiento este conjunto de ideas, cuyos valores se piensan como principios irrenunciables, entendiendo que la elaboraci\u00f3n colectiva ser\u00e1 el reflejo de la participaci\u00f3n abierta y el sentir de los ciudadanos y organizaciones sociales bonaerenses; y al total de los habitantes para que dejen plasmadas sus ideas y propuestas en este Plan.<\/p>\n<p>No se trata de cerrar nada sino de precisar un piso m\u00ednimo  de consensos colectivos que nos permitan salir a instalar  el debate de ideas de NUESTRA PROPUESTA POLITICA EN TODO EL TERRITORIO PROVINCIAL<\/p>\n<p>Este primer encuentro fue altamente positivo cont\u00f3 con la efectiva participaci\u00f3n de todos los que all\u00ed estuvieron y que sin duda enriquecieron las propuestas  El mismo fue finalizado por nuestro m\u00e1ximo referente FERNANDO PINO SOLANAS Y NUESTRO  candidato a GOBERNADOR DE LA PROVINCIA DE BUENOS AIRES, MARIO CAFIERO, tambi\u00e9n estuvieron presentes Vilma RIPOLL Y Bodart del Movimiento Socialista de los trabajadores, Mario MAZZITTELI  del Partido Socialista Autentico  y los dirigentes de PTP Y PCR, y del partido Humanismo y liberaci\u00f3n.<\/p>\n<p>Por parte de nuestro movimiento a nivel local estuvieron Ignacio Porcel, Luciana Ruiz y Maria Amelia Dinova quien coordin\u00f3 la comisi\u00f3n de la causa cuatro EDUCACION Y CULTURA, por ser parte de la Comisi\u00f3n Coordinadora del Programa de Gobierno de la Provincia de Buenos Aires<\/p>\n<p>En el marco de presentaci\u00f3n de la propuesta provincial de nuestro movimiento, hemos confirmado, para el pr\u00f3ximo jueves 26 de mayo, la visita del Candidato a GOBERNADOR de la PROVINCIA, Ing MARIO CAFIERO, quien realizar\u00e1 una conferencia de prensa y charla con los vecinos en  VINILO  (23 y 24) a la 11.30 hs. a las que est\u00e1n todos invitados.-<\/p>\n<p>MOVIMIENTO PROYECTO SUR MERCEDES<\/p>\n<p>&nbsp;<\/p>\n","protected":false},"excerpt":{"rendered":"<p>Desde el Movimiento Proyecto Sur Mercedes (PPSur-PS-PSA-MST) queremos informarle a nuestros vecinos sobre el trabajo que venimos realizando en la &#8230; <a title=\"Mario Cafiero estar\u00e1 presente en Mercedes\" class=\"read-more\" href=\"https:\/\/www.hoymercedes.com.ar\/principal\/2011\/05\/20\/mario-cafiero-estara-presente-en-mercedes\/\" aria-label=\"Leer m\u00e1s sobre Mario Cafiero estar\u00e1 presente en Mercedes\">Leer m\u00e1s<\/a><\/p>\n","protected":false},"author":1,"featured_media":0,"comment_status":"open","ping_status":"open","sticky":false,"template":"","format":"standard","meta":{"_monsterinsights_skip_tracking":false,"_monsterinsights_sitenote_active":false,"_monsterinsights_sitenote_note":"","_monsterinsights_sitenote_category":0,"jetpack_post_was_ever_published":false,"_jetpack_newsletter_access":"","_jetpack_dont_email_post_to_subs":false,"_jetpack_newsletter_tier_id":0,"_jetpack_memberships_contains_paywalled_content":false,"_jetpack_memberships_contains_paid_content":false,"footnotes":"","jetpack_publicize_message":"","jetpack_publicize_feature_enabled":true,"jetpack_social_post_already_shared":false,"jetpack_social_options":{"image_generator_settings":{"template":"highway","default_image_id":0,"font":"","enabled":false},"version":2},"_wpas_customize_per_network":false},"categories":[5],"tags":[818,819],"class_list":["post-4375","post","type-post","status-publish","format-standard","hentry","category-politica","tag-mario-cafiero-en-mercedes","tag-proyeto-sur-mercedes","generate-columns","tablet-grid-50","mobile-grid-100","grid-parent","grid-50"],"jetpack_publicize_connections":[],"jetpack_featured_media_url":"","wps_subtitle":"","jetpack_sharing_enabled":true,"_links":{"self":[{"href":"https:\/\/www.hoymercedes.com.ar\/principal\/wp-json\/wp\/v2\/posts\/4375","targetHints":{"allow":["GET"]}}],"collection":[{"href":"https:\/\/www.hoymercedes.com.ar\/principal\/wp-json\/wp\/v2\/posts"}],"about":[{"href":"https:\/\/www.hoymercedes.com.ar\/principal\/wp-json\/wp\/v2\/types\/post"}],"author":[{"embeddable":true,"href":"https:\/\/www.hoymercedes.com.ar\/principal\/wp-json\/wp\/v2\/users\/1"}],"replies":[{"embeddable":true,"href":"https:\/\/www.hoymercedes.com.ar\/principal\/wp-json\/wp\/v2\/comments?post=4375"}],"version-history":[{"count":0,"href":"https:\/\/www.hoymercedes.com.ar\/principal\/wp-json\/wp\/v2\/posts\/4375\/revisions"}],"wp:attachment":[{"href":"https:\/\/www.hoymercedes.com.ar\/principal\/wp-json\/wp\/v2\/media?parent=4375"}],"wp:term":[{"taxonomy":"category","embeddable":true,"href":"https:\/\/www.hoymercedes.com.ar\/principal\/wp-json\/wp\/v2\/categories?post=4375"},{"taxonomy":"post_tag","embeddable":true,"href":"https:\/\/www.hoymercedes.com.ar\/principal\/wp-json\/wp\/v2\/tags?post=4375"}],"curies":[{"name":"wp","href":"https:\/\/api.w.org\/{rel}","templated":true}]}}