{"id":43776,"date":"2015-08-09T16:38:53","date_gmt":"2015-08-09T19:38:53","guid":{"rendered":"http:\/\/www.hoymercedes.com.ar\/principal\/?p=43776"},"modified":"2015-08-09T19:43:38","modified_gmt":"2015-08-09T22:43:38","slug":"frente-renovador-votaron-sus-principales-candidatos","status":"publish","type":"post","link":"https:\/\/www.hoymercedes.com.ar\/principal\/2015\/08\/09\/frente-renovador-votaron-sus-principales-candidatos\/","title":{"rendered":"Frente Renovador: votaron sus principales candidatos"},"content":{"rendered":"<p><a href=\"https:\/\/www.hoymercedes.com.ar\/principal\/wp-content\/uploads\/2015\/08\/sabrinavotando-selva.jpg\"><img loading=\"lazy\" decoding=\"async\" data-attachment-id=\"43777\" data-permalink=\"https:\/\/www.hoymercedes.com.ar\/principal\/2015\/08\/09\/frente-renovador-votaron-sus-principales-candidatos\/sabrinavotando-selva\/#main\" data-orig-file=\"https:\/\/www.hoymercedes.com.ar\/principal\/wp-content\/uploads\/2015\/08\/sabrinavotando-selva.jpg\" data-orig-size=\"620,413\" data-comments-opened=\"1\" data-image-meta=\"{&quot;aperture&quot;:&quot;0&quot;,&quot;credit&quot;:&quot;&quot;,&quot;camera&quot;:&quot;&quot;,&quot;caption&quot;:&quot;&quot;,&quot;created_timestamp&quot;:&quot;0&quot;,&quot;copyright&quot;:&quot;&quot;,&quot;focal_length&quot;:&quot;0&quot;,&quot;iso&quot;:&quot;0&quot;,&quot;shutter_speed&quot;:&quot;0&quot;,&quot;title&quot;:&quot;&quot;,&quot;orientation&quot;:&quot;0&quot;}\" data-image-title=\"sabrinavotando-selva\" data-image-description=\"\" data-image-caption=\"\" data-large-file=\"https:\/\/www.hoymercedes.com.ar\/principal\/wp-content\/uploads\/2015\/08\/sabrinavotando-selva.jpg\" class=\"Img2014 aligncenter wp-image-43777 size-full\" src=\"https:\/\/www.hoymercedes.com.ar\/principal\/wp-content\/uploads\/2015\/08\/sabrinavotando-selva.jpg\" alt=\"sabrinavotando-selva\" width=\"620\" height=\"413\" srcset=\"https:\/\/www.hoymercedes.com.ar\/principal\/wp-content\/uploads\/2015\/08\/sabrinavotando-selva.jpg 620w, https:\/\/www.hoymercedes.com.ar\/principal\/wp-content\/uploads\/2015\/08\/sabrinavotando-selva-150x100.jpg 150w, https:\/\/www.hoymercedes.com.ar\/principal\/wp-content\/uploads\/2015\/08\/sabrinavotando-selva-290x193.jpg 290w, https:\/\/www.hoymercedes.com.ar\/principal\/wp-content\/uploads\/2015\/08\/sabrinavotando-selva-50x33.jpg 50w\" sizes=\"auto, (max-width: 620px) 100vw, 620px\" \/><\/a><\/p>\n<p>&nbsp;<\/p>\n<p>Votaron el pre candidato a diputado nacional, Carlos Selva. El pre candidato a intendente, Marcelo Den\u00e1pole. Y los pre candidatos a concejales, Carlos Milhomme y L\u00eda Dulevich. Todos coincidieron en las complicaciones clim\u00e1ticas a la hora de votar para los mercedinos. Que todo se desarrolla con normalidad. Y se mostraron preocupados analizando las cuestiones sobre la inundaci\u00f3n con la prensa y todos, estuvieron por momentos, trabajando en el instituto Unzu\u00e9.<\/p>\n<p>Tal como estaba previsto, y a la hora previamente dada a conocer a los medios de prensa, el pre candidato a intendente por el Frente Renovador, ingeniero Marcelo Den\u00e1pole, emiti\u00f3 su sufragio a las 11 de la ma\u00f1ana en la mesa 22, de la escuela 10.<\/p>\n<p>Al salir del cuarto oscuro, e ingresar su voto a la urna, salud\u00f3 uno a uno a las autoridades de mesa y fue hacia donde lo esperaban un grupo muy nutrido de periodistas que siguen los pasos del hombre que es impulsado por el Frente Renovador, para suceder a Carlos Selva al frente de la Municipalidad.<\/p>\n<p><a href=\"https:\/\/www.hoymercedes.com.ar\/principal\/wp-content\/uploads\/2015\/08\/Marcelo-Denapole-2015.jpg\"><img loading=\"lazy\" decoding=\"async\" data-attachment-id=\"43778\" data-permalink=\"https:\/\/www.hoymercedes.com.ar\/principal\/2015\/08\/09\/frente-renovador-votaron-sus-principales-candidatos\/marcelo-denapole-2015\/#main\" data-orig-file=\"https:\/\/www.hoymercedes.com.ar\/principal\/wp-content\/uploads\/2015\/08\/Marcelo-Denapole-2015.jpg\" data-orig-size=\"620,413\" data-comments-opened=\"1\" data-image-meta=\"{&quot;aperture&quot;:&quot;4&quot;,&quot;credit&quot;:&quot;&quot;,&quot;camera&quot;:&quot;NIKON D3100&quot;,&quot;caption&quot;:&quot;&quot;,&quot;created_timestamp&quot;:&quot;1438796896&quot;,&quot;copyright&quot;:&quot;&quot;,&quot;focal_length&quot;:&quot;24&quot;,&quot;iso&quot;:&quot;3200&quot;,&quot;shutter_speed&quot;:&quot;0.016666666666667&quot;,&quot;title&quot;:&quot;&quot;,&quot;orientation&quot;:&quot;0&quot;}\" data-image-title=\"Marcelo Denapole 2015\" data-image-description=\"\" data-image-caption=\"\" data-large-file=\"https:\/\/www.hoymercedes.com.ar\/principal\/wp-content\/uploads\/2015\/08\/Marcelo-Denapole-2015.jpg\" class=\"Img2014 aligncenter wp-image-43778 size-full\" src=\"https:\/\/www.hoymercedes.com.ar\/principal\/wp-content\/uploads\/2015\/08\/Marcelo-Denapole-2015.jpg\" alt=\"Marcelo Denapole 2015\" width=\"620\" height=\"413\" srcset=\"https:\/\/www.hoymercedes.com.ar\/principal\/wp-content\/uploads\/2015\/08\/Marcelo-Denapole-2015.jpg 620w, https:\/\/www.hoymercedes.com.ar\/principal\/wp-content\/uploads\/2015\/08\/Marcelo-Denapole-2015-150x100.jpg 150w, https:\/\/www.hoymercedes.com.ar\/principal\/wp-content\/uploads\/2015\/08\/Marcelo-Denapole-2015-290x193.jpg 290w, https:\/\/www.hoymercedes.com.ar\/principal\/wp-content\/uploads\/2015\/08\/Marcelo-Denapole-2015-50x33.jpg 50w\" sizes=\"auto, (max-width: 620px) 100vw, 620px\" \/><\/a><\/p>\n<p>Al enfrentar a los periodistas, asegur\u00f3 estar con muchas expectativas respecto a los resultados electorales, pero como todos, \u201cno se maneja ning\u00fan tipo de datos, s\u00f3lo que comenz\u00f3 a la hora prevista, con algunas mesas con inconvenientes dado el factor clim\u00e1tico, pero todo se est\u00e1 desenvolviendo con absoluta normalidad\u201d.<\/p>\n<p>Marcelo Den\u00e1pole se mostr\u00f3 preocupado por las inclemencias del tiempo, comentando que \u201cme han llamado compa\u00f1eros de diferentes ciudades, todos muy preocupados, como nosotros, por la cuenca del r\u00edo Luj\u00e1n, aunque tambi\u00e9n nos preocupa lo que suceda con la cuenca del Salado y la del r\u00edo Areco. Antes de volver a las actividades, pasar\u00e9 por el instituto Unzu\u00e9 para ver nuevamente, ya que estuve muy temprano viendo el desenvolvimiento de las ayudas a los m\u00e1s necesitados, para ver de cerca c\u00f3mo estamos trabajando, y c\u00f3mo estamos haciendo llegar nuestra ayuda. Estamos en contacto permanente, pero me gusta poder ver todo con mis propios ojos. Y aprovecho para mandar un gran saludo afectuoso a todas las personas que est\u00e1n trabajando arduamente, para que la Municipalidad llegue a todos los mercedinos, hasta en los lugares m\u00e1s rec\u00f3nditos con su ayuda. Tenemos alrededor de 150 personas evacuadas en el Unzu\u00e9, y hoy, hasta que se solucione, estaremos prestos para lo que se necesite\u201d.<\/p>\n<p><strong>L\u00eda Dulevich<\/strong><\/p>\n<p>Momentos antes, hab\u00eda votado la segunda precandidata a concejal, L\u00eda Dulevich, qui\u00e9n tambi\u00e9n se mostr\u00f3 apesadumbrada por \u201cla situaci\u00f3n de tantos mercedinos que atraviesan un momento dif\u00edcil. Es muy extra\u00f1o hablar de elecciones cuando muchos vecinos est\u00e1n en la situaci\u00f3n que todos sabemos. Y respecto a lo electoral, con muchas energ\u00edas, ganas, e ideas de proyectos para la ciudad que todos queremos\u201d.<\/p>\n<p><strong>Carlos Selva<\/strong><\/p>\n<p>A las 12,18 lleg\u00f3 a la escuela Industrial, el pre candidato a diputado nacional, y actual intendente de la ciudad, Carlos Selva, a qui\u00e9n le cost\u00f3 mucho poder llegar hasta la mesa 65, ya que la gente lo paraba a saludar, y hasta aprovechaban para poder charlar con \u00e9l. Adem\u00e1s del nutrido grupo de periodistas que lo esperaban, muchos vecinos se acercaron para sacarse fotos con \u00e9l. R\u00e1pidamente, e incluso antes de poder emitir su sufragio, los periodistas comenzaron a hacerle diferentes preguntas, pero el intendente se explay\u00f3 casi exclusivamente a la situaci\u00f3n de inundaci\u00f3n por la que atraviesa Mercedes, realizando un an\u00e1lisis pormenorizado de cada uno de los focos de mayor complicaci\u00f3n. Tambi\u00e9n coment\u00f3 que \u201clas intensas lluvias complican a los vecinos a que puedan llegar a los diferentes lugares de votaci\u00f3n. Hasta donde yo s\u00e9, todo viene desarroll\u00e1ndose con normalidad, con las complicaciones l\u00f3gicas que trae semejante cantidad de agua ca\u00edda\u201d.<\/p>\n<p>El intendente Selva vot\u00f3 sonriente y de muy buen \u00e1nimo, y de la escuela Industrial, parti\u00f3 raudamente hacia el instituto Unzu\u00e9, donde visit\u00f3 los distintos lugares en donde est\u00e1 alojada los vecinos evacuados, y charl\u00f3 animadamente con el personal de Desarrollo Social que se encuentra realizando tareas, como as\u00ed tambi\u00e9n, con los muchos voluntarios que se acercan a prestar ayuda.<\/p>\n<p>Apenas vot\u00f3 el intendente, y a s\u00f3lo dos personas de la fila de por medio, estaba su propia hija, la concejal del Frente Renovador, Sabrina Selva, qui\u00e9n se encontr\u00f3 con su pap\u00e1 de manera casual. L\u00f3gicamente, apenas pudieron cruzar palabra cuando se estaban retirando del colegio.<\/p>\n<p><strong>Carlos Milhomme<\/strong><\/p>\n<p>A las 13.25, el que vot\u00f3 fue el primer pre candidato a concejal, Carlos Milhome en la mesa 46 del colegio Misericordia. Tambi\u00e9n de excelente humor, charlaba animadamente y hac\u00eda comentarios de diferentes situaciones que se viven a ra\u00edz de las fuertes inundaciones que nos toca soportar a los mercedinos, y poco habl\u00f3 de acto electoral en s\u00ed. \u201cNo tengo ninguna informaci\u00f3n de anomal\u00edas de ning\u00fan tipo. El acto electoral se viene desarrollando con total normalidad, y me alegra de sobremanera la cantidad de gente que se acerc\u00f3 a los diferentes lugares de votaci\u00f3n. La gente quiere participar, quiere decidir por el futuro de nuestros hijos\u201d.<\/p>\n<p>&nbsp;<\/p>\n<p>&nbsp;<\/p>\n","protected":false},"excerpt":{"rendered":"<p>&nbsp; Votaron el pre candidato a diputado nacional, Carlos Selva. El pre candidato a intendente, Marcelo Den\u00e1pole. Y los pre &#8230; <a title=\"Frente Renovador: votaron sus principales candidatos\" class=\"read-more\" href=\"https:\/\/www.hoymercedes.com.ar\/principal\/2015\/08\/09\/frente-renovador-votaron-sus-principales-candidatos\/\" aria-label=\"Leer m\u00e1s sobre Frente Renovador: votaron sus principales candidatos\">Leer m\u00e1s<\/a><\/p>\n","protected":false},"author":1,"featured_media":43778,"comment_status":"open","ping_status":"open","sticky":false,"template":"","format":"standard","meta":{"_monsterinsights_skip_tracking":false,"_monsterinsights_sitenote_active":false,"_monsterinsights_sitenote_note":"","_monsterinsights_sitenote_category":0,"jetpack_post_was_ever_published":false,"_jetpack_newsletter_access":"","_jetpack_dont_email_post_to_subs":false,"_jetpack_newsletter_tier_id":0,"_jetpack_memberships_contains_paywalled_content":false,"_jetpack_memberships_contains_paid_content":false,"footnotes":"","jetpack_publicize_message":"","jetpack_publicize_feature_enabled":true,"jetpack_social_post_already_shared":true,"jetpack_social_options":{"image_generator_settings":{"template":"highway","default_image_id":0,"font":"","enabled":false},"version":2},"_wpas_customize_per_network":false},"categories":[5],"tags":[7748,7463],"class_list":["post-43776","post","type-post","status-publish","format-standard","has-post-thumbnail","hentry","category-politica","tag-frente-renovador-votando","tag-paso-2015","generate-columns","tablet-grid-50","mobile-grid-100","grid-parent","grid-50"],"jetpack_publicize_connections":[],"jetpack_featured_media_url":"https:\/\/www.hoymercedes.com.ar\/principal\/wp-content\/uploads\/2015\/08\/Marcelo-Denapole-2015.jpg","wps_subtitle":"PASO 2015","jetpack_sharing_enabled":true,"jetpack-related-posts":[{"id":45566,"url":"https:\/\/www.hoymercedes.com.ar\/principal\/2015\/10\/25\/ya-votaron-los-principales-candidatos-del-frente-renovador\/","url_meta":{"origin":43776,"position":0},"title":"Ya votaron los principales candidatos del Frente Renovador","author":"hoymercedes","date":"25 octubre, 2015","format":false,"excerpt":"Con una gran puntualidad, votaron ya los principales candidatos del Frente Renovador en la ciudad de Mercedes. El intendente Carlos Selva, a su vez candidato a diputado nacional, lleg\u00f3 unos minutos antes de la hora establecida al Colegio Industrial, lugar de votaci\u00f3n. Por delante, ten\u00eda una cola de gente muy\u2026","rel":"","context":"En \u00abPol\u00edtica\u00bb","block_context":{"text":"Pol\u00edtica","link":"https:\/\/www.hoymercedes.com.ar\/principal\/category\/politica\/"},"img":{"alt_text":"","src":"https:\/\/i0.wp.com\/www.hoymercedes.com.ar\/principal\/wp-content\/uploads\/2015\/10\/denapole-voto2015.jpg?resize=350%2C200&ssl=1","width":350,"height":200,"srcset":"https:\/\/i0.wp.com\/www.hoymercedes.com.ar\/principal\/wp-content\/uploads\/2015\/10\/denapole-voto2015.jpg?resize=350%2C200&ssl=1 1x, https:\/\/i0.wp.com\/www.hoymercedes.com.ar\/principal\/wp-content\/uploads\/2015\/10\/denapole-voto2015.jpg?resize=525%2C300&ssl=1 1.5x"},"classes":[]},{"id":43168,"url":"https:\/\/www.hoymercedes.com.ar\/principal\/2015\/07\/18\/pitu-flores-apoya-a-denapole-para-ganarle-al-kirchnerismo-debemos-estar-unidos-y-aca-lo-demostramos\/","url_meta":{"origin":43776,"position":1},"title":"Pitu Flores apoya a Denapole:  \u201cPara ganarle al kirchnerismo, debemos estar unidos, y ac\u00e1 lo demostramos\u201d","author":"hoymercedes","date":"18 julio, 2015","format":false,"excerpt":"El ex referente Macrista en nuestra ciudad, Eduardo \u201cPitu\u201d Flores, decididamente apoy\u00f3 la pre candidatura de Marcelo Den\u00e1pole del Frente Renovador. \u201cDen\u00e1pole encarna el cambio, pero el Cambio Justo en Mercedes\u201d. Jorge Espa\u00f1a, asegur\u00f3 que \u201cel kirchnerismo puede hacer un desastre en la ciudad\u201d. En tanto, Marcelo Den\u00e1pole, con la\u2026","rel":"","context":"En \u00abPol\u00edtica\u00bb","block_context":{"text":"Pol\u00edtica","link":"https:\/\/www.hoymercedes.com.ar\/principal\/category\/politica\/"},"img":{"alt_text":"","src":"https:\/\/i0.wp.com\/www.hoymercedes.com.ar\/principal\/wp-content\/uploads\/2015\/07\/Denapole-Flores-Espa%C3%B1a-PRO-FrenteRenovador.jpg?resize=350%2C200&ssl=1","width":350,"height":200,"srcset":"https:\/\/i0.wp.com\/www.hoymercedes.com.ar\/principal\/wp-content\/uploads\/2015\/07\/Denapole-Flores-Espa%C3%B1a-PRO-FrenteRenovador.jpg?resize=350%2C200&ssl=1 1x, https:\/\/i0.wp.com\/www.hoymercedes.com.ar\/principal\/wp-content\/uploads\/2015\/07\/Denapole-Flores-Espa%C3%B1a-PRO-FrenteRenovador.jpg?resize=525%2C300&ssl=1 1.5x"},"classes":[]},{"id":43566,"url":"https:\/\/www.hoymercedes.com.ar\/principal\/2015\/08\/02\/denapole-y-el-frente-renovador-cerraran-su-campana-el-proximo-jueves\/","url_meta":{"origin":43776,"position":2},"title":"Denapole y el Frente Renovador cerrar\u00e1n su campa\u00f1a el pr\u00f3ximo jueves","author":"hoymercedes","date":"2 agosto, 2015","format":false,"excerpt":"Este jueves, el Frente Renovador va a cerrar su campa\u00f1a electoral de cara a las PASO, a las 20 horas en el club Estudiantes, y aseguran, ser\u00e1 multitudinario. Con seguridad habr\u00e1 invitados especiales, discursos, y todo lo necesario para pasar un buen momento \u201ctodos juntos\u201d. El precandidato en primer t\u00e9rmino\u2026","rel":"","context":"En \u00abCiudad\u00bb","block_context":{"text":"Ciudad","link":"https:\/\/www.hoymercedes.com.ar\/principal\/category\/ciudad\/"},"img":{"alt_text":"","src":"https:\/\/i0.wp.com\/www.hoymercedes.com.ar\/principal\/wp-content\/uploads\/2015\/08\/selva-denapole.jpg?resize=350%2C200&ssl=1","width":350,"height":200,"srcset":"https:\/\/i0.wp.com\/www.hoymercedes.com.ar\/principal\/wp-content\/uploads\/2015\/08\/selva-denapole.jpg?resize=350%2C200&ssl=1 1x, https:\/\/i0.wp.com\/www.hoymercedes.com.ar\/principal\/wp-content\/uploads\/2015\/08\/selva-denapole.jpg?resize=525%2C300&ssl=1 1.5x"},"classes":[]},{"id":124403,"url":"https:\/\/www.hoymercedes.com.ar\/principal\/2021\/02\/05\/marcelo-denapole-dejo-la-direccion-de-produccion\/","url_meta":{"origin":43776,"position":3},"title":"Marcelo Den\u00e1pole dej\u00f3 la Direcci\u00f3n de Producci\u00f3n","author":"hoymercedes","date":"5 febrero, 2021","format":false,"excerpt":"Con la jubilaci\u00f3n docente en su poder, Marcelo Den\u00e1pole decidi\u00f3 tambi\u00e9n dejar la funci\u00f3n p\u00fablica en el Municipio de Mercedes. Casi 20 a\u00f1os trabaj\u00f3 en la comuna con cargos en el Ejecutivo y en el Legislativo. No obstante, anticip\u00f3 que no dejar\u00e1 la vida pol\u00edtica ni su tarea como Ingeniero\u2026","rel":"","context":"En \u00abPol\u00edtica\u00bb","block_context":{"text":"Pol\u00edtica","link":"https:\/\/www.hoymercedes.com.ar\/principal\/category\/politica\/"},"img":{"alt_text":"","src":"https:\/\/i0.wp.com\/www.hoymercedes.com.ar\/principal\/wp-content\/uploads\/2015\/07\/MarceloDenapole.jpg?resize=350%2C200&ssl=1","width":350,"height":200,"srcset":"https:\/\/i0.wp.com\/www.hoymercedes.com.ar\/principal\/wp-content\/uploads\/2015\/07\/MarceloDenapole.jpg?resize=350%2C200&ssl=1 1x, https:\/\/i0.wp.com\/www.hoymercedes.com.ar\/principal\/wp-content\/uploads\/2015\/07\/MarceloDenapole.jpg?resize=525%2C300&ssl=1 1.5x"},"classes":[]},{"id":42886,"url":"https:\/\/www.hoymercedes.com.ar\/principal\/2015\/07\/05\/denapole-desde-el-frente-renovador-acelera-la-campana-a-la-intendente\/","url_meta":{"origin":43776,"position":4},"title":"Denapole, desde el Frente Renovador, acelera la campa\u00f1a a la intendente","author":"hoymercedes","date":"5 julio, 2015","format":false,"excerpt":"Se lanz\u00f3 la campa\u00f1a en las calles del Frente Renovador. Marcelo Den\u00e1pole y su lista de concejales y consejeros escolares, fueron parte de las mesas de divulgaci\u00f3n pol\u00edtica y mantuvieron contactos con los mercedinos haci\u00e9ndole llegar las propuestas. Tanto el precandidato a intendente, como Carlos Milhomme, explicaron por qu\u00e9 son\u2026","rel":"","context":"En \u00abPol\u00edtica\u00bb","block_context":{"text":"Pol\u00edtica","link":"https:\/\/www.hoymercedes.com.ar\/principal\/category\/politica\/"},"img":{"alt_text":"","src":"https:\/\/i0.wp.com\/www.hoymercedes.com.ar\/principal\/wp-content\/uploads\/2015\/07\/Denapole-Campa%C3%B1a.jpg?resize=350%2C200&ssl=1","width":350,"height":200,"srcset":"https:\/\/i0.wp.com\/www.hoymercedes.com.ar\/principal\/wp-content\/uploads\/2015\/07\/Denapole-Campa%C3%B1a.jpg?resize=350%2C200&ssl=1 1x, https:\/\/i0.wp.com\/www.hoymercedes.com.ar\/principal\/wp-content\/uploads\/2015\/07\/Denapole-Campa%C3%B1a.jpg?resize=525%2C300&ssl=1 1.5x"},"classes":[]},{"id":43586,"url":"https:\/\/www.hoymercedes.com.ar\/principal\/2015\/08\/02\/masivo-apoyo-de-la-juventud-al-frente-renovador\/","url_meta":{"origin":43776,"position":5},"title":"Masivo apoyo de la juventud al Frente Renovador","author":"hoymercedes","date":"2 agosto, 2015","format":false,"excerpt":"Carlos Selva desafi\u00f3 a los candidatos de La C\u00e1mpora que tienen dos a\u00f1os m\u00e1s de concejal, a que renuncien a sus bancas si est\u00e1n tan seguros de ganar\u201d. En un acto de la juventud del Frente Renovador, el pre candidato a diputado nacional por la provincia de Buenos Aires, y\u2026","rel":"","context":"En \u00abPol\u00edtica\u00bb","block_context":{"text":"Pol\u00edtica","link":"https:\/\/www.hoymercedes.com.ar\/principal\/category\/politica\/"},"img":{"alt_text":"","src":"https:\/\/i0.wp.com\/www.hoymercedes.com.ar\/principal\/wp-content\/uploads\/2015\/08\/selva-ravello.jpg?resize=350%2C200&ssl=1","width":350,"height":200,"srcset":"https:\/\/i0.wp.com\/www.hoymercedes.com.ar\/principal\/wp-content\/uploads\/2015\/08\/selva-ravello.jpg?resize=350%2C200&ssl=1 1x, https:\/\/i0.wp.com\/www.hoymercedes.com.ar\/principal\/wp-content\/uploads\/2015\/08\/selva-ravello.jpg?resize=525%2C300&ssl=1 1.5x"},"classes":[]}],"_links":{"self":[{"href":"https:\/\/www.hoymercedes.com.ar\/principal\/wp-json\/wp\/v2\/posts\/43776","targetHints":{"allow":["GET"]}}],"collection":[{"href":"https:\/\/www.hoymercedes.com.ar\/principal\/wp-json\/wp\/v2\/posts"}],"about":[{"href":"https:\/\/www.hoymercedes.com.ar\/principal\/wp-json\/wp\/v2\/types\/post"}],"author":[{"embeddable":true,"href":"https:\/\/www.hoymercedes.com.ar\/principal\/wp-json\/wp\/v2\/users\/1"}],"replies":[{"embeddable":true,"href":"https:\/\/www.hoymercedes.com.ar\/principal\/wp-json\/wp\/v2\/comments?post=43776"}],"version-history":[{"count":0,"href":"https:\/\/www.hoymercedes.com.ar\/principal\/wp-json\/wp\/v2\/posts\/43776\/revisions"}],"wp:featuredmedia":[{"embeddable":true,"href":"https:\/\/www.hoymercedes.com.ar\/principal\/wp-json\/wp\/v2\/media\/43778"}],"wp:attachment":[{"href":"https:\/\/www.hoymercedes.com.ar\/principal\/wp-json\/wp\/v2\/media?parent=43776"}],"wp:term":[{"taxonomy":"category","embeddable":true,"href":"https:\/\/www.hoymercedes.com.ar\/principal\/wp-json\/wp\/v2\/categories?post=43776"},{"taxonomy":"post_tag","embeddable":true,"href":"https:\/\/www.hoymercedes.com.ar\/principal\/wp-json\/wp\/v2\/tags?post=43776"}],"curies":[{"name":"wp","href":"https:\/\/api.w.org\/{rel}","templated":true}]}}