{"id":43818,"date":"2015-08-10T14:08:19","date_gmt":"2015-08-10T17:08:19","guid":{"rendered":"http:\/\/www.hoymercedes.com.ar\/principal\/?p=43818"},"modified":"2015-08-11T12:43:36","modified_gmt":"2015-08-11T15:43:36","slug":"maria-eugenia-vidal-fue-la-mas-votada-en-mercedes-para-provincia","status":"publish","type":"post","link":"https:\/\/www.hoymercedes.com.ar\/principal\/2015\/08\/10\/maria-eugenia-vidal-fue-la-mas-votada-en-mercedes-para-provincia\/","title":{"rendered":"Mar\u00eda Eugenia Vidal fue la m\u00e1s votada en Mercedes para Provincia"},"content":{"rendered":"<p><a href=\"https:\/\/www.hoymercedes.com.ar\/principal\/wp-content\/uploads\/2014\/10\/eugenia-vidal-mercedes.jpg\"><img loading=\"lazy\" decoding=\"async\" data-attachment-id=\"36604\" data-permalink=\"https:\/\/www.hoymercedes.com.ar\/principal\/2014\/10\/02\/vidal-limpieza-caminos-rurales-e-inundaciones-en-el-eje-de-su-visita-a-mercedes\/eugenia-vidal-mercedes\/#main\" data-orig-file=\"https:\/\/www.hoymercedes.com.ar\/principal\/wp-content\/uploads\/2014\/10\/eugenia-vidal-mercedes.jpg\" data-orig-size=\"620,354\" data-comments-opened=\"1\" data-image-meta=\"{&quot;aperture&quot;:&quot;0&quot;,&quot;credit&quot;:&quot;&quot;,&quot;camera&quot;:&quot;&quot;,&quot;caption&quot;:&quot;&quot;,&quot;created_timestamp&quot;:&quot;0&quot;,&quot;copyright&quot;:&quot;&quot;,&quot;focal_length&quot;:&quot;0&quot;,&quot;iso&quot;:&quot;0&quot;,&quot;shutter_speed&quot;:&quot;0&quot;,&quot;title&quot;:&quot;&quot;,&quot;orientation&quot;:&quot;0&quot;}\" data-image-title=\"eugenia-vidal-mercedes\" data-image-description=\"\" data-image-caption=\"\" data-large-file=\"https:\/\/www.hoymercedes.com.ar\/principal\/wp-content\/uploads\/2014\/10\/eugenia-vidal-mercedes.jpg\" class=\"Img2014 aligncenter wp-image-36604 size-full\" title=\"Mar\u00eda Eugenia Vidal m\u00e1s votada en Mercedes, foto: www.hoymercedes.com\" src=\"https:\/\/www.hoymercedes.com.ar\/principal\/wp-content\/uploads\/2014\/10\/eugenia-vidal-mercedes.jpg\" alt=\"eugenia-vidal-mercedes\" width=\"620\" height=\"354\" \/><\/a><\/p>\n<p>&nbsp;<\/p>\n<p><em><strong>En Mercedes tambi\u00e9n se votaron pre candidatos a gobernador por la Provincia de Buenos Aires. En dicho rubro Mar\u00eda Eugenia Vidal, del PRO, logr\u00f3 desde el \u201cFrente Cambiemos\u201d el 38.94% seguida por Felipe Sol\u00e1 de \u201cUna Nueva Alternativa\u201d con el 20.79% y cierre el podio de los tres primeros Juli\u00e1n Dom\u00ednguez con 16.92% en el \u201cFrente para la Victoria\u201d.<\/strong><\/em><\/p>\n<p>En la interna del Frente para la Victoria Domingo, como se dijo, obtuvo el 16.92% mientras que An\u00edbal Fern\u00e1ndez 15.95%.<\/p>\n<p>N\u00e9stor Pitrola del \u201cFrente de Izquierda y los Trabajadores\u201d obtuvo el 2.69% mientras Christian Castillo, tambi\u00e9n del Frente de Izquierda al 0.61%.<\/p>\n<p>Jaime Linares del \u201cFrente Progresista\u201d arrib\u00f3 al 1.61% siendo para Eduardo D&#8217;Onofrio de \u201cCompromiso Federal\u201d lleg\u00f3 al 0.97%<\/p>\n<p>Jorge Ceballos\u00a0 de \u201cProgresistas\u201d el 0.47%, Adolfo &#8216;Fito&#8217; Aguirre del \u201cFrente Popular\u201d sum\u00f3 0.31%.<\/p>\n<p>La conocida por los mercedinos, que tantas veces nos ha visitado, Vilma Ripoll, del \u201cMST-Nueva Izquierda\u201d consigui\u00f3 0.29%.<\/p>\n<p>H\u00e9ctor Heberling de \u201cNuevo MAS\u201d\u00a0 sum\u00f3 0.24% y finalmente Manuel Bertoldi de \u201cPatria Grande\u201d el 0.21%<\/p>\n<p>De esa manera los mercedinos eligieron en las urnas las posibilidades en Provincia de Buenos Aires.<\/p>\n","protected":false},"excerpt":{"rendered":"<p>&nbsp; En Mercedes tambi\u00e9n se votaron pre candidatos a gobernador por la Provincia de Buenos Aires. En dicho rubro Mar\u00eda &#8230; <a title=\"Mar\u00eda Eugenia Vidal fue la m\u00e1s votada en Mercedes para Provincia\" class=\"read-more\" href=\"https:\/\/www.hoymercedes.com.ar\/principal\/2015\/08\/10\/maria-eugenia-vidal-fue-la-mas-votada-en-mercedes-para-provincia\/\" aria-label=\"Leer m\u00e1s sobre Mar\u00eda Eugenia Vidal fue la m\u00e1s votada en Mercedes para Provincia\">Leer m\u00e1s<\/a><\/p>\n","protected":false},"author":1,"featured_media":36604,"comment_status":"open","ping_status":"open","sticky":false,"template":"","format":"standard","meta":{"_monsterinsights_skip_tracking":false,"_monsterinsights_sitenote_active":false,"_monsterinsights_sitenote_note":"","_monsterinsights_sitenote_category":0,"jetpack_post_was_ever_published":false,"_jetpack_newsletter_access":"","_jetpack_dont_email_post_to_subs":false,"_jetpack_newsletter_tier_id":0,"_jetpack_memberships_contains_paywalled_content":false,"_jetpack_memberships_contains_paid_content":false,"footnotes":"","jetpack_publicize_message":"","jetpack_publicize_feature_enabled":true,"jetpack_social_post_already_shared":true,"jetpack_social_options":{"image_generator_settings":{"template":"highway","default_image_id":0,"font":"","enabled":false},"version":2},"_wpas_customize_per_network":false},"categories":[5],"tags":[7760,7759],"class_list":["post-43818","post","type-post","status-publish","format-standard","has-post-thumbnail","hentry","category-politica","tag-foto-www-hoymercedes-com","tag-maria-eugenia-vidal-mas-votada-en-mercedes","generate-columns","tablet-grid-50","mobile-grid-100","grid-parent","grid-50"],"jetpack_publicize_connections":[],"jetpack_featured_media_url":"https:\/\/www.hoymercedes.com.ar\/principal\/wp-content\/uploads\/2014\/10\/eugenia-vidal-mercedes.jpg","wps_subtitle":"PASO 2015","jetpack_sharing_enabled":true,"jetpack-related-posts":[{"id":45604,"url":"https:\/\/www.hoymercedes.com.ar\/principal\/2015\/10\/26\/eugenia-vidal-y-mauricio-macri-los-mas-votados-en-mercedes\/","url_meta":{"origin":43818,"position":0},"title":"Eugenia Vidal y Mauricio Macri los m\u00e1s votados en Mercedes","author":"hoymercedes","date":"26 octubre, 2015","format":false,"excerpt":"La ciudad de Mercedes tambi\u00e9n eligi\u00f3 a las dem\u00e1s instancias ejecutivas que nos competen: Presidente y Gobernados siendo las f\u00f3rmulas m\u00e1s votadas las encabezadas por Mauricio Macri y Mar\u00eda Eugenia Vidal. Seg\u00fan los datos oficiales a las 01.00am y con el 98.00% de las mesas escrutadas en Mercedes los datos\u2026","rel":"","context":"En \u00abPol\u00edtica\u00bb","block_context":{"text":"Pol\u00edtica","link":"https:\/\/www.hoymercedes.com.ar\/principal\/category\/politica\/"},"img":{"alt_text":"","src":"https:\/\/i0.wp.com\/www.hoymercedes.com.ar\/principal\/wp-content\/uploads\/2015\/10\/elecciones-2015-Vidal-Macri.jpg?resize=350%2C200&ssl=1","width":350,"height":200,"srcset":"https:\/\/i0.wp.com\/www.hoymercedes.com.ar\/principal\/wp-content\/uploads\/2015\/10\/elecciones-2015-Vidal-Macri.jpg?resize=350%2C200&ssl=1 1x, https:\/\/i0.wp.com\/www.hoymercedes.com.ar\/principal\/wp-content\/uploads\/2015\/10\/elecciones-2015-Vidal-Macri.jpg?resize=525%2C300&ssl=1 1.5x"},"classes":[]},{"id":46826,"url":"https:\/\/www.hoymercedes.com.ar\/principal\/2016\/01\/13\/invitan-a-daniel-salvador-a-visitar-mercedes-con-maria-eugenia-vidal-y-su-gabinente\/","url_meta":{"origin":43818,"position":1},"title":"Invitan a Daniel Salvador a visitar Mercedes con Maria Eugenia Vidal y su gabinente","author":"hoymercedes","date":"13 enero, 2016","format":false,"excerpt":"Este mi\u00e9rcoles, por la ma\u00f1ana, Mauricio Macri y Maria Eugenia Vidal anunciaron el inicio de una obra muy importante para los mercedinos. Terminar con la conexi\u00f3n de la ruta 5 con el Acceso Oeste. Mas de 10 a\u00f1os para 3 kms una locura. Vecinos de la ciudad, muchos de ellos\u2026","rel":"","context":"En \u00abSociedad\u00bb","block_context":{"text":"Sociedad","link":"https:\/\/www.hoymercedes.com.ar\/principal\/category\/sociedad\/"},"img":{"alt_text":"","src":"https:\/\/i0.wp.com\/www.hoymercedes.com.ar\/principal\/wp-content\/uploads\/2016\/01\/fal-vidal.jpg?resize=350%2C200&ssl=1","width":350,"height":200,"srcset":"https:\/\/i0.wp.com\/www.hoymercedes.com.ar\/principal\/wp-content\/uploads\/2016\/01\/fal-vidal.jpg?resize=350%2C200&ssl=1 1x, https:\/\/i0.wp.com\/www.hoymercedes.com.ar\/principal\/wp-content\/uploads\/2016\/01\/fal-vidal.jpg?resize=525%2C300&ssl=1 1.5x"},"classes":[]},{"id":127351,"url":"https:\/\/www.hoymercedes.com.ar\/principal\/2021\/04\/01\/concejales-y-mesa-jxc-mercedes-rechazaron-el-discurso-de-kicillof\/","url_meta":{"origin":43818,"position":2},"title":"Concejales y Mesa JxC Mercedes rechazaron el discurso de Kicillof","author":"hoymercedes","date":"1 abril, 2021","format":false,"excerpt":"A trav\u00e9s de una comunicaci\u00f3n enviada a los medios, el bloque de Concejales de Juntos por el Cambio y la mesa del mismo frente pol\u00edtico rechaz\u00f3 \"rotundamente\" el discurso que dio el gobernador de la Provincia, Axel Kicillof en su visita al municipio, por estar te\u00f1idas de \u201cpura ideolog\u00eda, politiquer\u00eda\u2026","rel":"","context":"En \u00abPol\u00edtica\u00bb","block_context":{"text":"Pol\u00edtica","link":"https:\/\/www.hoymercedes.com.ar\/principal\/category\/politica\/"},"img":{"alt_text":"","src":"https:\/\/i0.wp.com\/www.hoymercedes.com.ar\/principal\/wp-content\/uploads\/2020\/09\/05-juntos-x-cambio.jpg?resize=350%2C200&ssl=1","width":350,"height":200,"srcset":"https:\/\/i0.wp.com\/www.hoymercedes.com.ar\/principal\/wp-content\/uploads\/2020\/09\/05-juntos-x-cambio.jpg?resize=350%2C200&ssl=1 1x, https:\/\/i0.wp.com\/www.hoymercedes.com.ar\/principal\/wp-content\/uploads\/2020\/09\/05-juntos-x-cambio.jpg?resize=525%2C300&ssl=1 1.5x, https:\/\/i0.wp.com\/www.hoymercedes.com.ar\/principal\/wp-content\/uploads\/2020\/09\/05-juntos-x-cambio.jpg?resize=700%2C400&ssl=1 2x"},"classes":[]},{"id":130635,"url":"https:\/\/www.hoymercedes.com.ar\/principal\/2021\/05\/24\/jxc-celebra-el-segundo-aniversario-del-same-en-mercedes\/","url_meta":{"origin":43818,"position":3},"title":"JxC celebra el segundo aniversario del SAME en Mercedes","author":"hoymercedes","date":"24 mayo, 2021","format":false,"excerpt":"Los integrantes de Juntos por el Cambio celebran el segundo aniversario de la puesta en funcionamiento del SAME en la ciudad. \u201cUna realidad que salva vidas en Mercedes\u201d, expresan en la comunicaci\u00f3n enviada a los medios. \"A dos a\u00f1os de la puesta en funcionamiento del Sistema de Atenci\u00f3n M\u00e9dica de\u2026","rel":"","context":"En \u00abPol\u00edtica\u00bb","block_context":{"text":"Pol\u00edtica","link":"https:\/\/www.hoymercedes.com.ar\/principal\/category\/politica\/"},"img":{"alt_text":"Same Buenos Aires","src":"https:\/\/i0.wp.com\/www.hoymercedes.com.ar\/principal\/wp-content\/uploads\/2019\/05\/20-same-provincia.jpg?resize=350%2C200&ssl=1","width":350,"height":200,"srcset":"https:\/\/i0.wp.com\/www.hoymercedes.com.ar\/principal\/wp-content\/uploads\/2019\/05\/20-same-provincia.jpg?resize=350%2C200&ssl=1 1x, https:\/\/i0.wp.com\/www.hoymercedes.com.ar\/principal\/wp-content\/uploads\/2019\/05\/20-same-provincia.jpg?resize=525%2C300&ssl=1 1.5x, https:\/\/i0.wp.com\/www.hoymercedes.com.ar\/principal\/wp-content\/uploads\/2019\/05\/20-same-provincia.jpg?resize=700%2C400&ssl=1 2x"},"classes":[]},{"id":143542,"url":"https:\/\/www.hoymercedes.com.ar\/principal\/2022\/02\/04\/vidal-se-reunio-con-referentes-locales-de-juntos\/","url_meta":{"origin":43818,"position":4},"title":"Vidal se reuni\u00f3 con referentes locales de Juntos","author":"hoymercedes","date":"4 febrero, 2022","format":false,"excerpt":"En la ma\u00f1ana de este viernes estuvo presente en un campo de la ciudad de Mercedes la Diputada Nacional y ex Gobernadora de la Provincia de Buenos Aires, Mar\u00eda Eugenia Vidal. Se reuni\u00f3 con los referentes locales de Juntos y visit\u00f3 empresas de la zona rural. \u201cNosotros tenemos un proyecto\u2026","rel":"","context":"En \u00abPol\u00edtica\u00bb","block_context":{"text":"Pol\u00edtica","link":"https:\/\/www.hoymercedes.com.ar\/principal\/category\/politica\/"},"img":{"alt_text":"","src":"https:\/\/i0.wp.com\/www.hoymercedes.com.ar\/principal\/wp-content\/uploads\/2022\/02\/WhatsApp-Image-2022-02-04-at-14.21.57.jpeg?resize=350%2C200&ssl=1","width":350,"height":200,"srcset":"https:\/\/i0.wp.com\/www.hoymercedes.com.ar\/principal\/wp-content\/uploads\/2022\/02\/WhatsApp-Image-2022-02-04-at-14.21.57.jpeg?resize=350%2C200&ssl=1 1x, https:\/\/i0.wp.com\/www.hoymercedes.com.ar\/principal\/wp-content\/uploads\/2022\/02\/WhatsApp-Image-2022-02-04-at-14.21.57.jpeg?resize=525%2C300&ssl=1 1.5x, https:\/\/i0.wp.com\/www.hoymercedes.com.ar\/principal\/wp-content\/uploads\/2022\/02\/WhatsApp-Image-2022-02-04-at-14.21.57.jpeg?resize=700%2C400&ssl=1 2x"},"classes":[]},{"id":45321,"url":"https:\/\/www.hoymercedes.com.ar\/principal\/2015\/10\/15\/vidal-propuso-en-mercedes-con-lucas-a-nivel-nacional-con-mauricio-y-en-provincia-conmigo\/","url_meta":{"origin":43818,"position":5},"title":"Vidal propuso: \u201cen Mercedes con Lucas, a nivel nacional con Mauricio y en provincia conmigo\u201d","author":"hoymercedes","date":"15 octubre, 2015","format":false,"excerpt":"\u00a0 Mar\u00eda Eugenia Vidal, candidata a gobernadora de la Provincia Buenos Aires visit\u00f3 Mercedes en el marco de la campa\u00f1a que incluye a Lucas Fal a nivel local. La candidata insisti\u00f3 en que su espacio propone algo para quienes no se sienten representados por las actuales gestiones. Acompa\u00f1ada por Lucas\u2026","rel":"","context":"En \u00abPol\u00edtica\u00bb","block_context":{"text":"Pol\u00edtica","link":"https:\/\/www.hoymercedes.com.ar\/principal\/category\/politica\/"},"img":{"alt_text":"","src":"https:\/\/i0.wp.com\/www.hoymercedes.com.ar\/principal\/wp-content\/uploads\/2015\/10\/fal.cambiemo.jpg?resize=350%2C200&ssl=1","width":350,"height":200,"srcset":"https:\/\/i0.wp.com\/www.hoymercedes.com.ar\/principal\/wp-content\/uploads\/2015\/10\/fal.cambiemo.jpg?resize=350%2C200&ssl=1 1x, https:\/\/i0.wp.com\/www.hoymercedes.com.ar\/principal\/wp-content\/uploads\/2015\/10\/fal.cambiemo.jpg?resize=525%2C300&ssl=1 1.5x"},"classes":[]}],"_links":{"self":[{"href":"https:\/\/www.hoymercedes.com.ar\/principal\/wp-json\/wp\/v2\/posts\/43818","targetHints":{"allow":["GET"]}}],"collection":[{"href":"https:\/\/www.hoymercedes.com.ar\/principal\/wp-json\/wp\/v2\/posts"}],"about":[{"href":"https:\/\/www.hoymercedes.com.ar\/principal\/wp-json\/wp\/v2\/types\/post"}],"author":[{"embeddable":true,"href":"https:\/\/www.hoymercedes.com.ar\/principal\/wp-json\/wp\/v2\/users\/1"}],"replies":[{"embeddable":true,"href":"https:\/\/www.hoymercedes.com.ar\/principal\/wp-json\/wp\/v2\/comments?post=43818"}],"version-history":[{"count":0,"href":"https:\/\/www.hoymercedes.com.ar\/principal\/wp-json\/wp\/v2\/posts\/43818\/revisions"}],"wp:featuredmedia":[{"embeddable":true,"href":"https:\/\/www.hoymercedes.com.ar\/principal\/wp-json\/wp\/v2\/media\/36604"}],"wp:attachment":[{"href":"https:\/\/www.hoymercedes.com.ar\/principal\/wp-json\/wp\/v2\/media?parent=43818"}],"wp:term":[{"taxonomy":"category","embeddable":true,"href":"https:\/\/www.hoymercedes.com.ar\/principal\/wp-json\/wp\/v2\/categories?post=43818"},{"taxonomy":"post_tag","embeddable":true,"href":"https:\/\/www.hoymercedes.com.ar\/principal\/wp-json\/wp\/v2\/tags?post=43818"}],"curies":[{"name":"wp","href":"https:\/\/api.w.org\/{rel}","templated":true}]}}