{"id":43866,"date":"2015-08-10T22:45:07","date_gmt":"2015-08-11T01:45:07","guid":{"rendered":"http:\/\/www.hoymercedes.com.ar\/principal\/?p=43866"},"modified":"2015-08-12T00:22:03","modified_gmt":"2015-08-12T03:22:03","slug":"selva-expuso-sobre-el-operativo-de-asistencia-mas-grande-los-ultimos-25-anos","status":"publish","type":"post","link":"https:\/\/www.hoymercedes.com.ar\/principal\/2015\/08\/10\/selva-expuso-sobre-el-operativo-de-asistencia-mas-grande-los-ultimos-25-anos\/","title":{"rendered":"Selva expuso sobre el operativo de asistencia m\u00e1s grande los \u00faltimos 25 a\u00f1os"},"content":{"rendered":"<p><strong><a href=\"https:\/\/www.hoymercedes.com.ar\/principal\/wp-content\/uploads\/2015\/08\/SAM_0986.jpg\"><img loading=\"lazy\" decoding=\"async\" data-attachment-id=\"43867\" data-permalink=\"https:\/\/www.hoymercedes.com.ar\/principal\/2015\/08\/10\/selva-expuso-sobre-el-operativo-de-asistencia-mas-grande-los-ultimos-25-anos\/sam_0986\/#main\" data-orig-file=\"https:\/\/www.hoymercedes.com.ar\/principal\/wp-content\/uploads\/2015\/08\/SAM_0986.jpg\" data-orig-size=\"620,465\" data-comments-opened=\"1\" data-image-meta=\"{&quot;aperture&quot;:&quot;2.5&quot;,&quot;credit&quot;:&quot;&quot;,&quot;camera&quot;:&quot;ST64&quot;,&quot;caption&quot;:&quot;&quot;,&quot;created_timestamp&quot;:&quot;1439212419&quot;,&quot;copyright&quot;:&quot;COPYRIGHT, 2011&quot;,&quot;focal_length&quot;:&quot;4.5&quot;,&quot;iso&quot;:&quot;400&quot;,&quot;shutter_speed&quot;:&quot;0.033333333333333&quot;,&quot;title&quot;:&quot;&quot;,&quot;orientation&quot;:&quot;0&quot;}\" data-image-title=\"SAM_0986\" data-image-description=\"\" data-image-caption=\"\" data-large-file=\"https:\/\/www.hoymercedes.com.ar\/principal\/wp-content\/uploads\/2015\/08\/SAM_0986.jpg\" class=\"Img2014 aligncenter wp-image-43867 size-full\" src=\"https:\/\/www.hoymercedes.com.ar\/principal\/wp-content\/uploads\/2015\/08\/SAM_0986.jpg\" alt=\"SAM_0986\" width=\"620\" height=\"465\" srcset=\"https:\/\/www.hoymercedes.com.ar\/principal\/wp-content\/uploads\/2015\/08\/SAM_0986.jpg 620w, https:\/\/www.hoymercedes.com.ar\/principal\/wp-content\/uploads\/2015\/08\/SAM_0986-150x113.jpg 150w, https:\/\/www.hoymercedes.com.ar\/principal\/wp-content\/uploads\/2015\/08\/SAM_0986-290x218.jpg 290w, https:\/\/www.hoymercedes.com.ar\/principal\/wp-content\/uploads\/2015\/08\/SAM_0986-50x38.jpg 50w\" sizes=\"auto, (max-width: 620px) 100vw, 620px\" \/><\/a><\/strong><\/p>\n<p><em><strong>El intendente Carlos Selva brind\u00f3 datos sobre \u201cla peor inundaci\u00f3n de los \u00faltimos 25 a\u00f1os\u201d contando que se han evacuado cerca de 2000 vecinos de los cuales alrededor de 500 est\u00e1n siendo alojados en los dos centros de evacuaci\u00f3n dispuestos por la Comuna: ex Instituto Unzu\u00e9 y Polideportivo CEF 40. En el encuentro con la prensa mostraron el \u00faltimo video filmado con el drone municipal con im\u00e1genes impactantes que ser\u00e1n pronto difundidas. Las cifras var\u00edas dada la rotaci\u00f3n que efect\u00faan los vecinos.<\/strong><\/em><\/p>\n<p>Selva coment\u00f3 que estamos \u201cante la peor inundaci\u00f3n que me recuerde por lo menos en los \u00faltimos 25 a\u00f1os. Hab\u00eda una referencia de que en una grave inundaci\u00f3n hab\u00eda llegado a la calle 53 el agua, hoy, ya est\u00e1 en la calle 49 y subiendo. A esta altura de los hechos los videos que hacemos son viejos al rato porque la velocidad es sorprendente\u201d afirm\u00f3 y narr\u00f3 un hecho que fue un tractor que qued\u00f3 encajado y unas horas despu\u00e9s s\u00f3lo se le ve\u00eda el techo.<\/p>\n<p>\u201cTenemos datos contundentes, en el Centro de Evacuaci\u00f3n tenemos 450 personas habiendo egresado no menos de 55 que estuvieron y lograron reubicarse. Hemos tambi\u00e9n habilitado en la ma\u00f1ana el Polideportivo donde hay otras 35 o 40 personas\u201d afirm\u00f3<\/p>\n<p>Los bomberos, servicios p\u00fablicos, personal del Unzu\u00e9, Gendarmer\u00eda, Polic\u00eda local, Departamental, personal municipal son parte de los equipos de trabajos.<\/p>\n<p>\u201cDesde el viernes el municipio con una gran organizaci\u00f3n y acci\u00f3n de los trabajadores estuvieron asistiendo en alimentaci\u00f3n a quienes custodiaban sus viviendas y los que en ese momento estaban en el Centro de Evacuaci\u00f3n que eran 160 y unas 1000 viandas para los que padec\u00edan el agua\u201d afirm\u00f3 en el momento que hizo un repaso comentando que: \u201canoche, a la una o dos de la ma\u00f1ana se realiz\u00f3 una nueva recorrida dentro de las rutinas de asistencia y ven\u00edamos con todo el equipo manejando evacuaciones casi circunstanciales, se hablaba con el vecino y se lo trataba de convencer de que venga con nosotros, pero, desde anoche \u2013 insisti\u00f3 &#8211; todo el equipo debi\u00f3 evacuar barrios completos. En estos momentos hay m\u00e1s de cinco lanchas, m\u00e1s botes de particulares que se est\u00e1n afectando al operativo. La magnitud de esta crisis nos preocupa porque la l\u00ednea de crecimiento del rio se proyecta siga creciendo durante la madrugada, es decir, el pico todav\u00eda no ha llegado\u201d, sostuvo alrededor de las 19.30hs al atender a la prensa.<\/p>\n<p><strong>Hospedaje<\/strong><\/p>\n<p>El intendente coment\u00f3 que se reuni\u00f3 con la direcci\u00f3n de Gendarmer\u00eda quien est\u00e1 asistiendo desde varios espacios tambi\u00e9n solicit\u00e1ndole especialmente apoyo en la cocina porque el personal estaba desbordado. Coment\u00f3 que ahora est\u00e1n m\u00e1s equilibrados asistiendo a miles con viandas en desayuno, almuerzo, merienda y cena.<\/p>\n<p><strong>Scioli<\/strong><\/p>\n<p>Nuevamente tuvo dur\u00edsimas palabras contra el actual gobernador a qui\u00e9n acus\u00f3 de efectuar declaraciones \u201cfalaces\u201d dado que \u201cno se han hecho obras en la regi\u00f3n\u201d para evitar el desborde del r\u00edo.<\/p>\n<p><strong>Datos<\/strong><\/p>\n<p>2000 mercedinos estaban evacuados a las 20.00hs del lunes. Muchos de ellos en espacios particulares, de familiares o amigos<\/p>\n<p>Los n\u00fameros varias porque algunos ingresan, otros salen, hay familias divididas, etc.<\/p>\n<p>450 estaban evacuados en el ex Unzu\u00e9<\/p>\n<p>Entre 35 y 40 en el Polideportivo<\/p>\n<p>El r\u00edo seguir\u00e1 subiendo.<\/p>\n<p>&nbsp;<\/p>\n","protected":false},"excerpt":{"rendered":"<p>El intendente Carlos Selva brind\u00f3 datos sobre \u201cla peor inundaci\u00f3n de los \u00faltimos 25 a\u00f1os\u201d contando que se han evacuado &#8230; <a title=\"Selva expuso sobre el operativo de asistencia m\u00e1s grande los \u00faltimos 25 a\u00f1os\" class=\"read-more\" href=\"https:\/\/www.hoymercedes.com.ar\/principal\/2015\/08\/10\/selva-expuso-sobre-el-operativo-de-asistencia-mas-grande-los-ultimos-25-anos\/\" aria-label=\"Leer m\u00e1s sobre Selva expuso sobre el operativo de asistencia m\u00e1s grande los \u00faltimos 25 a\u00f1os\">Leer m\u00e1s<\/a><\/p>\n","protected":false},"author":1,"featured_media":43867,"comment_status":"open","ping_status":"open","sticky":false,"template":"","format":"standard","meta":{"_monsterinsights_skip_tracking":false,"_monsterinsights_sitenote_active":false,"_monsterinsights_sitenote_note":"","_monsterinsights_sitenote_category":0,"jetpack_post_was_ever_published":false,"_jetpack_newsletter_access":"","_jetpack_dont_email_post_to_subs":false,"_jetpack_newsletter_tier_id":0,"_jetpack_memberships_contains_paywalled_content":false,"_jetpack_memberships_contains_paid_content":false,"footnotes":"","jetpack_publicize_message":"","jetpack_publicize_feature_enabled":true,"jetpack_social_post_already_shared":true,"jetpack_social_options":{"image_generator_settings":{"template":"highway","default_image_id":0,"font":"","enabled":false},"version":2},"_wpas_customize_per_network":false},"categories":[5],"tags":[7763,6918],"class_list":["post-43866","post","type-post","status-publish","format-standard","has-post-thumbnail","hentry","category-politica","tag-inundados-2015","tag-selva-critica-a-scioli","generate-columns","tablet-grid-50","mobile-grid-100","grid-parent","grid-50"],"jetpack_publicize_connections":[],"jetpack_featured_media_url":"https:\/\/www.hoymercedes.com.ar\/principal\/wp-content\/uploads\/2015\/08\/SAM_0986.jpg","wps_subtitle":"Inundados 2015","jetpack_sharing_enabled":true,"jetpack-related-posts":[{"id":43938,"url":"https:\/\/www.hoymercedes.com.ar\/principal\/2015\/08\/12\/massa-en-mercedes-analizo-inundacion-estuvo-con-vecinos-y-evaluo-el-futuro\/","url_meta":{"origin":43866,"position":0},"title":"Massa en Mercedes analiz\u00f3 inundaci\u00f3n, estuvo con vecinos y evalu\u00f3 el futuro","author":"hoymercedes","date":"12 agosto, 2015","format":false,"excerpt":"Este mi\u00e9rcoles Mercedes recibi\u00f3 m\u00faltiples visitas, de medios y pol\u00edticos. Uno de los que estuvo efectuando actividades en el comando de campa\u00f1a de la crisis que vive la ciudad fue el referente del Frente Renovador y candidato a presidente Sergio Massa qui\u00e9n estuvo con Carlos Selva, los vecinos damnificados y\u2026","rel":"","context":"En \u00abSociedad\u00bb","block_context":{"text":"Sociedad","link":"https:\/\/www.hoymercedes.com.ar\/principal\/category\/sociedad\/"},"img":{"alt_text":"","src":"https:\/\/i0.wp.com\/www.hoymercedes.com.ar\/principal\/wp-content\/uploads\/2015\/08\/massa-mercedes-inundados-2015.jpg?resize=350%2C200&ssl=1","width":350,"height":200,"srcset":"https:\/\/i0.wp.com\/www.hoymercedes.com.ar\/principal\/wp-content\/uploads\/2015\/08\/massa-mercedes-inundados-2015.jpg?resize=350%2C200&ssl=1 1x, https:\/\/i0.wp.com\/www.hoymercedes.com.ar\/principal\/wp-content\/uploads\/2015\/08\/massa-mercedes-inundados-2015.jpg?resize=525%2C300&ssl=1 1.5x"},"classes":[]},{"id":43898,"url":"https:\/\/www.hoymercedes.com.ar\/principal\/2015\/08\/11\/la-peor-inundacion-de-los-ultimos-25-anos-en-imagenes-por-dento\/","url_meta":{"origin":43866,"position":1},"title":"La peor inundaci\u00f3n de los \u00faltimos 25 a\u00f1os, en imagenes, por dentro","author":"hoymercedes","date":"11 agosto, 2015","format":false,"excerpt":"Adem\u00e1s de la colecta iniciada en las instalaciones del Canal Local y de Fm La Tribuna en conjunto con los periodistas de la ciudad la se\u00f1al local de Cablevisi\u00f3n realiz\u00f3 una recorrida por el interior de la inundaci\u00f3n en una lancha en momentos en que se realizaba asistencia a los\u2026","rel":"","context":"En \u00abSociedad\u00bb","block_context":{"text":"Sociedad","link":"https:\/\/www.hoymercedes.com.ar\/principal\/category\/sociedad\/"},"img":{"alt_text":"","src":"https:\/\/i0.wp.com\/www.hoymercedes.com.ar\/principal\/wp-content\/uploads\/2015\/08\/620-nundacion-11.08.15012.jpg?resize=350%2C200&ssl=1","width":350,"height":200,"srcset":"https:\/\/i0.wp.com\/www.hoymercedes.com.ar\/principal\/wp-content\/uploads\/2015\/08\/620-nundacion-11.08.15012.jpg?resize=350%2C200&ssl=1 1x, https:\/\/i0.wp.com\/www.hoymercedes.com.ar\/principal\/wp-content\/uploads\/2015\/08\/620-nundacion-11.08.15012.jpg?resize=525%2C300&ssl=1 1.5x"},"classes":[]},{"id":37332,"url":"https:\/\/www.hoymercedes.com.ar\/principal\/2014\/10\/29\/inundacion-selva-pidio-apoyo-ciudadano-y-remarco-sera-peor-que-la-del-2012\/","url_meta":{"origin":43866,"position":2},"title":"Inundaci\u00f3n: Selva pidi\u00f3 apoyo ciudadano y remarc\u00f3: \u201cSer\u00e1 peor que la del 2012\u201d","author":"hoymercedes","date":"29 octubre, 2014","format":false,"excerpt":"El intendente Carlos Selva junto a todo el equipo de Defensa Civil y funcionarios brind\u00f3 una conferencia de prensa donde explic\u00f3 que la situaci\u00f3n de Mercedes empeorar\u00e1 en las pr\u00f3ximas horas por el escurrimiento de agua y sostuvo \u201cSer\u00e1 peor que la del 2012\u201d a la vez que pidi\u00f3 \u201ccolaboraci\u00f3n\u2026","rel":"","context":"En \u00abMunicipio\u00bb","block_context":{"text":"Municipio","link":"https:\/\/www.hoymercedes.com.ar\/principal\/category\/municipio\/"},"img":{"alt_text":"selva.inundados-29.10.2014-2","src":"https:\/\/i0.wp.com\/www.hoymercedes.com.ar\/principal\/wp-content\/uploads\/2014\/10\/selva.inundados-29.10.2014-2.jpg?resize=350%2C200","width":350,"height":200,"srcset":"https:\/\/i0.wp.com\/www.hoymercedes.com.ar\/principal\/wp-content\/uploads\/2014\/10\/selva.inundados-29.10.2014-2.jpg?resize=350%2C200 1x, https:\/\/i0.wp.com\/www.hoymercedes.com.ar\/principal\/wp-content\/uploads\/2014\/10\/selva.inundados-29.10.2014-2.jpg?resize=525%2C300 1.5x"},"classes":[]},{"id":18069,"url":"https:\/\/www.hoymercedes.com.ar\/principal\/2012\/11\/21\/700-atendidos-en-mercedes-post-inundacion\/","url_meta":{"origin":43866,"position":3},"title":"700 atendidos en Mercedes post inundaci\u00f3n","author":"hoymercedes","date":"21 noviembre, 2012","format":false,"excerpt":"En conferencia de prensa durante el d\u00eda de ayer el intendente Carlos Selva y la Directora de Salud Liliana Masserio hicieron un balance de las atenciones efectuadas en los trailers de salud de la Provincia y de la comuna post inundaci\u00f3n. La tarea fue \u00a0de prevenci\u00f3n post inundaci\u00f3n, atendiendo e\u2026","rel":"","context":"En \u00abMunicipio\u00bb","block_context":{"text":"Municipio","link":"https:\/\/www.hoymercedes.com.ar\/principal\/category\/municipio\/"},"img":{"alt_text":"","src":"","width":0,"height":0},"classes":[]},{"id":37387,"url":"https:\/\/www.hoymercedes.com.ar\/principal\/2014\/10\/30\/imagenes-y-datos-del-agua-que-ascendia-y-complicaba\/","url_meta":{"origin":43866,"position":4},"title":"Im\u00e1genes y datos del agua que ascend\u00eda y complicaba","author":"hoymercedes","date":"30 octubre, 2014","format":false,"excerpt":"A pesar de que durante el d\u00eda no llovi\u00f3, tal como estaba previsto, el agua continu\u00f3 ascendiendo, generando lo que se consider\u00f3 la peor inundaci\u00f3n de los \u00faltimos a\u00f1os. En diversos puntos de la ciudad la situaci\u00f3n era muy complicada. 61 y 6, 61 y 10, barrio Pe\u00f1aloza, Marchetti, Malvinas,\u2026","rel":"","context":"En \u00abSociedad\u00bb","block_context":{"text":"Sociedad","link":"https:\/\/www.hoymercedes.com.ar\/principal\/category\/sociedad\/"},"img":{"alt_text":"Inundacion.30.10.2014DSC_0383","src":"https:\/\/i0.wp.com\/www.hoymercedes.com.ar\/principal\/wp-content\/uploads\/2014\/10\/Inundacion.30.10.2014DSC_0383.jpg?resize=350%2C200","width":350,"height":200,"srcset":"https:\/\/i0.wp.com\/www.hoymercedes.com.ar\/principal\/wp-content\/uploads\/2014\/10\/Inundacion.30.10.2014DSC_0383.jpg?resize=350%2C200 1x, https:\/\/i0.wp.com\/www.hoymercedes.com.ar\/principal\/wp-content\/uploads\/2014\/10\/Inundacion.30.10.2014DSC_0383.jpg?resize=525%2C300 1.5x"},"classes":[]},{"id":37451,"url":"https:\/\/www.hoymercedes.com.ar\/principal\/2014\/11\/01\/el-peor-final-encuentran-el-cuerpo-de-nahuel-victima-de-la-inundacion\/","url_meta":{"origin":43866,"position":5},"title":"El peor final: encuentran el cuerpo de Nahuel, v\u00edctima de la inundaci\u00f3n","author":"hoymercedes","date":"1 noviembre, 2014","format":false,"excerpt":"En el d\u00eda de hoy se conoci\u00f3 la peor de las noticias. Se trata del hallazgo sin vida del cuerpo del menor Nahuel Reyes, que estaba desaparecido desde hac\u00eda casi dos d\u00edas tras trastabillar en zona inundada, cuando estaba dejando el lugar donde viv\u00eda para irse a un centro de\u2026","rel":"","context":"En \u00abSociedad\u00bb","block_context":{"text":"Sociedad","link":"https:\/\/www.hoymercedes.com.ar\/principal\/category\/sociedad\/"},"img":{"alt_text":"hallazgocuerpo-nahuelreyes","src":"https:\/\/i0.wp.com\/www.hoymercedes.com.ar\/principal\/wp-content\/uploads\/2014\/11\/hallazgocuerpo-nahuelreyes.jpg?resize=350%2C200","width":350,"height":200,"srcset":"https:\/\/i0.wp.com\/www.hoymercedes.com.ar\/principal\/wp-content\/uploads\/2014\/11\/hallazgocuerpo-nahuelreyes.jpg?resize=350%2C200 1x, https:\/\/i0.wp.com\/www.hoymercedes.com.ar\/principal\/wp-content\/uploads\/2014\/11\/hallazgocuerpo-nahuelreyes.jpg?resize=525%2C300 1.5x"},"classes":[]}],"_links":{"self":[{"href":"https:\/\/www.hoymercedes.com.ar\/principal\/wp-json\/wp\/v2\/posts\/43866","targetHints":{"allow":["GET"]}}],"collection":[{"href":"https:\/\/www.hoymercedes.com.ar\/principal\/wp-json\/wp\/v2\/posts"}],"about":[{"href":"https:\/\/www.hoymercedes.com.ar\/principal\/wp-json\/wp\/v2\/types\/post"}],"author":[{"embeddable":true,"href":"https:\/\/www.hoymercedes.com.ar\/principal\/wp-json\/wp\/v2\/users\/1"}],"replies":[{"embeddable":true,"href":"https:\/\/www.hoymercedes.com.ar\/principal\/wp-json\/wp\/v2\/comments?post=43866"}],"version-history":[{"count":0,"href":"https:\/\/www.hoymercedes.com.ar\/principal\/wp-json\/wp\/v2\/posts\/43866\/revisions"}],"wp:featuredmedia":[{"embeddable":true,"href":"https:\/\/www.hoymercedes.com.ar\/principal\/wp-json\/wp\/v2\/media\/43867"}],"wp:attachment":[{"href":"https:\/\/www.hoymercedes.com.ar\/principal\/wp-json\/wp\/v2\/media?parent=43866"}],"wp:term":[{"taxonomy":"category","embeddable":true,"href":"https:\/\/www.hoymercedes.com.ar\/principal\/wp-json\/wp\/v2\/categories?post=43866"},{"taxonomy":"post_tag","embeddable":true,"href":"https:\/\/www.hoymercedes.com.ar\/principal\/wp-json\/wp\/v2\/tags?post=43866"}],"curies":[{"name":"wp","href":"https:\/\/api.w.org\/{rel}","templated":true}]}}